{"id":5633,"date":"2012-04-22T14:50:28","date_gmt":"2012-04-22T19:50:28","guid":{"rendered":"https:\/\/radiozapatista.org\/?p=5633"},"modified":"2012-04-22T14:50:28","modified_gmt":"2012-04-22T19:50:28","slug":"accion-urgente-por-intimidacion-a-nataniel-hernandez-observatorio-para-la-proteccion-de-los-defensores-de-derechos-humanos","status":"publish","type":"post","link":"https:\/\/radiozapatista.org\/?p=5633","title":{"rendered":"Acci\u00f3n urgente por intimidaci\u00f3n a Nataniel Hern\u00e1ndez: Observatorio para la Protecci\u00f3n de los Defensores de Derechos Humanos"},"content":{"rendered":"<p><\/p>\n<div>M\u00e9xico: Actos de intimidaci\u00f3n contra el Sr. Nataniel Hern\u00e1ndez N\u00fa\u00f1ez<\/div>\n<div>LLAMADO URGENTE &#8211; EL OBSERVATORIO<\/div>\n<div>MEX 003 \/ 0412 \/ OBS 033<\/div>\n<div>Actos de intimidaci\u00f3n<\/div>\n<div>M\u00e9xico<\/div>\n<div>12 de abril de 2012<\/div>\n<div><\/div>\n<div>El Observatorio  para la Protecci\u00f3n de los Defensores de Derechos Humanos, programa  conjunto de la Organizaci\u00f3n Mundial Contra la Tortura (OMCT) y de la  Federaci\u00f3n Internacional de Derechos Humanos (FIDH), solicita su  intervenci\u00f3n urgente ante la siguiente situaci\u00f3n en M\u00e9xico.<\/div>\n<div>Descripci\u00f3n de la situaci\u00f3n:<\/div>\n<div>El  Observatorio ha recibido con grave preocupaci\u00f3n informaci\u00f3n del Centro  de Derechos Humanos \u201cFray Bartolom\u00e9 de las Casas\u201d sobre los actos de  intimidaci\u00f3n realizados contra el Sr. Nataniel Hern\u00e1ndez N\u00fa\u00f1ez, Director  del Centro de Derechos Humanos Digna Ochoa (CDH Digna Ochoa) [1], por  parte de funcionarios del Gobierno del Estado de Chiapas, M\u00e9xico.<\/div>\n<div>De acuerdo con  las informaciones recibidas, el 27 de marzo de 2012, el Sr. Hern\u00e1ndez  N\u00fa\u00f1ez recibi\u00f3 varios mensajes en su tel\u00e9fono celular enviados desde el  n\u00famero oficial del celular del Sr. Antonio Gamboa, Subsecretario de  Gobierno y Derechos Humanos del Gobierno del Estado de Chiapas. El  primer mensaje dec\u00eda: \u201cSigo luchando por asunto y me dicen que vas a  reincidir. No te compliques. Ya es cuesti\u00f3n de d\u00edas para resolver\u201d; el  segundo, \u201dque vas a bloquear\u201d; el tercero, \u201cal que delinque se le  persigue\u201d; el cuarto, \u201cno delincas\u201d; y el quinto y \u00faltimo, \u201ceres una  persona que bloquea carreteras. Eres abogado. Me asombra que no sepas  que es delito impedir el transito sin importar \u201cplanteamientos\u201d\u201d.<\/div>\n<div>Posteriormente  en el mismo d\u00eda, el Sr. Hern\u00e1ndez N\u00fa\u00f1ez recibi\u00f3 otros dos mensajes v\u00eda  tel\u00e9fono celular des del n\u00famero oficial del celular del Sr. Sa\u00edn Cruz  Trinidad, Subsecretario de Gobierno de la Regi\u00f3n Istmo Costa del Estado  de Chiapas, que dec\u00edan: \u201camigo, te hablo con mucho respeto en nombre del  Sr. Secretario General de Gobierno &#8211; Sr. No\u00e9 Casta\u00f1\u00f3n Le\u00f3n &#8211; nos ayudes  a que no se lleve a cabo el paro carretero del 29 ay\u00fadanos para que no  afectes a terceros\u201d y \u201cay\u00fadanos a mantener la paz en Chiapas amigo\u201d.<\/div>\n<div>Tambi\u00e9n ese  mismo d\u00eda, el Sr. Nataniel Hern\u00e1ndez recibi\u00f3 una serie de llamadas a las  que no respondi\u00f3 por tratarse de un n\u00famero desconocido. Posteriormente,  se supo que el n\u00famero pertenece a la oficina de la Delegaci\u00f3n  Pijijiapan, Subsecretar\u00eda de Gobierno de la Regi\u00f3n Istmo Costa,  encabezada por el Sr. Mario Ramon Becerra.<\/div>\n<div>Las  intimidaciones hac\u00edan referencia al bloqueo de carreteras y las  movilizaciones previstas para el 29 de marzo para exigir las  reivindicaciones listadas en un comunicado publicado el 27 de marzo,  entre \u00e9stas el cese al hostigamiento judicial y a la cancelaci\u00f3n de  ordenes de aprensi\u00f3n y procesos penales que se han instaurado en contra  de quienes forman parte de la Red Nacional de Resistencia Civil contra  las Altas Tarifas de Luz. Cabe destacar que, el 27 de marzo, el Consejo  Aut\u00f3nomo Regional de la Zona Costa de Chiapas, que recibe el apoyo del  CDH Digna Ochoa, estaba en fase de planificaci\u00f3n de las acciones  convocadas para el d\u00eda 29 de marzo.<\/div>\n<div>Tambi\u00e9n cabe  a\u00f1adir que el Sr. Nataniel Hern\u00e1ndez N\u00fa\u00f1ez se vio forzado a trasladarse  fuera del Estado de Chiapas, desde el a\u00f1o pasado y hasta inicios de este  a\u00f1o, por temor a una eventual detenci\u00f3n debido a varios procesos  judiciales pendientes en su contra , en el contexto de los cuales se han  dictado \u00f3rdenes de aprehensi\u00f3n [2].<\/div>\n<div>El Observatorio  condena y manifiesta su seria preocupaci\u00f3n por la continuaci\u00f3n de los  actos de intimidaci\u00f3n contra el Sr. Nataniel Hern\u00e1ndez N\u00fa\u00f1ez y teme, una  vez m\u00e1s, que est\u00e9n motivados por sus actividades en defensa de los  derechos humanos.<\/div>\n<div>Acci\u00f3n solicitada:<\/div>\n<div>Favor dirigirse a las autoridades de M\u00e9xico urgi\u00e9ndolas a:<\/div>\n<div>i. \u00a0 \u00a0 \u00a0adoptar de manera inmediata las  medidas m\u00e1s apropiadas para garantizar la seguridad y la integridad  f\u00edsica y psicol\u00f3gica del Sr. Nataniel Hern\u00e1ndez N\u00fa\u00f1ez, de todos los  integrantes del Centro de Derechos Humanos Digna Ochoa y m\u00e1s  generalmente de todos los defensores de derechos humanos de M\u00e9xico;<\/div>\n<div>ii. \u00a0 \u00a0 velar  por que se ponga fin a todo tipo de hostigamiento, incluyendo a nivel  judicial, contra el Sr. Nataniel Hern\u00e1ndez N\u00fa\u00f1ez, los integrantes del  Centro de Derechos Humanos Digna Ochoa, los dem\u00e1s defensores de derechos  humanos en el Estado de Chiapas y, m\u00e1s generalmente, en M\u00e9xico;<\/div>\n<div>iii. \u00a0 asegurar  la aplicaci\u00f3n de lo dispuesto por la Declaraci\u00f3n sobre los Defensores  de los Derechos Humanos de la ONU, en particular en lo referente al:<\/div>\n<div>&#8211; \u00a0 \u00a0 \u00a0 \u00a0Art\u00edculo 1: \u201cToda persona tiene derecho, individual o  colectivamente, a promover y procurar la protecci\u00f3n y realizaci\u00f3n de los  derechos humanos y las libertades fundamentales en los planos nacional e  internacional\u201d;<\/div>\n<div>&#8211; \u00a0 \u00a0 \u00a0 \u00a0Art\u00edculo 5: \u201cA fin de promover y  proteger los derechos humanos y las libertades fundamentales, toda  persona tiene derecho, individual o colectivamente, en el plano nacional  e internacional: a) A reunirse o manifestarse pac\u00edficamente; b) A  formar organizaciones, asociaciones o grupos no gubernamentales, y a  afiliarse a ellos o a participar en ellos;<\/div>\n<div>&#8211; \u00a0 \u00a0 \u00a0 \u00a0Art\u00edculo 12.2: \u201cEl Estado garantizar\u00e1  la protecci\u00f3n por las autoridades competentes de toda persona,  individual o colectivamente, frente a toda violencia, amenaza,  represalia, discriminaci\u00f3n, negativa de hecho o de derecho, presi\u00f3n o  cualquier otra acci\u00f3n arbitraria resultante del ejercicio leg\u00edtimo de  los derechos mencionados en la presente Declaraci\u00f3n\u201d;<\/div>\n<div>iv. \u00a0 \u00a0de  manera general, garantizar el respeto por los derechos humanos y las  libertades fundamentales en todo el pa\u00eds de conformidad con las normas  internacionales de derechos humanos ratificadas por M\u00e9xico.<\/div>\n<div>Direcciones:<\/div>\n<div>\u2022\tSe\u00f1or  Presidente Felipe de Jes\u00fas Calder\u00f3n Hinojosa, Residencia Oficial de los  Pinos, Casa Miguel Alem\u00e1n, Col. San Miguel Chapultepec, C.P. 11850,  M\u00e9xico DF. Tel.: + 52 5527891100 FAX: + 52 5552772376; + 52 5527891113.  E-mail: <a href=\"mailto:felipe.calderon@presidencia.gob.mx\" target=\"_blank\">felipe.calderon@presidencia.gob.mx<\/a><\/div>\n<div>\u2022\tDr.  Alejandro Poir\u00e9, Secretario de Gobernaci\u00f3n (Ministro del Interior)  Bucareli 99, 1er. piso, Col. Ju\u00e1rez, Delegaci\u00f3n Cuauht\u00e9moc, M\u00e9xico D.F.,  C.P. 06600, M\u00e9xico, FAX (55) 5093 34 14 <a href=\"mailto:E-mail%3Asecretario@segob.gob.mx\" target=\"_blank\">E-mail:secretario@segob.gob.mx<\/a>,<\/div>\n<div>\u2022\tLic.  Omeheira L\u00f3pez Reyna. Titular de la Unidad para la Promoci\u00f3n y Defensa  de los Derechos Humanos de la Secretar\u00eda de Gobernaci\u00f3n E-mail: <a href=\"mailto:romeheira@segob.gob.mx\" target=\"_blank\">romeheira@segob.gob.mx<\/a>; <a href=\"mailto:upddh@segob.gob.mx\" target=\"_blank\">upddh@segob.gob.mx<\/a><\/div>\n<div>\u2022\tLicenciada  Marisela Morales Iba\u00f1ez, Procuradora General de la Rep\u00fablica. Av. Paseo  de la Reforma n\u00ba 211-213, Piso 16 Col. Cuauht\u00e9moc, Del. Cuauht\u00e9moc  M\u00e9xico D.F., C.P. 06500, M\u00e9xico. Tel\u00e9fono: +52 55 53 46 01 60. Fax: +52  55 53 46 09 08. E-mail: <a href=\"mailto:ofproc@pgr.gob.mx\" target=\"_blank\">ofproc@pgr.gob.mx<\/a><\/div>\n<div>\u2022\tDr.  Ra\u00fal Plascencia Villanueva, Presidente de la Comisi\u00f3n Nacional de  Derechos Humanos, Edificio \u201cH\u00e9ctor Fix Zamudio\u201d, Blvd. Adolfo L\u00f3pez  Mateos 1922, 6\u00b0piso, Col. Tlacopac San Angel, Delegaci\u00f3n \u00c1lvaro Obreg\u00f3n,  C.P. 01040, Tels. y fax: (55) 56 81 81 25 y 54 90 74 00 Fax: + 52 0155  36 68 07 67 E-mail: <a href=\"mailto:correo@cndh.org.mx\" target=\"_blank\">correo@cndh.org.mx<\/a><\/div>\n<div>\u2022\tLicenciado  Juan Jos\u00e9 Sabines Guerrero, Gobernador Constitucional del Estado de  Chiapas, Palacio de Gobierno del Estado de Chiapas, 1er Piso Av. Central  y Primera Oriente, Colonia Centro, C.P. 29009 Tuxtla Guti\u00e9rrez,  Chiapas, M\u00e9xico, Fax: +52 961 61 88088 \/ + 52 961 6188056 Extensi\u00f3n  21120. 21122 E-mail: <a href=\"mailto:secparticular@chiapas.gob.mx\" target=\"_blank\">secparticular@chiapas.gob.mx<\/a><\/div>\n<div>\u2022\tDr.  No\u00e9 Casta\u00f1\u00f3n Le\u00f3n, Secretario General de Gobierno del Estado de Chiapas  Palacio de Gobierno del Estado de Chiapas, 2do Piso Av. Central y  Primera Oriente, Colonia Centro, C.P. 29009 Tuxtla Guti\u00e9rrez, Chiapas,  M\u00e9xico Conmutador: + 52 (961) 61 2-90-47, 61 8-74-60 Extensi\u00f3n: 20003.  E-mail: <a href=\"mailto:secretario@secgobierno.chiapas.gob.mx\" target=\"_blank\">secretario@secgobierno.chiapas.gob.mx<\/a><\/div>\n<div>\u2022\tLic.  Maria Susana Palacios Garc\u00eda, Procuradur\u00eda General de Justicia de  Chiapas, Libramiento Norte Y Rosa Del Oriente, No. 2010, Col. El Bosque,  C.P. 29049 Tuxtla Guti\u00e9rrez, Chiapas. Conmutador: 01 (961) 6-17-23-00.  Tel\u00e9fono: + 52 (961) 61 6-53-74, 61 6-53-76, 61 6-57-24,61 6-34-50,  E-mail: <a href=\"mailto:mpalacios@pgje.chiapas.gob.mx\" target=\"_blank\">mpalacios@pgje.chiapas.gob.mx<\/a><\/div>\n<div>\u2022\tSr.  Embajador Juan Jos\u00e9 G\u00f3mez Camacho, Misi\u00f3n Permanente de M\u00e9xico ante las  Naciones Unidas en Ginebra, 15 chemin Louis-Dunant. 1202, Ginebra,  Suiza. FAX: + 41 22 748 07 08 E-mail: <a href=\"mailto:mission.mexico@ties.itu.int\" target=\"_blank\">mission.mexico@ties.itu.int<\/a><\/div>\n<div>\u2022\tSra.  Sandra Camila Fuentes Berain Villenave, Embajadora de M\u00e9xico en las  Comunidades Europeas, y Observadora Permanente de M\u00e9xico ante el Consejo  de Europa 94 avenue F.D. Roosevelt, 1050 Bruselas, B\u00e9lgica. Fax: +32 2  644 08 19. Tel. + 32 2 629 07 77 E-mail : <a href=\"mailto:embamex@embamex.eu\" target=\"_blank\">embamex@embamex.eu<\/a><\/div>\n<div>Favor escribir tambi\u00e9n a las Representaciones Diplom\u00e1ticas de M\u00e9xico en sus respectivos pa\u00edses.<\/div>\n<div>***<\/div>\n<div>Ginebra-Par\u00eds, 12 de abril de 2012.<\/div>\n<div>Favor informarnos sobre cualquier acci\u00f3n emprendida, citando el c\u00f3digo de este llamado en su respuesta.<\/div>\n<div>El  Observatorio, programa conjunto de la OMCT y de la FIDH, est\u00e1 destinado a  la protecci\u00f3n de los defensores de los derechos humanos v\u00edctimas de  violaciones y a proporcionarles una ayuda cotidiana tan concreta como  sea posible.<\/div>\n<div>Para contactar el Observatorio, comun\u00edquese a la L\u00ednea de Urgencia:<\/div>\n<div>\u2022 E-mail: <a href=\"mailto:Appeals@fidh-omct.org\" target=\"_blank\">Appeals@fidh-omct.org<\/a><\/div>\n<div>\u2022 Tel. y fax OMCT: + 41 22 809.49.39 \/ 809.49.29<\/div>\n<div>\u2022 Tel. y fax FIDH: (+33 1) 43 55.25.18 \/ 4355.18.80<\/div>\n<p><\/p>","protected":false},"excerpt":{"rendered":"<p>M\u00e9xico: Actos de intimidaci\u00f3n contra el Sr. Nataniel Hern\u00e1ndez N\u00fa\u00f1ez LLAMADO URGENTE &#8211; EL OBSERVATORIO MEX 003 \/ 0412 \/ OBS 033 Actos de intimidaci\u00f3n M\u00e9xico 12 de abril de 2012 El Observatorio para la Protecci\u00f3n de los Defensores de Derechos Humanos, programa conjunto de la Organizaci\u00f3n Mundial Contra la Tortura (OMCT) y de la [&hellip;]<\/p>\n","protected":false},"author":1,"featured_media":0,"comment_status":"open","ping_status":"open","sticky":false,"template":"","format":"standard","meta":{"footnotes":""},"categories":[183],"tags":[200,58],"class_list":["post-5633","post","type-post","status-publish","format-standard","hentry","category-blog","tag-consejo-autonomo-de-la-costa","tag-derechos-humanos"],"_links":{"self":[{"href":"https:\/\/radiozapatista.org\/index.php?rest_route=\/wp\/v2\/posts\/5633","targetHints":{"allow":["GET"]}}],"collection":[{"href":"https:\/\/radiozapatista.org\/index.php?rest_route=\/wp\/v2\/posts"}],"about":[{"href":"https:\/\/radiozapatista.org\/index.php?rest_route=\/wp\/v2\/types\/post"}],"author":[{"embeddable":true,"href":"https:\/\/radiozapatista.org\/index.php?rest_route=\/wp\/v2\/users\/1"}],"replies":[{"embeddable":true,"href":"https:\/\/radiozapatista.org\/index.php?rest_route=%2Fwp%2Fv2%2Fcomments&post=5633"}],"version-history":[{"count":0,"href":"https:\/\/radiozapatista.org\/index.php?rest_route=\/wp\/v2\/posts\/5633\/revisions"}],"wp:attachment":[{"href":"https:\/\/radiozapatista.org\/index.php?rest_route=%2Fwp%2Fv2%2Fmedia&parent=5633"}],"wp:term":[{"taxonomy":"category","embeddable":true,"href":"https:\/\/radiozapatista.org\/index.php?rest_route=%2Fwp%2Fv2%2Fcategories&post=5633"},{"taxonomy":"post_tag","embeddable":true,"href":"https:\/\/radiozapatista.org\/index.php?rest_route=%2Fwp%2Fv2%2Ftags&post=5633"}],"curies":[{"name":"wp","href":"https:\/\/api.w.org\/{rel}","templated":true}]}}