{"id":56097,"date":"2026-09-03T19:12:10","date_gmt":"2026-09-04T01:12:10","guid":{"rendered":"https:\/\/radiozapatista.org\/?p=56097"},"modified":"2026-09-03T19:12:10","modified_gmt":"2026-09-04T01:12:10","slug":"agreden-al-foro-cultural-kinoki-en-chiapas-por-exibir-la-bandera-palestina-firma-el-pronunciamiento","status":"publish","type":"post","link":"https:\/\/radiozapatista.org\/?p=56097","title":{"rendered":"Agreden al foro cultural Kinoki en Chiapas por exibir la bandera palestina (firma el pronunciamiento)"},"content":{"rendered":"\n<p class=\"wp-block-paragraph\">En San Crist\u00f3bal de Las Casas, Chiapas, individuos, colectivos y organizaciones se organizan para expresar su solidaridad con la comunidad del foro cultural independiente Kinoki y sus compa\u00f1erxs, ante la agresi\u00f3n sufrida en su espacio por mostrar p\u00fablicamente su solidaridad con el pueblo palestino. Un individuo lleg\u00f3 al espacio para insultar, intimidar, arrancar por la fuerza la bandera palestina y escupir a una compa\u00f1era.<\/p>\n\n\n\n<p class=\"wp-block-paragraph\">Esta agresi\u00f3n no es un hecho aislado. En San Crist\u00f3bal, otros espacios y personas que levantan la bandera palestina han sido agredidos, como fue el caso de las compa\u00f1eras de la liber\u00eda La Cosecha, as\u00ed como en distintas acciones solidarias realizadas en espacios p\u00fablicos.<\/p>\n\n\n\n<p class=\"wp-block-paragraph\">Por eso individuos y organizaciones solidarias decimos con claridad: No permitiremos que el miedo determine qu\u00e9 pueblos podemos nombrar, qu\u00e9 luchas podemos acompa\u00f1ar ni qu\u00e9 banderas podemos levantar.<\/p>\n\n\n\n<p class=\"wp-block-paragraph\">La bandera palestina volvi\u00f3 a su lugar. Y ah\u00ed seguir\u00e1.<\/p>\n\n\n\n<p class=\"wp-block-paragraph\"><strong>SUMA TU FIRMA AL PRONUNCIAMIENTO<\/strong> (lee el texto del pronunciamiento abajo)<\/p>\n\n\n\n<p class=\"wp-block-paragraph\"><a href=\"https:\/\/docs.google.com\/forms\/d\/e\/1FAIpQLSe7tsxBQrupLE5ofeoAmSkw2Aikc4OPqpBb8PochKYqCWOnhg\/viewform?usp=publish-editor\">https:\/\/docs.google.com\/forms\/d\/e\/1FAIpQLSe7tsxBQrupLE5ofeoAmSkw2Aikc4OPqpBb8PochKYqCWOnhg\/viewform?usp=publish-editor<\/a><\/p>\n\n\n\n<p class=\"wp-block-paragraph\">La convocatoria est\u00e1 dirigida principalmente a personas que habitan en San Crist\u00f3bal de Las Casas, pero pueden firmar tambi\u00e9n personas, colectivos y organizaciones solidarias desde cualquier parte de M\u00e9xico y del mundo.<\/p>\n\n\n\n<p class=\"wp-block-paragraph\">Tenemos \u00fanicamente 24 HORAS para cerrar la lista de firmas; o sea, hasta las 6 pm del 4 de septiembre para mandar el formulario.<\/p>\n\n\n\n<p class=\"wp-block-paragraph\">Quienes organizan piden tres cosas:<\/p>\n\n\n\n<p class=\"wp-block-paragraph\">1\ufe0f\u20e3 Firma el pronunciamiento.<br>2\ufe0f\u20e3 Comparte esta convocatoria con tus contactos, colectivos, organizaciones y espacios.<br>3\ufe0f\u20e3 Ay\u00fadanos a que llegue a quienes no est\u00e1n dispuestxs a mirar hacia otro lado.<\/p>\n\n\n\n<p class=\"wp-block-paragraph\">Si quieren miedo, encontrar\u00e1n organizaci\u00f3n.<br>Si quieren aislamiento, encontrar\u00e1n comunidad.<\/p>\n\n\n\n<p class=\"wp-block-paragraph\">A Kinoki: no est\u00e1n solxs.<\/p>\n\n\n\n<p class=\"wp-block-paragraph\">A Palestina: les vemos, les escuchamos y les abrazamos.<\/p>\n\n\n\n<p class=\"wp-block-paragraph\">No olvidamos.<br>No nos acostumbramos.<br>No miramos hacia otro lado.<\/p>\n\n\n\n<p class=\"wp-block-paragraph\">Seguiremos nombrando a Palestina.<br>Seguiremos levantando su bandera.<br>Seguiremos acompa\u00f1ando su resistencia.<\/p>\n\n\n\n<hr class=\"wp-block-separator has-alpha-channel-opacity\"\/>\n\n\n\n<h3 class=\"wp-block-heading has-text-align-center\">SI TOCAN A UN ESPACIO DE SOLIDARIDAD CON PALESTINA, NOS TOCAN A TODXS<\/h3>\n\n\n\n<p class=\"wp-block-paragraph\">Desde los espacios, colectivos, organizaciones y personas que en San Crist\u00f3bal de Las Casas caminamos en solidaridad con el pueblo palestino, abrazamos a la comunidad de <strong>Kinoki<\/strong> y a sus compa\u00f1erxs ante la agresi\u00f3n que sufrieron.<\/p>\n\n\n\n<p class=\"wp-block-paragraph\">Un individuo lleg\u00f3 a su espacio para insultar, intimidar, arrancar por la fuerza la bandera palestina y escupir a una compa\u00f1era.<\/p>\n\n\n\n<p class=\"wp-block-paragraph\">Que quede claro: <strong>eso no es una opini\u00f3n. Es un acto de violencia.<\/strong><br>Y frente a la violencia vamos a responder con organizaci\u00f3n y apoyo mutuo.<br>Porque la bandera palestina que ondea en Kinoki es una muestra de resistencia y solidaridad desde este rinc\u00f3n del mundo con el digno pueblo palestino.<\/p>\n\n\n\n<p class=\"wp-block-paragraph\">Sabemos que no es la primera vez que un espacio o una persona es agredida por mostrar su solidaridad con el pueblo palestino aqu\u00ed en San Crist\u00f3bal de Las Casas. Recordamos lo que sucedi\u00f3 con nuestras compas de La Cosecha y las m\u00faltiples ocasiones que, en otros espacios, han sido agredidos verbal o f\u00edsicamente. Tambi\u00e9n recordamos las reacciones violentas que se han desatado ante acciones solidarias con el pueblo palestino en el centro o en otros espacios p\u00fablicos. Por lo cual esto no es una acci\u00f3n aislada sino una forma sistem\u00e1tica de c\u00f3mo el sionismo se manifiesta en todo el mundo. De tal manera que la consigna de lo que sucede en Gaza sucede en tu casa est\u00e1 m\u00e1s viva que nunca.<\/p>\n\n\n\n<p class=\"wp-block-paragraph\">El trabajo que ha hecho el Kinoki y otros tantos espacios, organizaciones y colectivos es el intento de que la memoria de un pueblo al que pretenden borrar no suceda.<br>Es la solidaridad con la dignidad de quienes resisten al despojo.<\/p>\n\n\n\n<p class=\"wp-block-paragraph\">Es estar con el grito de quienes siguen viviendo, enterrando a sus muertos y defendiendo su tierra.<\/p>\n\n\n\n<p class=\"wp-block-paragraph\">Pero tambi\u00e9n es nuestra propia memoria: la de los pueblos que han conocido el despojo, la ocupaci\u00f3n, el racismo y la violencia.<\/p>\n\n\n\n<p class=\"wp-block-paragraph\">Por eso la bandera volvi\u00f3 a su lugar y s\u00edmbolo de un mundo nuevo y otro.<\/p>\n\n\n\n<p class=\"wp-block-paragraph\">Queremos decirle a la comunidad de Kinoki: <strong>no est\u00e1n solxs.<\/strong><\/p>\n\n\n\n<p class=\"wp-block-paragraph\">Aqu\u00ed estamos compas.<br>Estamos quienes abrimos las puertas de nuestros espacios para hablar de Palestina.<br>Quienes proyectamos sus historias.<br>Quienes levantamos su bandera.<br>Quienes hacemos m\u00fasica, talleres, encuentros, murales y palabras para acompa\u00f1ar una lucha que no cabe dentro de las fronteras.<br>Estamos quienes sabemos que la solidaridad no pide permiso y menos a quien all\u00e1 arriba ordena.<\/p>\n\n\n\n<p class=\"wp-block-paragraph\">Desde San Crist\u00f3bal rechazamos cualquier intento de imponer el miedo sobre nuestros espacios comunitarios y culturales. No permitiremos que la intimidaci\u00f3n determine qu\u00e9 pueblos podemos nombrar, qu\u00e9 luchas podemos acompa\u00f1ar ni qu\u00e9 banderas podemos levantar.<\/p>\n\n\n\n<p class=\"wp-block-paragraph\"><strong>Si quieren miedo, encontrar\u00e1n organizaci\u00f3n.<\/strong><br><strong>Si quieren aislamiento, encontrar\u00e1n comunidad.<\/strong><\/p>\n\n\n\n<p class=\"wp-block-paragraph\">A la comunidad palestina y al pueblo palestino les decimos, desde este rinc\u00f3n de Chiapas:<\/p>\n\n\n\n<p class=\"wp-block-paragraph\"><strong>Les vemos, les escuchamos y les abrazamos.<\/strong><br>No olvidamos.<br>No nos acostumbramos.<br>No miramos hacia otro lado.<br>Seguiremos nombrando a Palestina.<br>Seguiremos levantando su bandera.<br>Seguiremos acompa\u00f1ando su resistencia.<br>Porque hay pueblos que luchan por vivir y pueblos que eligen no ser indiferentes.<br><strong>Nosotrxs ya elegimos.<\/strong><br><strong>\u00a1Palestina libre! \ud83c\uddf5\ud83c\uddf8<\/strong><br><strong>\u00a1Alto al genocidio!<\/strong><\/p>\n\n\n\n<p class=\"wp-block-paragraph\"><strong>\u00a1Viva la solidaridad entre los pueblos!<\/strong><br><strong>\u00a1Kinoki no est\u00e1 solx!<\/strong><br><strong>\u00a1Desde San Crist\u00f3bal, Palestina est\u00e1 presente! \ud83c\uddf5\ud83c\uddf8<\/strong><br><strong>Firma: espacios, colectivos, organizaciones y personas solidarias de San Crist\u00f3bal de Las Casas.<\/strong><\/p>\n","protected":false},"excerpt":{"rendered":"<p>En San Crist\u00f3bal de Las Casas, Chiapas, individuos, colectivos y organizaciones se organizan para expresar su solidaridad con la comunidad del foro cultural independiente Kinoki y sus compa\u00f1erxs, ante la agresi\u00f3n sufrida en su espacio por mostrar p\u00fablicamente su solidaridad con el pueblo palestino. Un individuo lleg\u00f3 al espacio para insultar, intimidar, arrancar por la [&hellip;]<\/p>\n","protected":false},"author":1,"featured_media":56098,"comment_status":"open","ping_status":"closed","sticky":false,"template":"","format":"standard","meta":{"footnotes":""},"categories":[6,1327,190],"tags":[917,112,1395,27],"class_list":["post-56097","post","type-post","status-publish","format-standard","has-post-thumbnail","hentry","category-chiapas","category-palestina","category-radiozapatista","tag-chiapas","tag-palestina","tag-sionismo","tag-solidaridad"],"_links":{"self":[{"href":"https:\/\/radiozapatista.org\/index.php?rest_route=\/wp\/v2\/posts\/56097","targetHints":{"allow":["GET"]}}],"collection":[{"href":"https:\/\/radiozapatista.org\/index.php?rest_route=\/wp\/v2\/posts"}],"about":[{"href":"https:\/\/radiozapatista.org\/index.php?rest_route=\/wp\/v2\/types\/post"}],"author":[{"embeddable":true,"href":"https:\/\/radiozapatista.org\/index.php?rest_route=\/wp\/v2\/users\/1"}],"replies":[{"embeddable":true,"href":"https:\/\/radiozapatista.org\/index.php?rest_route=%2Fwp%2Fv2%2Fcomments&post=56097"}],"version-history":[{"count":1,"href":"https:\/\/radiozapatista.org\/index.php?rest_route=\/wp\/v2\/posts\/56097\/revisions"}],"predecessor-version":[{"id":56099,"href":"https:\/\/radiozapatista.org\/index.php?rest_route=\/wp\/v2\/posts\/56097\/revisions\/56099"}],"wp:featuredmedia":[{"embeddable":true,"href":"https:\/\/radiozapatista.org\/index.php?rest_route=\/wp\/v2\/media\/56098"}],"wp:attachment":[{"href":"https:\/\/radiozapatista.org\/index.php?rest_route=%2Fwp%2Fv2%2Fmedia&parent=56097"}],"wp:term":[{"taxonomy":"category","embeddable":true,"href":"https:\/\/radiozapatista.org\/index.php?rest_route=%2Fwp%2Fv2%2Fcategories&post=56097"},{"taxonomy":"post_tag","embeddable":true,"href":"https:\/\/radiozapatista.org\/index.php?rest_route=%2Fwp%2Fv2%2Ftags&post=56097"}],"curies":[{"name":"wp","href":"https:\/\/api.w.org\/{rel}","templated":true}]}}