{"id":5606,"date":"2012-04-20T10:53:36","date_gmt":"2012-04-20T15:53:36","guid":{"rendered":"https:\/\/radiozapatista.org\/?p=5606"},"modified":"2012-05-03T18:28:28","modified_gmt":"2012-05-03T23:28:28","slug":"comunicado-de-san-sebastian-bachajon-primera-parte","status":"publish","type":"post","link":"https:\/\/radiozapatista.org\/?p=5606","title":{"rendered":"Comunicado de San Sebasti\u00e1n Bachaj\u00f3n &#8211; PRIMERA PARTE"},"content":{"rendered":"<p>[podcast]https:\/\/radiozapatista.org\/Audios\/SSB_comunicado1.mp3[\/podcast]<\/p>\n<p><a href=\"https:\/\/radiozapatista.org\/?p=5639\"><strong>SEGUNDA PARTE aqu\u00ed<\/strong><\/a>.<\/p>\n<p>(<a href=\"https:\/\/radiozapatista.org\/?p=5627\">Lee el pronunciamiento de la Red contra la Represi\u00f3n y por la Solidaridad en Chiapas y del Grupo de Trabajo No Estamos Todxs<\/a>)<\/p>\n<p><strong><em>Lee el comunicado abajo<\/em><\/strong>: <!--more--><\/p>\n<p style=\"text-align: right;\">San Sebasti\u00e1n Bachaj\u00f3n<br \/>\nAdherentes a la Sexta Declaraci\u00f3n de la Selva Lacandona<br \/>\nChiapas, M\u00e9xico. 2 de abril de 2012.<\/p>\n<p style=\"text-align: right;\"><strong>COMUNICADO: PRIMERA PARTE<\/strong><\/p>\n<p><strong>Al Movimiento Por Justicia del Barrio de Nueva York y sus aliados de todo el mundo.<br \/>\nA los defensores de derechos humanos nacional e internacional<br \/>\nA la otra campa\u00f1a nacional e internacional<br \/>\nA la sociedad civil<br \/>\nA la opini\u00f3n p\u00fablica<br \/>\nA los medios de comunicaci\u00f3n masivos e alternativos<br \/>\nAl pueblo de M\u00e9xico y del mundo<\/strong><\/p>\n<p>Por los actos del mal gobierno, un reencuentro con nuestro pasado y su historia.<\/p>\n<p>Para ir identificando al verdadero responsable de todas las injusticias que d\u00eda a d\u00eda se est\u00e1n cometiendo en nuestro pueblo, de c\u00f3mo el mal gobierno tuvo mucho que ver, de c\u00f3mo fue instruyendo a personas, asesorando y manipulando por proyectos, comprando conciencias, para ir ganando campo en el control del territorio en cada pueblo y comunidad, para manejar a la sociedad a su antojo.<\/p>\n<p>San Sebasti\u00e1n Bachaj\u00f3n, un pueblo muy digno en sus tradiciones para realizar fiestas de carnaval, en la adoraci\u00f3n de sus santos patronos San Jer\u00f3nimo y San Sebasti\u00e1n Bachaj\u00f3n. El respeto que se daban unos y otros era m\u00e1s que esencial que ven\u00eda de nuestros ancestros, la creencia de nuestros abuelos mayas en la adoraci\u00f3n y el respeto a nuestra madre tierra, cuevas, cerros, manantiales, el culto a la siembra, la adoraci\u00f3n de la Santa Cruz, en cuanto a la religi\u00f3n no era mucho la secta religiosa, como ahora.<\/p>\n<p>Para nombrar a sus autoridades quien los representaba, eran dirigidos por principales, en el manejo de los recursos econ\u00f3micos era transparente y equitativo, en cuanto a la resoluci\u00f3n de conflictos familiar y social se arreglaban en base a los usos y costumbres, porque no exist\u00eda ministerios p\u00fablicos ni jueces, los \u00fanicos autoridades eran principales ancianos que controlaban el pueblo, en cuanto al uso y la raz\u00f3n.<\/p>\n<p>En aquellos tiempos no se comet\u00edan encarcelamientos injustos, violaciones, secuestros, asesinatos, desapariciones forzadas, desalojos, el pueblo era normal, m\u00e1s tranquilo, se respiraba la paz y la armon\u00eda, ni exist\u00eda violaciones de derechos humanos, nuestros antepasados eran m\u00e1s dignos.<\/p>\n<p>Ahora que existen leyes hay mucha inseguridad en los pueblos y comunidades por que la ley no est\u00e1 hecha para nosotros los pobres, sino para los que tienen, los ricos latifundistas, la pol\u00edtica de los partidos pol\u00edticos fue transformando el tiempo, desintegrando el pueblo d\u00eda a d\u00eda, despu\u00e9s de que nuestros antepasados hicieron su revoluci\u00f3n.<\/p>\n<p>La guerra de la conquista parece ser una historia, cuando la realidad es otra, la nueva guerra camuflageada, una conquista por el control territorial de los recursos naturales, la invasi\u00f3n y la ambici\u00f3n de los pol\u00edticos que quieren adue\u00f1arse de nuestra cultura y de nuestro pueblo y sus ciudades, pol\u00edticos que se est\u00e1n aferrando violentamente para obtener lo que quieren sin importar los costos humanos que dejan durante su paso en las elecciones, el verdadero responsable.<\/p>\n<p>El gobierno y sus partidos pol\u00edticos, en noviembre de 1979 a 1982, cuando fue comisariado ejidal don Mariano Moreno Guzm\u00e1n, fue nombrado representante del ejido, logr\u00f3 las documentaciones ejidales y la certificaci\u00f3n de derechos de los ejidatarios, no era tanto el inter\u00e9s sino la importancia sobre el futuro del ejido, as\u00ed ven\u00edan arrastrando la impunidad de quienes quer\u00edan sacarle provecho a los recursos naturales.<\/p>\n<p>Nuestros antepasados a cambio de sus trabajos se logr\u00f3 lo que se ten\u00eda que lograr para nuestras futuras generaciones.<\/p>\n<p style=\"text-align: center;\"><strong>Atentamente<\/strong><\/p>\n<p style=\"text-align: center;\"><strong>Tierra y Libertad<\/strong><\/p>\n<p style=\"text-align: center;\"><strong>Zapata vive, la lucha sigue<\/strong><\/p>\n<p style=\"text-align: center;\"><strong><br \/>\n<\/strong><\/p>\n<p style=\"text-align: center;\"><a href=\"https:\/\/radiozapatista.org\/wp-content\/uploads\/2012\/04\/120420_ssb_historia_1.jpg\"><img loading=\"lazy\" decoding=\"async\" class=\"aligncenter size-medium wp-image-5609\" title=\"120420_ssb_historia_1\" src=\"https:\/\/radiozapatista.org\/wp-content\/uploads\/2012\/04\/120420_ssb_historia_1-232x300.jpg\" alt=\"\" width=\"232\" height=\"300\" srcset=\"https:\/\/radiozapatista.org\/wp-content\/uploads\/2012\/04\/120420_ssb_historia_1-232x300.jpg 232w, https:\/\/radiozapatista.org\/wp-content\/uploads\/2012\/04\/120420_ssb_historia_1.jpg 612w\" sizes=\"auto, (max-width: 232px) 100vw, 232px\" \/><\/a><\/p>\n<p style=\"text-align: center;\"><a href=\"https:\/\/radiozapatista.org\/wp-content\/uploads\/2012\/04\/120420_ssb_historia_2.jpg\"><img loading=\"lazy\" decoding=\"async\" class=\"aligncenter size-medium wp-image-5610\" title=\"120420_ssb_historia_2\" src=\"https:\/\/radiozapatista.org\/wp-content\/uploads\/2012\/04\/120420_ssb_historia_2-231x300.jpg\" alt=\"\" width=\"231\" height=\"300\" srcset=\"https:\/\/radiozapatista.org\/wp-content\/uploads\/2012\/04\/120420_ssb_historia_2-231x300.jpg 231w, https:\/\/radiozapatista.org\/wp-content\/uploads\/2012\/04\/120420_ssb_historia_2-232x300.jpg 232w, https:\/\/radiozapatista.org\/wp-content\/uploads\/2012\/04\/120420_ssb_historia_2.jpg 612w\" sizes=\"auto, (max-width: 231px) 100vw, 231px\" \/><\/a><\/p>\n<p><\/p>","protected":false},"excerpt":{"rendered":"<p>[podcast]https:\/\/radiozapatista.org\/Audios\/SSB_comunicado1.mp3[\/podcast] SEGUNDA PARTE aqu\u00ed. (Lee el pronunciamiento de la Red contra la Represi\u00f3n y por la Solidaridad en Chiapas y del Grupo de Trabajo No Estamos Todxs) Lee el comunicado abajo:<\/p>\n","protected":false},"author":1,"featured_media":0,"comment_status":"open","ping_status":"open","sticky":false,"template":"","format":"standard","meta":{"footnotes":""},"categories":[1,6,190],"tags":[61],"class_list":["post-5606","post","type-post","status-publish","format-standard","hentry","category-audio","category-chiapas","category-radiozapatista","tag-bachajon"],"_links":{"self":[{"href":"https:\/\/radiozapatista.org\/index.php?rest_route=\/wp\/v2\/posts\/5606","targetHints":{"allow":["GET"]}}],"collection":[{"href":"https:\/\/radiozapatista.org\/index.php?rest_route=\/wp\/v2\/posts"}],"about":[{"href":"https:\/\/radiozapatista.org\/index.php?rest_route=\/wp\/v2\/types\/post"}],"author":[{"embeddable":true,"href":"https:\/\/radiozapatista.org\/index.php?rest_route=\/wp\/v2\/users\/1"}],"replies":[{"embeddable":true,"href":"https:\/\/radiozapatista.org\/index.php?rest_route=%2Fwp%2Fv2%2Fcomments&post=5606"}],"version-history":[{"count":0,"href":"https:\/\/radiozapatista.org\/index.php?rest_route=\/wp\/v2\/posts\/5606\/revisions"}],"wp:attachment":[{"href":"https:\/\/radiozapatista.org\/index.php?rest_route=%2Fwp%2Fv2%2Fmedia&parent=5606"}],"wp:term":[{"taxonomy":"category","embeddable":true,"href":"https:\/\/radiozapatista.org\/index.php?rest_route=%2Fwp%2Fv2%2Fcategories&post=5606"},{"taxonomy":"post_tag","embeddable":true,"href":"https:\/\/radiozapatista.org\/index.php?rest_route=%2Fwp%2Fv2%2Ftags&post=5606"}],"curies":[{"name":"wp","href":"https:\/\/api.w.org\/{rel}","templated":true}]}}