{"id":56053,"date":"2026-09-01T20:25:56","date_gmt":"2026-09-02T02:25:56","guid":{"rendered":"https:\/\/radiozapatista.org\/?p=56053"},"modified":"2026-09-01T20:25:58","modified_gmt":"2026-09-02T02:25:58","slug":"comunidades-indigenas-toman-autopistas-y-geotermoelectrica-exigiendo-cuidado-al-medio-ambiente-seguridad-y-justicia-csim","status":"publish","type":"post","link":"https:\/\/radiozapatista.org\/?p=56053","title":{"rendered":"Comunidades ind\u00edgenas toman autopistas y geotermoel\u00e9ctrica exigiendo cuidado al medio ambiente, seguridad y justicia #CSIM\u00a0"},"content":{"rendered":"\n<p class=\"wp-block-paragraph\">\u00a1Nuestra lucha es por la vida, la salud, el medio ambiente, la seguridad y la justicia! #CSIM<\/p>\n\n\n\n<p class=\"wp-block-paragraph\">A LAS COMUNIDADES Y PUEBLOS ORIGINARIOS<\/p>\n\n\n\n<p class=\"wp-block-paragraph\">AL PUEBLO DE M\u00c9XICO Y DE MICHOAC\u00c1N<\/p>\n\n\n\n<p class=\"wp-block-paragraph\">A LOS MEDIOS DE COMUNICACI\u00d3N<\/p>\n\n\n\n<p class=\"wp-block-paragraph\">AL GOBIERNO DE LA REP\u00daBLICA<\/p>\n\n\n\n<p class=\"wp-block-paragraph\">AL GOBIERNO DE MICHOAC\u00c1N<\/p>\n\n\n\n<p class=\"wp-block-paragraph\">Comunidades ind\u00edgenas y afromexicanas de #Michoac\u00e1n a 1 de septiembre de 2026.<\/p>\n\n\n\n<p class=\"wp-block-paragraph\">Iretecheri K\u00b4eri Kunkorhekua, el Consejo Supremo Ind\u00edgena de Michoac\u00e1n #CSIM, consejo libre y aut\u00f3nomo de los pueblos originarios de la entidad, independiente de gobiernos, partidos pol\u00edticos y \u00f3rdenes religiosas, conformado por 80 pueblos p\u2019urh\u00e9pecha, otom\u00ed o h\u00f1ah\u00f1\u00fa, matlazinca o pirinda, nahuatl y afromexicanos, en el marco del 2do Informe de Gobierno de la Presidencia de la Rep\u00fablica, manifestamos colectivamente lo siguiente:<\/p>\n\n\n\n<p class=\"wp-block-paragraph\">Por decisi\u00f3n de Asamblea de Autoridades Tradicionales, se acuerda la movilizaci\u00f3n general del CSIM, por medio de tomas de autopistas y carreteras de manera pac\u00edfica, lo anterior en defensa de lagos, r\u00edos y medio ambiente, por la paz, la seguridad y la verdadera justicia de las comunidades originarias y en exigencia de que los Gobiernos Federal y Estatal cumplan con los acuerdos establecidos con los pueblos originarios.<\/p>\n\n\n\n<p class=\"wp-block-paragraph\">Las autopistas tomadas son:<\/p>\n\n\n\n<p class=\"wp-block-paragraph\">\u25aa\ufe0f Autopista Morelia-Guadalajara en la Caseta de Panindicuaro.<\/p>\n\n\n\n<p class=\"wp-block-paragraph\">\u25aa\ufe0f Autopista Morelia-Uruapan en la Caseta de Zirahu\u00e9n.<\/p>\n\n\n\n<p class=\"wp-block-paragraph\">\u25aa\ufe0f Autopista Uruapan-Lazaro Cardenas en la Caseta de Taretan.<\/p>\n\n\n\n<p class=\"wp-block-paragraph\">\u25aa\ufe0f Carretera Federal L\u00e1zaro C\u00e1rdenas-Colima a la altura de la comunidad afromexicana de El Ticuiz.<\/p>\n\n\n\n<p class=\"wp-block-paragraph\">\u25aa\ufe0fInstalaciones de la Geotermoel\u00e9ctrica los Azufres.<\/p>\n\n\n\n<p class=\"wp-block-paragraph\">Ofrecemos disculpas al pueblo de Michoac\u00e1n, pero el gobierno solo simula atender a las comunidades y no resuelve los problemas, por lo que no nos dejan otro camino, m\u00e1s que exigir nuestros derechos de manera organizada y colectiva, Pliego petitorio:<\/p>\n\n\n\n<p class=\"wp-block-paragraph\">\u25aa\ufe0f\u00a1Alto a la crisis de salud y ambiental que padecen las comunidades del Oriente de Michoac\u00e1n por la contaminaci\u00f3n de la Geotermoel\u00e9ctrica de los Azufres! Exigimos la renuncia de la Directora General de la Comisi\u00f3n Federal de Electricidad #CFE Emilia Esther Calleja Alor, por su indolencia e incapacidad para atender la problem\u00e1tica.<\/p>\n\n\n\n<p class=\"wp-block-paragraph\">\u25aa\ufe0fDemandamos la creaci\u00f3n de un Comit\u00e9 Interinstitucional para Salvaguardar el Lago de Zirahu\u00e9n, si no hacemos algo en 20 a\u00f1os se encontrar\u00e1 en peligro de desaparecer. No m\u00e1s lagos y r\u00edos contaminados.<\/p>\n\n\n\n<p class=\"wp-block-paragraph\">\u25aa\ufe0f\u00a1Libertad a la guardiana de los bosques Mar\u00eda Cruz Paz Zamora! \u00a1Basta de criminalizar a las defensoras del medio ambiente!\u00a1En Michoac\u00e1n cuidar los bosques te cuesta la libertad o la vida!<\/p>\n\n\n\n<p class=\"wp-block-paragraph\">\u25aa\ufe0f\u00a1No a la simulaci\u00f3n, exigimos consultas apropiadas y bajo los est\u00e1ndares internacionales para las comunidades sobre la ley general de derechos de los pueblos ind\u00edgenas, la m\u00e1xima autoridad de las comunidades son las asambleas generales y es ellas a quienes se debe de consultar, no \u00fanicamente a las autoridades, la ley es discriminatoria, burocratiza la autodeterminaci\u00f3n y representa un retroceso en la lucha por el territorio.<\/p>\n\n\n\n<p class=\"wp-block-paragraph\">\u25aa\ufe0fExigimos juicio pol\u00edtico para el presidente municipal de Coahuayana Andr\u00e9s Rafael Aguilar Mendoza, por crear grupos de choque en la comunidad afromexicana de El Ticuiz y operar en contra de las autonom\u00edas de los pueblos.<\/p>\n\n\n\n<p class=\"wp-block-paragraph\">\u25aa\ufe0f\u00a1Paz, seguridad y justicia! \u00a1Estamos hartos de la impunidad, la inseguridad y la incapacidad gubernamental! \u00a1El Plan Michoac\u00e1n es un fracaso, la inseguridad sigue rampante en todas partes y el Gobierno Federal, no atiende, ni escucha a las comunidades.<\/p>\n\n\n\n<p class=\"wp-block-paragraph\">\u25aa\ufe0fCumplimiento a los acuerdos establecidos con los pueblos ind\u00edgenas por parte del Gobierno Federal y Estatal en materia de infraestructura, salud, educaci\u00f3n, campo y transporte<\/p>\n\n\n\n<p class=\"wp-block-paragraph\">CONSEJO SUPREMO IND\u00cdGENA DE MICHOAC\u00c1N #CSIM<\/p>\n\n\n\n<figure class=\"wp-block-image size-large\"><img loading=\"lazy\" decoding=\"async\" width=\"1024\" height=\"575\" src=\"https:\/\/radiozapatista.org\/wp-content\/uploads\/2026\/09\/CSIM_autopista-1-1024x575.jpeg\" alt=\"\" class=\"wp-image-56055\" srcset=\"https:\/\/radiozapatista.org\/wp-content\/uploads\/2026\/09\/CSIM_autopista-1-1024x575.jpeg 1024w, https:\/\/radiozapatista.org\/wp-content\/uploads\/2026\/09\/CSIM_autopista-1-350x196.jpeg 350w, https:\/\/radiozapatista.org\/wp-content\/uploads\/2026\/09\/CSIM_autopista-1-768x431.jpeg 768w, https:\/\/radiozapatista.org\/wp-content\/uploads\/2026\/09\/CSIM_autopista-1.jpeg 1270w\" sizes=\"auto, (max-width: 1024px) 100vw, 1024px\" \/><\/figure>\n\n\n\n<figure class=\"wp-block-image size-large\"><img loading=\"lazy\" decoding=\"async\" width=\"791\" height=\"1024\" src=\"https:\/\/radiozapatista.org\/wp-content\/uploads\/2026\/09\/CSIM_comunicado-791x1024.jpeg\" alt=\"\" class=\"wp-image-56056\" srcset=\"https:\/\/radiozapatista.org\/wp-content\/uploads\/2026\/09\/CSIM_comunicado-791x1024.jpeg 791w, https:\/\/radiozapatista.org\/wp-content\/uploads\/2026\/09\/CSIM_comunicado-232x300.jpeg 232w, https:\/\/radiozapatista.org\/wp-content\/uploads\/2026\/09\/CSIM_comunicado-768x994.jpeg 768w, https:\/\/radiozapatista.org\/wp-content\/uploads\/2026\/09\/CSIM_comunicado-1187x1536.jpeg 1187w, https:\/\/radiozapatista.org\/wp-content\/uploads\/2026\/09\/CSIM_comunicado.jpeg 1236w\" sizes=\"auto, (max-width: 791px) 100vw, 791px\" \/><\/figure>\n","protected":false},"excerpt":{"rendered":"<p>\u00a1Nuestra lucha es por la vida, la salud, el medio ambiente, la seguridad y la justicia! #CSIM A LAS COMUNIDADES Y PUEBLOS ORIGINARIOS AL PUEBLO DE M\u00c9XICO Y DE MICHOAC\u00c1N A LOS MEDIOS DE COMUNICACI\u00d3N AL GOBIERNO DE LA REP\u00daBLICA AL GOBIERNO DE MICHOAC\u00c1N Comunidades ind\u00edgenas y afromexicanas de #Michoac\u00e1n a 1 de septiembre de [&hellip;]<\/p>\n","protected":false},"author":21,"featured_media":56054,"comment_status":"open","ping_status":"closed","sticky":false,"template":"","format":"standard","meta":{"footnotes":""},"categories":[957,51,826,958,954,935],"tags":[58,53,567,147,545,87,148,27,483],"class_list":["post-56053","post","type-post","status-publish","format-standard","has-post-thumbnail","hentry","category-autonomia","category-autor","category-medios-libres-2","category-megaproyectos","category-mexico","category-temas","tag-derechos-humanos","tag-justicia","tag-megaproyectos","tag-militarizacion","tag-pueblos-indigenas","tag-represion","tag-resistencia","tag-solidaridad","tag-tierra-y-territorio"],"_links":{"self":[{"href":"https:\/\/radiozapatista.org\/index.php?rest_route=\/wp\/v2\/posts\/56053","targetHints":{"allow":["GET"]}}],"collection":[{"href":"https:\/\/radiozapatista.org\/index.php?rest_route=\/wp\/v2\/posts"}],"about":[{"href":"https:\/\/radiozapatista.org\/index.php?rest_route=\/wp\/v2\/types\/post"}],"author":[{"embeddable":true,"href":"https:\/\/radiozapatista.org\/index.php?rest_route=\/wp\/v2\/users\/21"}],"replies":[{"embeddable":true,"href":"https:\/\/radiozapatista.org\/index.php?rest_route=%2Fwp%2Fv2%2Fcomments&post=56053"}],"version-history":[{"count":1,"href":"https:\/\/radiozapatista.org\/index.php?rest_route=\/wp\/v2\/posts\/56053\/revisions"}],"predecessor-version":[{"id":56057,"href":"https:\/\/radiozapatista.org\/index.php?rest_route=\/wp\/v2\/posts\/56053\/revisions\/56057"}],"wp:featuredmedia":[{"embeddable":true,"href":"https:\/\/radiozapatista.org\/index.php?rest_route=\/wp\/v2\/media\/56054"}],"wp:attachment":[{"href":"https:\/\/radiozapatista.org\/index.php?rest_route=%2Fwp%2Fv2%2Fmedia&parent=56053"}],"wp:term":[{"taxonomy":"category","embeddable":true,"href":"https:\/\/radiozapatista.org\/index.php?rest_route=%2Fwp%2Fv2%2Fcategories&post=56053"},{"taxonomy":"post_tag","embeddable":true,"href":"https:\/\/radiozapatista.org\/index.php?rest_route=%2Fwp%2Fv2%2Ftags&post=56053"}],"curies":[{"name":"wp","href":"https:\/\/api.w.org\/{rel}","templated":true}]}}