{"id":56047,"date":"2026-08-31T13:54:09","date_gmt":"2026-08-31T19:54:09","guid":{"rendered":"https:\/\/radiozapatista.org\/?p=56047"},"modified":"2026-08-31T13:54:10","modified_gmt":"2026-08-31T19:54:10","slug":"primer-foro-el-olivo-y-la-ceiba-chiapas-con-palestina","status":"publish","type":"post","link":"https:\/\/radiozapatista.org\/?p=56047","title":{"rendered":"Primer foro &#8220;El olivo y la ceiba&#8221;: Chiapas con Palestina"},"content":{"rendered":"\n<p class=\"wp-block-paragraph\">Dos \u00e1rboles, una misma ra\u00edz de resistencia. El olivo palestino y la ceiba maya se encuentran para tejer ra\u00edces de memoria, an\u00e1lisis y solidaridad desde el sureste mexicano.<\/p>\n\n\n\n<p class=\"wp-block-paragraph\">En San Crist\u00f3bal de Las Casas, se organiza el pr\u00f3ximo Foro &#8220;El olivo y la Ceiba&#8221;, dedicado a la reflexi\u00f3n y an\u00e1lisis sobre el sionismo y los intereses que lo sostienen.<\/p>\n\n\n\n<p class=\"wp-block-paragraph\">El foro se llevar\u00e1 a cabo en el Auditorio de la Facultad de Sociales de la UNACH, San Crist\u00f3bal de las Casas, Chiapas, en dos momentos: <\/p>\n\n\n\n<p class=\"wp-block-paragraph\">D\u00eda 1 \u2014 5 de septiembre, 12pm<\/p>\n\n\n\n<ul class=\"wp-block-list\">\n<li>Cooperaci\u00f3n entre el sionismo y el gobierno del estado de Chiapas<\/li>\n\n\n\n<li>Genocidio Verde: el Ecocidio en Palestina<\/li>\n\n\n\n<li>Iglesias evang\u00e9licas: sionismo cristiano en Chiapas<\/li>\n<\/ul>\n\n\n\n<p class=\"wp-block-paragraph\">D\u00eda 2 \u2014 12 de septiembre, 12pm<\/p>\n\n\n\n<ul class=\"wp-block-list\">\n<li>Turismo sionista, voluntariados y lavado de imagen (H\u00e9roes por la Vida)<\/li>\n\n\n\n<li>Juda\u00edsmo y sionismo<\/li>\n\n\n\n<li>Antifascismo, Antiimperialismo, Antisionismo<\/li>\n<\/ul>\n\n\n\n<p class=\"wp-block-paragraph\">Convocan: Nodo Solidario, CCOIPC, Acci\u00f3n Palestina Chiapas, Otros Mundos Chiapas<\/p>\n\n\n\n<figure class=\"wp-block-gallery has-nested-images columns-default is-cropped wp-block-gallery-1 is-layout-flex wp-block-gallery-is-layout-flex\">\n<figure class=\"wp-block-image size-medium\"><a href=\"https:\/\/radiozapatista.org\/wp-content\/uploads\/2026\/08\/foro1.jpeg\"><img loading=\"lazy\" decoding=\"async\" width=\"194\" height=\"300\" data-id=\"56049\" src=\"https:\/\/radiozapatista.org\/wp-content\/uploads\/2026\/08\/foro1-194x300.jpeg\" alt=\"\" class=\"wp-image-56049\" srcset=\"https:\/\/radiozapatista.org\/wp-content\/uploads\/2026\/08\/foro1-194x300.jpeg 194w, https:\/\/radiozapatista.org\/wp-content\/uploads\/2026\/08\/foro1-664x1024.jpeg 664w, https:\/\/radiozapatista.org\/wp-content\/uploads\/2026\/08\/foro1-768x1185.jpeg 768w, https:\/\/radiozapatista.org\/wp-content\/uploads\/2026\/08\/foro1-996x1536.jpeg 996w, https:\/\/radiozapatista.org\/wp-content\/uploads\/2026\/08\/foro1.jpeg 1037w\" sizes=\"auto, (max-width: 194px) 100vw, 194px\" \/><\/a><\/figure>\n\n\n\n<figure class=\"wp-block-image size-medium\"><a href=\"https:\/\/radiozapatista.org\/wp-content\/uploads\/2026\/08\/foro2.jpg\"><img loading=\"lazy\" decoding=\"async\" width=\"240\" height=\"300\" data-id=\"56048\" src=\"https:\/\/radiozapatista.org\/wp-content\/uploads\/2026\/08\/foro2-240x300.jpg\" alt=\"\" class=\"wp-image-56048\" srcset=\"https:\/\/radiozapatista.org\/wp-content\/uploads\/2026\/08\/foro2-240x300.jpg 240w, https:\/\/radiozapatista.org\/wp-content\/uploads\/2026\/08\/foro2-819x1024.jpg 819w, https:\/\/radiozapatista.org\/wp-content\/uploads\/2026\/08\/foro2-768x961.jpg 768w, https:\/\/radiozapatista.org\/wp-content\/uploads\/2026\/08\/foro2-1228x1536.jpg 1228w, https:\/\/radiozapatista.org\/wp-content\/uploads\/2026\/08\/foro2.jpg 1279w\" sizes=\"auto, (max-width: 240px) 100vw, 240px\" \/><\/a><\/figure>\n<\/figure>\n","protected":false},"excerpt":{"rendered":"<p>Dos \u00e1rboles, una misma ra\u00edz de resistencia. El olivo palestino y la ceiba maya se encuentran para tejer ra\u00edces de memoria, an\u00e1lisis y solidaridad desde el sureste mexicano. En San Crist\u00f3bal de Las Casas, se organiza el pr\u00f3ximo Foro &#8220;El olivo y la Ceiba&#8221;, dedicado a la reflexi\u00f3n y an\u00e1lisis sobre el sionismo y los [&hellip;]<\/p>\n","protected":false},"author":1,"featured_media":56050,"comment_status":"open","ping_status":"closed","sticky":false,"template":"","format":"standard","meta":{"footnotes":""},"categories":[6,826,1327],"tags":[917,1122,112],"class_list":["post-56047","post","type-post","status-publish","format-standard","has-post-thumbnail","hentry","category-chiapas","category-medios-libres-2","category-palestina","tag-chiapas","tag-eventos","tag-palestina"],"_links":{"self":[{"href":"https:\/\/radiozapatista.org\/index.php?rest_route=\/wp\/v2\/posts\/56047","targetHints":{"allow":["GET"]}}],"collection":[{"href":"https:\/\/radiozapatista.org\/index.php?rest_route=\/wp\/v2\/posts"}],"about":[{"href":"https:\/\/radiozapatista.org\/index.php?rest_route=\/wp\/v2\/types\/post"}],"author":[{"embeddable":true,"href":"https:\/\/radiozapatista.org\/index.php?rest_route=\/wp\/v2\/users\/1"}],"replies":[{"embeddable":true,"href":"https:\/\/radiozapatista.org\/index.php?rest_route=%2Fwp%2Fv2%2Fcomments&post=56047"}],"version-history":[{"count":1,"href":"https:\/\/radiozapatista.org\/index.php?rest_route=\/wp\/v2\/posts\/56047\/revisions"}],"predecessor-version":[{"id":56051,"href":"https:\/\/radiozapatista.org\/index.php?rest_route=\/wp\/v2\/posts\/56047\/revisions\/56051"}],"wp:featuredmedia":[{"embeddable":true,"href":"https:\/\/radiozapatista.org\/index.php?rest_route=\/wp\/v2\/media\/56050"}],"wp:attachment":[{"href":"https:\/\/radiozapatista.org\/index.php?rest_route=%2Fwp%2Fv2%2Fmedia&parent=56047"}],"wp:term":[{"taxonomy":"category","embeddable":true,"href":"https:\/\/radiozapatista.org\/index.php?rest_route=%2Fwp%2Fv2%2Fcategories&post=56047"},{"taxonomy":"post_tag","embeddable":true,"href":"https:\/\/radiozapatista.org\/index.php?rest_route=%2Fwp%2Fv2%2Ftags&post=56047"}],"curies":[{"name":"wp","href":"https:\/\/api.w.org\/{rel}","templated":true}]}}