{"id":56041,"date":"2026-08-31T12:33:41","date_gmt":"2026-08-31T18:33:41","guid":{"rendered":"https:\/\/radiozapatista.org\/?p=56041"},"modified":"2026-08-31T12:34:37","modified_gmt":"2026-08-31T18:34:37","slug":"buscarles-es-una-forma-de-amarles-y-de-mantener-viva-su-memoria","status":"publish","type":"post","link":"https:\/\/radiozapatista.org\/?p=56041","title":{"rendered":"Buscarles es una forma de amarles y de mantener viva su memoria"},"content":{"rendered":"\n<p class=\"has-text-align-right wp-block-paragraph\">San Crist\u00f3bal de Las Casas, Chiapas<br>30 de agosto de 2026<\/p>\n\n\n\n<p class=\"has-text-align-center wp-block-paragraph\"><strong>Pronunciamiento<br>Buscarles es una forma de amarles y de mantener viva su memoria.<\/strong><br><strong>D\u00eda Internacional de las V\u00edctimas de Desaparici\u00f3n Forzada.<\/strong><\/p>\n\n\n\n<p class=\"wp-block-paragraph\">El d\u00eda de hoy, en las plazas del pa\u00eds, en calles, avenidas y en los espacios p\u00fablicos, las familias, colectivas y organizaciones acompa\u00f1antes gritar\u00e1n: <strong>\u00bfPor qu\u00e9 los buscamos? \u00a1porque los amamos!<\/strong><\/p>\n\n\n\n<p class=\"wp-block-paragraph\">Cada 30 de agosto, desde 1981, conmemoramos el D\u00eda Internacional de las V\u00edctimas de Desaparici\u00f3n Forzada. En este d\u00eda, recordamos a nuestros seres queridos que est\u00e1n ausentes, a las familias que luchan cada d\u00eda para encontrarles y a quienes han fallecido en la lucha por la verdad y la justicia.<\/p>\n\n\n\n<p class=\"wp-block-paragraph\">En este d\u00eda, miles de personas no est\u00e1n con sus familias; la desaparici\u00f3n en nuestro pa\u00eds no es un tema solo del pasado, sino que es una acci\u00f3n sistem\u00e1tica cont\u00ednua, ya que cada d\u00eda desaparecen entre 25 y 40 personas en M\u00e9xico.<\/p>\n\n\n\n<p class=\"wp-block-paragraph\">En M\u00e9xico el Estado sigue permitiendo la desaparici\u00f3n de personas; sigue obstaculizando el acceso a la justicia, y contin\u00faa participando activamente en este delito de lesa humanidad. Esto se ve reflejado en las crecientes cifras de desaparici\u00f3n que incrementan a\u00f1o con a\u00f1o, pero tambi\u00e9n en la profunda violencia que se ejerce hacia las colectivas de familias buscadoras, a las organizaciones y personas que les acompa\u00f1an.<\/p>\n\n\n\n<p class=\"wp-block-paragraph\">Gobierno tras gobierno, hemos denunciado con datos el aumento del n\u00famero de personas desaparecidas en Chiapas. En los \u00faltimos a\u00f1os, esta crisis se explica por la disputa y el control territorial ejercido por grupos delictivos con la tolerancia y falta de respuesta de las autoridades. A ello se suma una falsa narrativa de seguridad, planeada y orquestada desde el propio gobierno de Chiapas, que pretente negar la gravedad de esta crisis, invisibilizando a las v\u00edctimas y favoreciendo la impunidad.<\/p>\n\n\n\n<p class=\"wp-block-paragraph\">Seg\u00fan el Registro Nacional de Personas Desaparecidas y No Localizadas, hasta agosto de 2026 se han registrado 133,680 personas desaparecidas en M\u00e9xico; informes se\u00f1alan que, Chiapas, pas\u00f3 de 1,526 casos de personas desaparecidas en 2025 a m\u00e1s de 2,000 casos activos a mediados de 2026 (Red Lupa, 2026).<\/p>\n\n\n\n<!--more-->\n\n\n\n<p class=\"wp-block-paragraph\">Chiapas se encuentra entre los 28 estados del pa\u00eds que registraron un incremento en el n\u00famero de personas desaparecidas durante 2026, con un aumento del 20 % respecto de 2025. Dentro de este incremento, una proporci\u00f3n significativa corresponde a mujeres, adolescentes y ni\u00f1as, lo que evidencia la necesidad de fortalecer las acciones de prevenci\u00f3n, b\u00fasqueda, investigaci\u00f3n y atenci\u00f3n a las v\u00edctimas con perspectiva de g\u00e9nero.<\/p>\n\n\n\n<p class=\"wp-block-paragraph\">Cuando se observa el perfil de las personas afectadas, en Chiapas, las principales v\u00edctimas son hombres menores de 35 a\u00f1os y mujeres menores de 30 a\u00f1os, mientras que, entre ni\u00f1as, ni\u00f1os y adolescentes, destaca especialmente el grupo de 12 a 17 a\u00f1os. De acuerdo al informe de la Red Lupa, 404 personas ten\u00edan menos de 18 a\u00f1os cuando fueron desaparecidas de las cuales el 50.2% de esta cifra eran ni\u00f1as. Solamente en lo que va del 2026 m\u00e1s de 20 ni\u00f1as han desaparecido en Chiapas (Red Lupa, 2026).<\/p>\n\n\n\n<p class=\"wp-block-paragraph\">Tapachula es actualmente el municipio con m\u00e1s casos, seguido por Tuxtla Guti\u00e9rrez y en tercer lugar Frontera Comalapa; le siguen municipios como Comit\u00e1n de Dom\u00ednguez, Mapastepec, Jiquipilas, Pantelh\u00f3, La Concordia, San Crist\u00f3bal de Las Casas, \u00c1ngel Albino Corzo, Chicomuselo, Ocosingo, Tila, Chenalh\u00f3, Bella Vista, Motozintla, Mazapa de Madero, Villaflores, Cintalapa, Ocozocuautla, Berriozabal, Palenque, Venustiano Carranza, Las Rosas, Teopisca, Zinacant\u00e1n, Amatenango de la Frontera, La Trinitaria, Salto de Agua, Siltepec; Chamula y Nicol\u00e1s Ru\u00edz.<\/p>\n\n\n\n<p class=\"wp-block-paragraph\">El Estado mexicano tiene una profunda deuda con las familias buscadoras de todo M\u00e9xico, ya que el gobierno de M\u00e9xico sigue permitiendo la desaparici\u00f3n de personas.<\/p>\n\n\n\n<p class=\"wp-block-paragraph\">En la b\u00fasqueda de las personas desaparecidas, las familias acuden a las instituciones encargadas buscando respuestas, sin embargo, s\u00f3lo encuentran evasivas, obst\u00e1culos y falta de transparencia. Ante esta crisis, el Congreso del Estado de Chiapas tiene una oportunidad hist\u00f3rica: la creaci\u00f3n e integraci\u00f3n del primer Consejo Estatal Ciudadano de B\u00fasqueda de Personas para dar cumplimento a lo que la ley les obliga y que por muchos a\u00f1os fue un tema no prioritario para los legisladores.<\/p>\n\n\n\n<p class=\"wp-block-paragraph\">Cada persona desaparecida, cada familia buscadora, cada colectiva nos acerca cada d\u00eda a una realidad de nuestro territorio; el Estado, en todos sus niveles y en los tres poderes, tiene la obligaci\u00f3n de actuar frente a las redes criminales, de lo contrario, la violencia, que ya es cr\u00f3nica, seguir\u00e1 deteriorando el tejido social y comunitario, normalizando y justificando pr\u00e1cticas de terror que ya han marcado generaciones enteras.<\/p>\n\n\n\n<p class=\"wp-block-paragraph\">Este d\u00eda nos unimos a las acciones de miles de familias, a los cientos de colectivas en el pa\u00eds; as\u00ed como a las familias y colectivas en Chiapas; a la sociedad que nos escucha, su acci\u00f3n es importante: inf\u00f3rmense, prendan una vela, pongan una flor, compartan una ficha de b\u00fasqueda, sean emp\u00e1ticos, ac\u00e9rquense a nosotras como familia y colectivas; no compartan la indiferencia del Estado.<\/p>\n\n\n\n<p class=\"wp-block-paragraph\">Las Madres Buscadoras de M\u00e9xico nos han demostrado que la lucha es permanente y que frente a la indiferencia que se coordina y acciona desde el Estado, la dignidad es m\u00e1s grande. Son ejemplo de lucha por la verdad y la justicia para buscar a todas y todos los que nos faltan. Buscarles es una forma de amarles y de mantener viva su memoria.<\/p>\n\n\n\n<p class=\"has-text-align-center wp-block-paragraph\"><strong>\u00a1Vivos se los llevaron, Vivos los queremos!<\/strong><br><strong>\u00bfPor qu\u00e9 los buscamos?, \u00a1porque los amamos!<\/strong><\/p>\n\n\n\n<p class=\"has-text-align-center wp-block-paragraph\">\u2022Comit\u00e9 de Familias Unidas de Chiapas Buscando a Nuestros Migrantes<br>Desaparecidos \u201cJunax Ko\u00b4ntantik\u201d<br>\u2022 Familiares de Antonio Gonz\u00e1lez M\u00e9ndez<br><strong>Grupo de Trabajo contra la Desaparici\u00f3n en Chiapas:<\/strong> (Centro de Derechos Humanos Fray Bartolom\u00e9 de Las Casas (Frayba), Melel Xojobal, Red por los Derechos de las Infancias y Adolescencias en Chiapas (Redias), Servicios y Asesor\u00eda para la Paz (Serapaz), Voces Mesoamericanas, Acci\u00f3n con Pueblos Migrantes)<\/p>\n","protected":false},"excerpt":{"rendered":"<p>San Crist\u00f3bal de Las Casas, Chiapas30 de agosto de 2026 PronunciamientoBuscarles es una forma de amarles y de mantener viva su memoria.D\u00eda Internacional de las V\u00edctimas de Desaparici\u00f3n Forzada. El d\u00eda de hoy, en las plazas del pa\u00eds, en calles, avenidas y en los espacios p\u00fablicos, las familias, colectivas y organizaciones acompa\u00f1antes gritar\u00e1n: \u00bfPor qu\u00e9 [&hellip;]<\/p>\n","protected":false},"author":1,"featured_media":56043,"comment_status":"open","ping_status":"closed","sticky":false,"template":"","format":"standard","meta":{"footnotes":""},"categories":[6,1498,55,954],"tags":[244,682,925],"class_list":["post-56041","post","type-post","status-publish","format-standard","has-post-thumbnail","hentry","category-chiapas","category-desaparecidos","category-frayba","category-mexico","tag-desaparecidos","tag-desaparicion-forzada","tag-frayba"],"_links":{"self":[{"href":"https:\/\/radiozapatista.org\/index.php?rest_route=\/wp\/v2\/posts\/56041","targetHints":{"allow":["GET"]}}],"collection":[{"href":"https:\/\/radiozapatista.org\/index.php?rest_route=\/wp\/v2\/posts"}],"about":[{"href":"https:\/\/radiozapatista.org\/index.php?rest_route=\/wp\/v2\/types\/post"}],"author":[{"embeddable":true,"href":"https:\/\/radiozapatista.org\/index.php?rest_route=\/wp\/v2\/users\/1"}],"replies":[{"embeddable":true,"href":"https:\/\/radiozapatista.org\/index.php?rest_route=%2Fwp%2Fv2%2Fcomments&post=56041"}],"version-history":[{"count":2,"href":"https:\/\/radiozapatista.org\/index.php?rest_route=\/wp\/v2\/posts\/56041\/revisions"}],"predecessor-version":[{"id":56045,"href":"https:\/\/radiozapatista.org\/index.php?rest_route=\/wp\/v2\/posts\/56041\/revisions\/56045"}],"wp:featuredmedia":[{"embeddable":true,"href":"https:\/\/radiozapatista.org\/index.php?rest_route=\/wp\/v2\/media\/56043"}],"wp:attachment":[{"href":"https:\/\/radiozapatista.org\/index.php?rest_route=%2Fwp%2Fv2%2Fmedia&parent=56041"}],"wp:term":[{"taxonomy":"category","embeddable":true,"href":"https:\/\/radiozapatista.org\/index.php?rest_route=%2Fwp%2Fv2%2Fcategories&post=56041"},{"taxonomy":"post_tag","embeddable":true,"href":"https:\/\/radiozapatista.org\/index.php?rest_route=%2Fwp%2Fv2%2Ftags&post=56041"}],"curies":[{"name":"wp","href":"https:\/\/api.w.org\/{rel}","templated":true}]}}