{"id":5550,"date":"2012-04-19T18:27:28","date_gmt":"2012-04-19T23:27:28","guid":{"rendered":"https:\/\/radiozapatista.org\/?p=5550"},"modified":"2015-11-26T13:05:11","modified_gmt":"2015-11-26T19:05:11","slug":"seminario-sobre-defensa-del-territorio-y-autonomias-en-san-cristobal-de-las-casas","status":"publish","type":"post","link":"https:\/\/radiozapatista.org\/?p=5550","title":{"rendered":"Seminario sobre Defensa del Territorio y Autonom\u00edas en San Cristobal de Las Casas"},"content":{"rendered":"<p><strong>TRASMISI\u00d3N EN VIVO<\/strong> en <a href=\"http:\/\/pozol.org\" target=\"_blank\">Radio Pozol<\/a> o:  <a href=\"http:\/\/giss.tv:8001\/radiopozol.mp3.m3u\" target=\"_blank\">http:\/\/giss.tv:8001\/radiopozol.mp3.m3u<\/a><\/p>\n<p>Polic\u00eda Comunitaria de la Costa Chica y Monta\u00f1a de  Guerrero[podcast]http:\/\/archive.org\/download\/PoliciaComunitariaDeGuerreroCideciAbril2012\/pol-comu-guerrero.MP3[\/podcast]<\/p>\n<p>Comunidades Santuario para migrantes en el Sur de Estados Unidos[podcast]http:\/\/archive.org\/download\/ComunidadesSantuarioPMigrantes-SeminarioCideciAbril2012\/ComunidadesSantuarioParaMigrantesEnElSurDeEstadosUnidos.mp3[\/podcast]<\/p>\n<p>Consejo Aut\u00f3nomo Regional de la Zona Costa de Chiapas[podcast]http:\/\/archive.org\/download\/ConsejoConsejoAutonomoZonaCostaDeChiapas-SeminarioCideci-Abril2012\/ConsejoAutnomo.mp3[\/podcast]<\/p>\n<p>Asamblea de los Pueblos Ind\u00edgenas del Istmo de Tehuantepec, Oaxaca[podcast]http:\/\/archive.org\/download\/AsambleaDeLosPueblosIndigenasDelIstmoDeTehuantepec.Cideci-Abril2012\/ISTMO-OAXACA.MP3[\/podcast]<\/p>\n<p>Noticias de mi Pueblo, Guerrero[podcast]http:\/\/www.tlachinollan.org\/Descargas\/120416-Emision-1-Noticias-de-Mi-pueblo.mp3[\/podcast]<\/p>\n<p><!--more--><\/p>\n<p style=\"text-align: center;\"><a rel=\"attachment wp-att-5474\" href=\"https:\/\/radiozapatista.org\/?attachment_id=5474\"><img loading=\"lazy\" decoding=\"async\" class=\"aligncenter\" title=\"CRAC_Organizacion de los pueblos[1]\" src=\"http:\/\/www.pozol.org\/wp-content\/uploads\/2012\/04\/CRAC_Organizacion-de-los-pueblos1-300x225.jpg\" alt=\"\" width=\"300\" height=\"225\" \/><\/a><\/p>\n<p><em>Iniciativas para la Identidad y la Inclusi\u00f3n AC y el Centro de Derechos Humanos Fray Mat\u00edas de C\u00f3rdova AC<\/em>, organizaciones de la sociedad civil que promueven y defienden los derechos humanos en Chiapas, <strong>convocan al<\/strong>:<\/p>\n<h1 style=\"text-align: center;\"><strong>Seminario sobre Defensa del Territorio y Autonom\u00edas<\/strong><\/h1>\n<p>Dirigido a organizaciones sociales de base, ind\u00edgenas y campesinas en la regi\u00f3n sur de M\u00e9xico, el cual tiene por objetivos:<\/p>\n<ul>\n<li><strong>Presentar experiencias de construcci\u00f3n auton\u00f3mica y defensa de los territorios a nivel comunitario;<\/strong><\/li>\n<li><strong>Reflexionar sobre los propios procesos de construcci\u00f3n de  autonom\u00edas y defensa de los territorios en la Regi\u00f3n de la Frontera Sur  de M\u00e9xico;<\/strong><\/li>\n<li><strong>Detectar las necesidades de capacitaci\u00f3n y vinculaci\u00f3n para  fortalecer los procesos de construcci\u00f3n de la autonom\u00eda y defensa de los  territorios en la regi\u00f3n de la Frontera Sur de M\u00e9xico.<\/strong><\/li>\n<\/ul>\n<p>Participar\u00e1n compartiendo su experiencia compa\u00f1eros representantes de:<\/p>\n<blockquote>\n<ul>\n<li>La Polic\u00eda Comunitaria de la Costa Chica y Monta\u00f1a de Guerrero<\/li>\n<li>La Comunidad Pur\u00e9pecha de Cher\u00e1n, Michoac\u00e1n<\/li>\n<li>La experiencia de la moneda comunitaria \u201cTumin\u201d, de Veracruz<\/li>\n<li>El Consejo Aut\u00f3nomo Regional de la Zona Costa de Chiapas<\/li>\n<li>Las Comunidades Santuario para migrantes en el Sur de Estados Unidos<\/li>\n<\/ul>\n<\/blockquote>\n<p>El Seminario se llevar\u00e1 a cabo el<strong> 19 y 20 de abril<\/strong>, en las instalaciones de <strong>CIDECI-Unitierra<\/strong>, en San Crist\u00f3bal de Las Casas, Chiapas. Se prev\u00e9 la llegada el d\u00eda 18 y la salida el d\u00eda 21.<\/p>\n<p>El Seminario no tiene costo, se ofrecer\u00e1 alimentos y hospedaje, y se apoyar\u00e1 con los traslados a las organizaciones que <strong>previamente se inscriban a<\/strong> <a href=\"mailto:talleres@inicia.org\" target=\"_blank\">talleres@inicia.org<\/a> dirigido a Claudia Espinosa o Michael Chamberlin.<\/p>\n<p><strong>I n s c r i p c i o n e s \u00a0y \u00a0m a y o r \u00a0i n f o r m a c i \u00f3 n :<\/strong><\/p>\n<p>Tapachula 62, Barrio El Cerrillo, San Crist\u00f3bal de Las Casas, Chiapas<br \/>\nTel: (967) 6317177<\/p>\n<p><a href=\"http:\/\/fronterasurmx.org\/2012\/04\/11\/seminario-sobre-defensa-del-territorio-y-autonomias\/\">http:\/\/fronterasurmx.org\/2012\/04\/11\/seminario-sobre-defensa-del-territorio-y-autonomias\/<\/a><\/p>","protected":false},"excerpt":{"rendered":"<p>TRASMISI\u00d3N EN VIVO en Radio Pozol o: http:\/\/giss.tv:8001\/radiopozol.mp3.m3u Polic\u00eda Comunitaria de la Costa Chica y Monta\u00f1a de Guerrero[podcast]http:\/\/archive.org\/download\/PoliciaComunitariaDeGuerreroCideciAbril2012\/pol-comu-guerrero.MP3[\/podcast] Comunidades Santuario para migrantes en el Sur de Estados Unidos[podcast]http:\/\/archive.org\/download\/ComunidadesSantuarioPMigrantes-SeminarioCideciAbril2012\/ComunidadesSantuarioParaMigrantesEnElSurDeEstadosUnidos.mp3[\/podcast] Consejo Aut\u00f3nomo Regional de la Zona Costa de Chiapas[podcast]http:\/\/archive.org\/download\/ConsejoConsejoAutonomoZonaCostaDeChiapas-SeminarioCideci-Abril2012\/ConsejoAutnomo.mp3[\/podcast] Asamblea de los Pueblos Ind\u00edgenas del Istmo de Tehuantepec, Oaxaca[podcast]http:\/\/archive.org\/download\/AsambleaDeLosPueblosIndigenasDelIstmoDeTehuantepec.Cideci-Abril2012\/ISTMO-OAXACA.MP3[\/podcast] Noticias de mi Pueblo, Guerrero[podcast]http:\/\/www.tlachinollan.org\/Descargas\/120416-Emision-1-Noticias-de-Mi-pueblo.mp3[\/podcast]<\/p>\n","protected":false},"author":1,"featured_media":0,"comment_status":"open","ping_status":"open","sticky":false,"template":"","format":"standard","meta":{"footnotes":""},"categories":[1,957,51,6,954,953,196],"tags":[79,481,923,200,919,78,148,494,97],"class_list":["post-5550","post","type-post","status-publish","format-standard","hentry","category-audio","category-autonomia","category-autor","category-chiapas","category-mexico","category-mundo","category-radio-pozol","tag-autonomia","tag-cheran","tag-cideci","tag-consejo-autonomo-de-la-costa","tag-estados-unidos","tag-policia-comunitaria","tag-resistencia","tag-seminario","tag-territorio"],"_links":{"self":[{"href":"https:\/\/radiozapatista.org\/index.php?rest_route=\/wp\/v2\/posts\/5550","targetHints":{"allow":["GET"]}}],"collection":[{"href":"https:\/\/radiozapatista.org\/index.php?rest_route=\/wp\/v2\/posts"}],"about":[{"href":"https:\/\/radiozapatista.org\/index.php?rest_route=\/wp\/v2\/types\/post"}],"author":[{"embeddable":true,"href":"https:\/\/radiozapatista.org\/index.php?rest_route=\/wp\/v2\/users\/1"}],"replies":[{"embeddable":true,"href":"https:\/\/radiozapatista.org\/index.php?rest_route=%2Fwp%2Fv2%2Fcomments&post=5550"}],"version-history":[{"count":0,"href":"https:\/\/radiozapatista.org\/index.php?rest_route=\/wp\/v2\/posts\/5550\/revisions"}],"wp:attachment":[{"href":"https:\/\/radiozapatista.org\/index.php?rest_route=%2Fwp%2Fv2%2Fmedia&parent=5550"}],"wp:term":[{"taxonomy":"category","embeddable":true,"href":"https:\/\/radiozapatista.org\/index.php?rest_route=%2Fwp%2Fv2%2Fcategories&post=5550"},{"taxonomy":"post_tag","embeddable":true,"href":"https:\/\/radiozapatista.org\/index.php?rest_route=%2Fwp%2Fv2%2Ftags&post=5550"}],"curies":[{"name":"wp","href":"https:\/\/api.w.org\/{rel}","templated":true}]}}