{"id":5474,"date":"2012-03-31T18:07:15","date_gmt":"2012-04-01T00:07:15","guid":{"rendered":"https:\/\/radiozapatista.org\/?p=5474"},"modified":"2015-11-26T13:21:41","modified_gmt":"2015-11-26T19:21:41","slug":"las-voces-rebeldes-del-otro-lado","status":"publish","type":"post","link":"https:\/\/radiozapatista.org\/?p=5474","title":{"rendered":"Las voces rebeldes del Otro Lado"},"content":{"rendered":"<p>Como parte de la campa\u00f1a <strong><a href=\"http:\/\/milesderabias.blogspot.mx\/\" target=\"_blank\">Miles de Rabias, un coraz\u00f3n: Vivan las comunidades zapatistas<\/a><\/strong> y de la convocatoria <strong>Rola la lucha zapatista<\/strong>, Radio Zapatista presenta la colecci\u00f3n musical <em><strong>Las voces rebeldes del Otro Lado<\/strong><\/em>.<\/p>\n<p style=\"text-align: center;\"><em><span style=\"color: #993300;\">Las palabras de los Zapatistas han sido un grito de esperanza y motivaci\u00f3n para continuar con nuestras propias luchas en el otro lado de la frontera. Es por eso que dedicamos esta colecci\u00f3n musical a las comunidades Zapatistas, dej\u00e1ndoles saber que han sido nuestra inspiraci\u00f3n para luchar y vivir con dignidad.<\/span> <\/em><\/p>\n<p><strong> <\/strong><\/p>\n<ol>\n<li>Acteal &#8211; Guerra olvidada (4:11) [podcast]https:\/\/radiozapatista.org\/Audios\/CDvoces\/01_Acteal_Guerra olvidada.mp3[\/podcast]<\/li>\n<li>Fuga &#8211; Tierra y libertad (4:30)[podcast]https:\/\/radiozapatista.org\/Audios\/CDvoces\/02_Fuga_Tierra y libertad.mp3[\/podcast]<\/li>\n<li>Free Radicals with special guests Andrew Seifert, Michelle Yom, and Pelayo Parlade &#8211; Mosaico Zapatista (4:45)[podcast]https:\/\/radiozapatista.org\/Audios\/CDvoces\/03_Free Radicals_Mosaico zapatista.mp3[\/podcast]<\/li>\n<li>Cihuatl-Ce &#8211; Vamos (3:36)[podcast]https:\/\/radiozapatista.org\/Audios\/CDvoces\/04_Cihuatl-Ce_Vamos.mp3[\/podcast]<\/li>\n<li>Los vicios de papa &#8211; Fiesta y lucha (6:25)[podcast]https:\/\/radiozapatista.org\/Audios\/CDvoces\/05_Los vicios de papa_Fiesta y lucha.mp3[\/podcast]<\/li>\n<li>Mayazteca &#8211; Sangre iluminada 4:01[podcast]https:\/\/radiozapatista.org\/Audios\/CDvoces\/06_Mayazteca_Sangre iluminada.mp3[\/podcast]<\/li>\n<li>Quinoa Groove &#8211; La suca (4:43)[podcast]https:\/\/radiozapatista.org\/Audios\/CDvoces\/07_Quinoa Groove_La suca.mp3[\/podcast]<\/li>\n<li>B-Side Players &#8211; Paraguas (4:56)[podcast]https:\/\/radiozapatista.org\/Audios\/CDvoces\/08_B-side Players_Paraguas.mp3[\/podcast]<\/li>\n<li>Ram\u00f3n Marino &#8211; Tierra y Libertad (4:44)[podcast]https:\/\/radiozapatista.org\/Audios\/CDvoces\/09_Ramon Marino_Tierra y libertad.mp3[\/podcast]<\/li>\n<li>Para la Gente &#8211; Mexika Tiauhi (4:09)[podcast]https:\/\/radiozapatista.org\/Audios\/CDvoces\/10_Para la Gente_Mexika Tiauhi.mp3[\/podcast]<\/li>\n<li>Brown Buffalo &#8211; What&#8217;s Good (3:02)[podcast]https:\/\/radiozapatista.org\/Audios\/CDvoces\/11_Brown Buffalo_Whats good.mp3[\/podcast]<\/li>\n<li>Krudas Cubensi &#8211; Eres bella (4:02)[podcast]https:\/\/radiozapatista.org\/Audios\/CDvoces\/12_Krudas Cubensi_Eres bella.mp3[\/podcast]<\/li>\n<li>Conciencia Total &#8211; Ramona (3:45)[podcast]https:\/\/radiozapatista.org\/Audios\/CDvoces\/13_Conciencia total_Ramona.mp3[\/podcast]<\/li>\n<li>Los Nadie &#8211; La vela (5:43)[podcast]https:\/\/radiozapatista.org\/Audios\/CDvoces\/14_Los Nadie_La vela.mp3[\/podcast]<\/li>\n<li>Olmeca &#8211; A la cadencia del coraz\u00f3n (4:15)[podcast]https:\/\/radiozapatista.org\/Audios\/CDvoces\/15_Olmeca_A la cadencia del corazon.mp3[\/podcast]<\/li>\n<li>Los Grammarian Monkeys &#8211; Vientre (4:34)[podcast]https:\/\/radiozapatista.org\/Audios\/CDvoces\/16_Los Grammarian Monkeys_Vientre.mp3[\/podcast]<\/li>\n<li>Luis Rodr\u00edguez Cruz &amp; Pinkle &#8211; Exhumando al Maestro (3:16)[podcast]https:\/\/radiozapatista.org\/Audios\/CDvoces\/17_Luis Rodriguez Cruz n Pinkle_Exhumando al maestro.mp3[\/podcast]<\/li>\n<li>Adelit@s &#8211; Homenaje al pueblo de San Salvador Atenco (3:36)[podcast]https:\/\/radiozapatista.org\/Audios\/CDvoces\/18_Adelits_Homenaje a Atenco.mp3[\/podcast]<\/li>\n<li>Semilla &#8211; Semillita (1:37)[podcast]https:\/\/radiozapatista.org\/Audios\/CDvoces\/19_Semilla_Semillita.mp3[\/podcast]<\/li>\n<\/ol>\n<p><\/p>","protected":false},"excerpt":{"rendered":"<p>Como parte de la campa\u00f1a Miles de Rabias, un coraz\u00f3n: Vivan las comunidades zapatistas y de la convocatoria Rola la lucha zapatista, Radio Zapatista presenta la colecci\u00f3n musical Las voces rebeldes del Otro Lado. Las palabras de los Zapatistas han sido un grito de esperanza y motivaci\u00f3n para continuar con nuestras propias luchas en el [&hellip;]<\/p>\n","protected":false},"author":1,"featured_media":0,"comment_status":"open","ping_status":"open","sticky":false,"template":"","format":"standard","meta":{"footnotes":""},"categories":[1,6,953,190],"tags":[111,919],"class_list":["post-5474","post","type-post","status-publish","format-standard","hentry","category-audio","category-chiapas","category-mundo","category-radiozapatista","tag-ciencias-y-artes","tag-estados-unidos"],"_links":{"self":[{"href":"https:\/\/radiozapatista.org\/index.php?rest_route=\/wp\/v2\/posts\/5474","targetHints":{"allow":["GET"]}}],"collection":[{"href":"https:\/\/radiozapatista.org\/index.php?rest_route=\/wp\/v2\/posts"}],"about":[{"href":"https:\/\/radiozapatista.org\/index.php?rest_route=\/wp\/v2\/types\/post"}],"author":[{"embeddable":true,"href":"https:\/\/radiozapatista.org\/index.php?rest_route=\/wp\/v2\/users\/1"}],"replies":[{"embeddable":true,"href":"https:\/\/radiozapatista.org\/index.php?rest_route=%2Fwp%2Fv2%2Fcomments&post=5474"}],"version-history":[{"count":0,"href":"https:\/\/radiozapatista.org\/index.php?rest_route=\/wp\/v2\/posts\/5474\/revisions"}],"wp:attachment":[{"href":"https:\/\/radiozapatista.org\/index.php?rest_route=%2Fwp%2Fv2%2Fmedia&parent=5474"}],"wp:term":[{"taxonomy":"category","embeddable":true,"href":"https:\/\/radiozapatista.org\/index.php?rest_route=%2Fwp%2Fv2%2Fcategories&post=5474"},{"taxonomy":"post_tag","embeddable":true,"href":"https:\/\/radiozapatista.org\/index.php?rest_route=%2Fwp%2Fv2%2Ftags&post=5474"}],"curies":[{"name":"wp","href":"https:\/\/api.w.org\/{rel}","templated":true}]}}