{"id":54188,"date":"2026-05-01T15:50:01","date_gmt":"2026-05-01T21:50:01","guid":{"rendered":"https:\/\/radiozapatista.org\/?p=54188"},"modified":"2026-05-01T15:50:02","modified_gmt":"2026-05-01T21:50:02","slug":"urgente-participantes-de-la-flotilla-global-sumud-son-brutalizados-por-el-ejercito-israeli-tras-40-horas-en-el-mar","status":"publish","type":"post","link":"https:\/\/radiozapatista.org\/?p=54188","title":{"rendered":"URGENTE |  Participantes de la Flotilla Global Sumud son brutalizados por el ej\u00e9rcito israel\u00ed tras 40 horas en el mar"},"content":{"rendered":"\n<p>Atenas \/ Aguas griegas \u2013 Los participantes de la Flotilla Global Sumud (GSF) acaban de sobrevivir a 40 horas de crueldad premeditada a bordo de un buque de la armada de las fuerzas de ocupaci\u00f3n israel\u00edes (IOF) en aguas griegas, en un episodio que organizaciones defensoras de derechos humanos califican como pirater\u00eda y violaci\u00f3n del Derecho Internacional.<\/p>\n\n\n\n<p>Seg\u00fan el relato de los afectados, durante su cautiverio se les neg\u00f3 comida y agua suficientes, y fueron obligados a dormir en suelos que los militares inundaron deliberadamente y en repetidas ocasiones.<\/p>\n\n\n\n<p>La situaci\u00f3n escal\u00f3 cuando los soldados intentaron secuestrar a dos participantes: Saif Abukeshek (Espa\u00f1a, de origen palestino) y Thiago \u00c1vila (Brasil), quien se ha distinguido por sus repetidos intentos de romper el ilegal bloqueo israel\u00ed a Gaza, calificado como genocida por numerosas instancias internacionales. Ante la resistencia pac\u00edfica de la tripulaci\u00f3n, la respuesta de la IOF fue de extrema violencia.<\/p>\n\n\n\n<p>Los participantes fueron golpeados, pateados y arrastrados por la cubierta con las manos atadas a la espalda. Como resultado, sufrieron fracturas de nariz, costillas rotas y palizas sangrientas. En medio del caos, incluso hubo disparos.<\/p>\n\n\n\n<p>Mientras el resto de los 180 tripulantes secuestrados fueron desembarcados en Creta, Saif y Thiago permanecen detenidos y son transportados violentamente hacia una prisi\u00f3n israel\u00ed, lo que constituye una doble violaci\u00f3n del Derecho Internacional: primero por el secuestro ilegal en alta mar, y segundo por su traslado forzoso a territorio ocupado.<\/p>\n\n\n\n<p>La pesadilla a\u00fan no ha terminado. La polic\u00eda griega mantiene a los dem\u00e1s integrantes del equipo, maltrechos, atrapados en autobuses, impidi\u00e9ndoles la libertad de marcharse. En se\u00f1al de protesta, 60 de ellos han iniciado una huelga de hambre.<\/p>\n\n\n\n<p>Organizaciones denuncian que el gobierno griego est\u00e1 cooperando plenamente con la conducta criminal de Israel, abandonando sus obligaciones de b\u00fasqueda y rescate y haciendo la vista gorda ante la victimizaci\u00f3n de los activistas, que defienden el Derecho Internacional y el dictamen de la Corte Internacional de Justicia que declar\u00f3 ilegal el bloqueo naval israel\u00ed a Gaza y la ocupaci\u00f3n de los territorios palestinos.<\/p>\n\n\n\n<p>Exigencias inmediatas:<\/p>\n\n\n\n<p>\u00b7 Liberaci\u00f3n inmediata de Saif Abukeshek y Thiago \u00c1vila.<\/p>\n\n\n\n<p>\u00b7 Cese de la conducta criminal de Israel en aguas internacionales.<\/p>\n\n\n\n<p>\u00b7 Terminaci\u00f3n del bloqueo ilegal israel\u00ed a Gaza.<\/p>\n\n\n\n<p>\u00b7 Que el gobierno griego y la Uni\u00f3n Europea cesen de prestar apoyo log\u00edstico y moral al genocidio en Gaza y a las campa\u00f1as de limpieza \u00e9tnica en Jerusal\u00e9n Este y Cisjordania.<\/p>\n\n\n\n<p>La comunidad internacional es llamada a rendir cuentas y a actuar ahora. Los participantes permanecen firmes, mientras el mundo observa.<\/p>\n\n\n\n<figure class=\"wp-block-image size-large\"><img loading=\"lazy\" decoding=\"async\" width=\"1024\" height=\"857\" src=\"https:\/\/radiozapatista.org\/wp-content\/uploads\/2026\/05\/Sumud-logo-1024x857.jpg\" alt=\"\" class=\"wp-image-54189\" srcset=\"https:\/\/radiozapatista.org\/wp-content\/uploads\/2026\/05\/Sumud-logo-1024x857.jpg 1024w, https:\/\/radiozapatista.org\/wp-content\/uploads\/2026\/05\/Sumud-logo-350x293.jpg 350w, https:\/\/radiozapatista.org\/wp-content\/uploads\/2026\/05\/Sumud-logo-768x643.jpg 768w, https:\/\/radiozapatista.org\/wp-content\/uploads\/2026\/05\/Sumud-logo.jpg 1250w\" sizes=\"auto, (max-width: 1024px) 100vw, 1024px\" \/><\/figure>\n\n\n\n<p><\/p>\n","protected":false},"excerpt":{"rendered":"<p>Atenas \/ Aguas griegas \u2013 Los participantes de la Flotilla Global Sumud (GSF) acaban de sobrevivir a 40 horas de crueldad premeditada a bordo de un buque de la armada de las fuerzas de ocupaci\u00f3n israel\u00edes (IOF) en aguas griegas, en un episodio que organizaciones defensoras de derechos humanos califican como pirater\u00eda y violaci\u00f3n del [&hellip;]<\/p>\n","protected":false},"author":21,"featured_media":54190,"comment_status":"open","ping_status":"closed","sticky":false,"template":"","format":"standard","meta":{"footnotes":""},"categories":[957,51,826,958,953,935],"tags":[58,53,567,147,545,87,148,27,483],"class_list":["post-54188","post","type-post","status-publish","format-standard","has-post-thumbnail","hentry","category-autonomia","category-autor","category-medios-libres-2","category-megaproyectos","category-mundo","category-temas","tag-derechos-humanos","tag-justicia","tag-megaproyectos","tag-militarizacion","tag-pueblos-indigenas","tag-represion","tag-resistencia","tag-solidaridad","tag-tierra-y-territorio"],"_links":{"self":[{"href":"https:\/\/radiozapatista.org\/index.php?rest_route=\/wp\/v2\/posts\/54188","targetHints":{"allow":["GET"]}}],"collection":[{"href":"https:\/\/radiozapatista.org\/index.php?rest_route=\/wp\/v2\/posts"}],"about":[{"href":"https:\/\/radiozapatista.org\/index.php?rest_route=\/wp\/v2\/types\/post"}],"author":[{"embeddable":true,"href":"https:\/\/radiozapatista.org\/index.php?rest_route=\/wp\/v2\/users\/21"}],"replies":[{"embeddable":true,"href":"https:\/\/radiozapatista.org\/index.php?rest_route=%2Fwp%2Fv2%2Fcomments&post=54188"}],"version-history":[{"count":1,"href":"https:\/\/radiozapatista.org\/index.php?rest_route=\/wp\/v2\/posts\/54188\/revisions"}],"predecessor-version":[{"id":54191,"href":"https:\/\/radiozapatista.org\/index.php?rest_route=\/wp\/v2\/posts\/54188\/revisions\/54191"}],"wp:featuredmedia":[{"embeddable":true,"href":"https:\/\/radiozapatista.org\/index.php?rest_route=\/wp\/v2\/media\/54190"}],"wp:attachment":[{"href":"https:\/\/radiozapatista.org\/index.php?rest_route=%2Fwp%2Fv2%2Fmedia&parent=54188"}],"wp:term":[{"taxonomy":"category","embeddable":true,"href":"https:\/\/radiozapatista.org\/index.php?rest_route=%2Fwp%2Fv2%2Fcategories&post=54188"},{"taxonomy":"post_tag","embeddable":true,"href":"https:\/\/radiozapatista.org\/index.php?rest_route=%2Fwp%2Fv2%2Ftags&post=54188"}],"curies":[{"name":"wp","href":"https:\/\/api.w.org\/{rel}","templated":true}]}}