{"id":54177,"date":"2026-04-29T20:32:17","date_gmt":"2026-04-30T02:32:17","guid":{"rendered":"https:\/\/radiozapatista.org\/?p=54177"},"modified":"2026-04-29T20:33:20","modified_gmt":"2026-04-30T02:33:20","slug":"urgente-denuncian-secuestro-de-documentalista-mexicana-abril-en-aguas-internacionales-por-fuerzas-de-israel","status":"publish","type":"post","link":"https:\/\/radiozapatista.org\/?p=54177","title":{"rendered":"Urgente: Denuncian secuestro de documentalista mexicana Abril en aguas internacionales por fuerzas de Israel"},"content":{"rendered":"\n<p>Organizaciones civiles y el colectivo Sue\u00f1a Dignidad han emitido un comunicado de emergencia en el que acusan al Estado de Israel de haber interceptado y secuestrado a Abril, documentalista mexicana y delegada en una misi\u00f3n de paz, mientras navegaba en aguas internacionales como parte de la Global Sumud Flotilla. <\/p>\n\n\n\n<p>Seg\u00fan la denuncia, la embarcaci\u00f3n de la flotilla \u2014cuyo objetivo es romper el bloqueo sobre la Franja de Gaza\u2014 fue abordada por fuerzas israel\u00edes que apuntaron con l\u00e1seres y armas de asalto semiautom\u00e1ticas, ordenando a los participantes ponerse de rodillas. <\/p>\n\n\n\n<p>Las comunicaciones del barco fueron interferidas y se emiti\u00f3 una se\u00f1al de SOS. \u201cEsto no es una detenci\u00f3n: es un secuestro de Estado\u201d, se\u00f1ala el comunicado, que responsabiliza directamente a los gobiernos de M\u00e9xico e Israel por la vida e integridad f\u00edsica de Abril. <\/p>\n\n\n\n<p>La activista viajaba como documentalista y colaboradora de Sue\u00f1a Dignidad en lo que describen como una misi\u00f3n de paz y solidaridad. Medios israel\u00edes han citado a funcionarios oficiales advirtiendo que no permitir\u00e1n que la flotilla \u201cSumud\u201d ingrese a Gaza. Organizaciones exigen al gobierno mexicano actuar de inmediato en cumplimiento de su obligaci\u00f3n constitucional y de pol\u00edtica exterior para garantizar la seguridad y el regreso inmediato de Abril, as\u00ed como su liberaci\u00f3n con plena integridad. <\/p>\n\n\n\n<p><strong>Difusi\u00f3n y redes sociales <\/strong><\/p>\n\n\n\n<p>Los denunciantes piden compartir la informaci\u00f3n y etiquetar al Gobierno de M\u00e9xico en redes sociales. A\u00f1adir: \u201cEl silencio es complicidad\u201d. <\/p>\n\n\n\n<p>Seguimiento en vivo: <a href=\"http:\/\/gsumud.link\/live\" target=\"_blank\" rel=\"noreferrer noopener\">http:\/\/gsumud.link\/live<\/a> \u2014 <\/p>\n\n\n\n<p>Desarrollaremos m\u00e1s informaci\u00f3n a medida que se confirmen datos oficiales.<\/p>\n\n\n\n<figure class=\"wp-block-image size-large\"><img loading=\"lazy\" decoding=\"async\" width=\"1024\" height=\"772\" src=\"https:\/\/radiozapatista.org\/wp-content\/uploads\/2026\/04\/Flotilla-1024x772.jpg\" alt=\"\" class=\"wp-image-54179\" srcset=\"https:\/\/radiozapatista.org\/wp-content\/uploads\/2026\/04\/Flotilla-1024x772.jpg 1024w, https:\/\/radiozapatista.org\/wp-content\/uploads\/2026\/04\/Flotilla-350x264.jpg 350w, https:\/\/radiozapatista.org\/wp-content\/uploads\/2026\/04\/Flotilla-768x579.jpg 768w, https:\/\/radiozapatista.org\/wp-content\/uploads\/2026\/04\/Flotilla.jpg 1172w\" sizes=\"auto, (max-width: 1024px) 100vw, 1024px\" \/><\/figure>\n\n\n\n<p><\/p>\n\n\n\n<figure class=\"wp-block-image size-large\"><img loading=\"lazy\" decoding=\"async\" width=\"820\" height=\"1024\" src=\"https:\/\/radiozapatista.org\/wp-content\/uploads\/2026\/04\/Comunicado_Flotilla-820x1024.jpg\" alt=\"\" class=\"wp-image-54180\" srcset=\"https:\/\/radiozapatista.org\/wp-content\/uploads\/2026\/04\/Comunicado_Flotilla-820x1024.jpg 820w, https:\/\/radiozapatista.org\/wp-content\/uploads\/2026\/04\/Comunicado_Flotilla-240x300.jpg 240w, https:\/\/radiozapatista.org\/wp-content\/uploads\/2026\/04\/Comunicado_Flotilla-768x959.jpg 768w, https:\/\/radiozapatista.org\/wp-content\/uploads\/2026\/04\/Comunicado_Flotilla-1230x1536.jpg 1230w, https:\/\/radiozapatista.org\/wp-content\/uploads\/2026\/04\/Comunicado_Flotilla.jpg 1260w\" sizes=\"auto, (max-width: 820px) 100vw, 820px\" \/><\/figure>\n","protected":false},"excerpt":{"rendered":"<p>Organizaciones civiles y el colectivo Sue\u00f1a Dignidad han emitido un comunicado de emergencia en el que acusan al Estado de Israel de haber interceptado y secuestrado a Abril, documentalista mexicana y delegada en una misi\u00f3n de paz, mientras navegaba en aguas internacionales como parte de la Global Sumud Flotilla. Seg\u00fan la denuncia, la embarcaci\u00f3n de [&hellip;]<\/p>\n","protected":false},"author":21,"featured_media":54178,"comment_status":"open","ping_status":"closed","sticky":false,"template":"","format":"standard","meta":{"footnotes":""},"categories":[190],"tags":[],"class_list":["post-54177","post","type-post","status-publish","format-standard","has-post-thumbnail","hentry","category-radiozapatista"],"_links":{"self":[{"href":"https:\/\/radiozapatista.org\/index.php?rest_route=\/wp\/v2\/posts\/54177","targetHints":{"allow":["GET"]}}],"collection":[{"href":"https:\/\/radiozapatista.org\/index.php?rest_route=\/wp\/v2\/posts"}],"about":[{"href":"https:\/\/radiozapatista.org\/index.php?rest_route=\/wp\/v2\/types\/post"}],"author":[{"embeddable":true,"href":"https:\/\/radiozapatista.org\/index.php?rest_route=\/wp\/v2\/users\/21"}],"replies":[{"embeddable":true,"href":"https:\/\/radiozapatista.org\/index.php?rest_route=%2Fwp%2Fv2%2Fcomments&post=54177"}],"version-history":[{"count":2,"href":"https:\/\/radiozapatista.org\/index.php?rest_route=\/wp\/v2\/posts\/54177\/revisions"}],"predecessor-version":[{"id":54182,"href":"https:\/\/radiozapatista.org\/index.php?rest_route=\/wp\/v2\/posts\/54177\/revisions\/54182"}],"wp:featuredmedia":[{"embeddable":true,"href":"https:\/\/radiozapatista.org\/index.php?rest_route=\/wp\/v2\/media\/54178"}],"wp:attachment":[{"href":"https:\/\/radiozapatista.org\/index.php?rest_route=%2Fwp%2Fv2%2Fmedia&parent=54177"}],"wp:term":[{"taxonomy":"category","embeddable":true,"href":"https:\/\/radiozapatista.org\/index.php?rest_route=%2Fwp%2Fv2%2Fcategories&post=54177"},{"taxonomy":"post_tag","embeddable":true,"href":"https:\/\/radiozapatista.org\/index.php?rest_route=%2Fwp%2Fv2%2Ftags&post=54177"}],"curies":[{"name":"wp","href":"https:\/\/api.w.org\/{rel}","templated":true}]}}