{"id":54174,"date":"2026-04-28T21:05:30","date_gmt":"2026-04-29T03:05:30","guid":{"rendered":"https:\/\/radiozapatista.org\/?p=54174"},"modified":"2026-04-28T21:05:31","modified_gmt":"2026-04-29T03:05:31","slug":"movimiento-agrario-indigena-zapatista-maiz-pronunciamiento-a-16-anos-del-asesinato-de-bety-carino-y-jyri-jaakkola-la-impunidad-como-politica-de-estado-en-mexico","status":"publish","type":"post","link":"https:\/\/radiozapatista.org\/?p=54174","title":{"rendered":"Movimiento Agrario Ind\u00edgena Zapatista (MAIZ), Pronunciamiento a 16 a\u00f1os del asesinato de Bety Cari\u00f1o y Jyri Jaakkola, la impunidad como pol\u00edtica de Estado en M\u00e9xico"},"content":{"rendered":"\n<p>A la Oficina del Alto Comisionado de las Naciones Unidas para los Derechos Humanos en M\u00e9xico<\/p>\n\n\n\n<p>A los mecanismos internacionales de derechos humanos<\/p>\n\n\n\n<p>A los pueblos de M\u00e9xico y del mundo<\/p>\n\n\n\n<p>A la opini\u00f3n p\u00fablica nacional e internacional<\/p>\n\n\n\n<p>Han pasado 16 a\u00f1os desde el asesinato de Bety Cari\u00f1o y Jyri Jaakkola, ocurrido el 27 de abril de 2010 en el camino hacia San Juan Copala, Oaxaca.<\/p>\n\n\n\n<p>Diecis\u00e9is a\u00f1os no han sido suficientes para alcanzar justicia.<\/p>\n\n\n\n<p>Pero s\u00ed han sido suficientes para evidenciar algo m\u00e1s profundo:<\/p>\n\n\n\n<p>el fracaso estructural de las instituciones de justicia en M\u00e9xico y la responsabilidad directa del Estado en la reproducci\u00f3n de la impunidad.<\/p>\n\n\n\n<p>El caso de Bety y Jyri no es \u00fanicamente un expediente sin resolver.<\/p>\n\n\n\n<p>Es un s\u00edmbolo de la impunidad institucionalizada, donde la omisi\u00f3n, la negligencia y la complicidad han operado como pol\u00edtica de Estado.<\/p>\n\n\n\n<p>A lo largo de estos a\u00f1os, las instituciones encargadas de procurar y administrar justicia no solo han fallado, sino que han contribuido a sostener un sistema donde la violencia contra quienes defienden la vida y el territorio no tiene consecuencias.<\/p>\n\n\n\n<p>Hoy, este caso debe ser entendido no como un hecho del pasado, sino como una advertencia vigente.<\/p>\n\n\n\n<p>LA IMPUNIDAD SE REPRODUCE<\/p>\n\n\n\n<p>Los asesinatos y desapariciones de personas defensoras contin\u00faan ocurriendo.<\/p>\n\n\n\n<p>El caso de Sergio Rivera Hern\u00e1ndez, defensor del r\u00edo Coyolapa desaparecido en la Sierra Negra de Puebla, es un ejemplo doloroso de c\u00f3mo la impunidad se mantiene viva. Su desaparici\u00f3n forzada sigue sin resolverse, evidenciando la incapacidad y falta de voluntad del Estado para garantizar verdad y justicia.<\/p>\n\n\n\n<p>En el contexto actual del gobierno de Salom\u00f3n Jara Cruz, se han registrado nuevos hechos de violencia contra defensores del territorio, que reflejan la continuidad de un patr\u00f3n:<\/p>\n\n\n\n<p>\u2013 Agresiones y asesinatos que permanecen sin esclarecimiento.<\/p>\n\n\n\n<p>\u2013 Desapariciones forzadas sin verdad ni justicia.<\/p>\n\n\n\n<p>\u2013 Falta de garant\u00edas reales de protecci\u00f3n para comunidades en resistencia.<\/p>\n\n\n\n<p>\u2013 Un entorno donde la defensa del territorio sigue siendo una actividad de alto riesgo.<\/p>\n\n\n\n<p>Estos hechos no son aislados.<\/p>\n\n\n\n<p>Son la expresi\u00f3n de un continuo hist\u00f3rico de violencia e impunidad, donde el Estado no solo es incapaz de proteger, sino que termina siendo parte del problema.<\/p>\n\n\n\n<p>EXTRACTIVISMO E IMPUNIDAD<\/p>\n\n\n\n<p>La violencia contra las comunidades y sus defensores est\u00e1 profundamente vinculada a la imposici\u00f3n de proyectos extractivos.<\/p>\n\n\n\n<p>En el territorio mixteco, las concesiones mineras contin\u00faan siendo una amenaza directa contra la vida, el agua y la autonom\u00eda de los pueblos. Estas concesiones han sido otorgadas sin el consentimiento de las comunidades, generando conflictos, despojo y violencia.<\/p>\n\n\n\n<p>La impunidad en casos como el de Bety Cari\u00f1o, Jyri Jaakkola y Sergio Rivera Hern\u00e1ndez no puede entenderse sin este contexto de intereses econ\u00f3micos y pol\u00edticos que priorizan el extractivismo sobre la vida.<\/p>\n\n\n\n<p>UN LLAMADO INTERNACIONAL FRENTE A LA IMPUNIDAD<\/p>\n\n\n\n<p>Frente a este escenario, el caso de Bety Cari\u00f1o y Jyri Jaakkola debe ser asumido como un caso paradigm\u00e1tico de impunidad en M\u00e9xico.<\/p>\n\n\n\n<p>Por ello, demandamos a la Oficina del Alto Comisionado de las Naciones Unidas para los Derechos Humanos en M\u00e9xico:<\/p>\n\n\n\n<p>\u2013 Que se pronuncie p\u00fablicamente sobre este caso como ejemplo de la crisis estructural de derechos humanos en el pa\u00eds.<\/p>\n\n\n\n<p>\u2013 Que visibilice la responsabilidad del Estado mexicano en la perpetuaci\u00f3n de este ciclo de impunidad.<\/p>\n\n\n\n<p>\u2013 Que d\u00e9 seguimiento a la situaci\u00f3n de personas defensoras desaparecidas y asesinadas en M\u00e9xico.<\/p>\n\n\n\n<p>Asimismo, exigimos la cancelaci\u00f3n de las concesiones mineras en territorios de la Mixteca, por representar una amenaza estructural a los derechos de los pueblos ind\u00edgenas.<\/p>\n\n\n\n<p>MEMORIA QUE DENUNCIA, MEMORIA QUE RESISTE<\/p>\n\n\n\n<p>Nombrar a Bety, Jyri y Sergio no es un acto simb\u00f3lico.<\/p>\n\n\n\n<p>Es una denuncia viva.<\/p>\n\n\n\n<p>Es recordar que en M\u00e9xico se puede asesinar o desaparecer a quienes luchan por la vida y que, despu\u00e9s, no pasa nada.<\/p>\n\n\n\n<p>Pero tambi\u00e9n es afirmar que los pueblos no olvidan.<\/p>\n\n\n\n<p>Que la memoria es una forma de resistencia.<\/p>\n\n\n\n<p>Y que frente a la impunidad, la dignidad sigue organiz\u00e1ndose.<\/p>\n\n\n\n<p>\u00a1BETY, JYRI Y SERGIO VIVEN EN LA LUCHA DE LOS PUEBLOS!<\/p>\n\n\n\n<p>\u00a1ALTO A LA IMPUNIDAD ESTRUCTURAL!<\/p>\n\n\n\n<p>\u00a1CANCELACI\u00d3N DE LAS CONCESIONES MINERAS!<\/p>\n\n\n\n<p>\u00a1EL ESTADO MEXICANO ES RESPONSABLE!<\/p>\n\n\n\n<p><\/p>\n","protected":false},"excerpt":{"rendered":"<p>A la Oficina del Alto Comisionado de las Naciones Unidas para los Derechos Humanos en M\u00e9xico A los mecanismos internacionales de derechos humanos A los pueblos de M\u00e9xico y del mundo A la opini\u00f3n p\u00fablica nacional e internacional Han pasado 16 a\u00f1os desde el asesinato de Bety Cari\u00f1o y Jyri Jaakkola, ocurrido el 27 de [&hellip;]<\/p>\n","protected":false},"author":21,"featured_media":54175,"comment_status":"open","ping_status":"closed","sticky":false,"template":"","format":"standard","meta":{"footnotes":""},"categories":[957,51,826,958,954,961,935],"tags":[58,53,567,147,23,545,87,148,27,483],"class_list":["post-54174","post","type-post","status-publish","format-standard","has-post-thumbnail","hentry","category-autonomia","category-autor","category-medios-libres-2","category-megaproyectos","category-mexico","category-mujeres","category-temas","tag-derechos-humanos","tag-justicia","tag-megaproyectos","tag-militarizacion","tag-paramilitares","tag-pueblos-indigenas","tag-represion","tag-resistencia","tag-solidaridad","tag-tierra-y-territorio"],"_links":{"self":[{"href":"https:\/\/radiozapatista.org\/index.php?rest_route=\/wp\/v2\/posts\/54174","targetHints":{"allow":["GET"]}}],"collection":[{"href":"https:\/\/radiozapatista.org\/index.php?rest_route=\/wp\/v2\/posts"}],"about":[{"href":"https:\/\/radiozapatista.org\/index.php?rest_route=\/wp\/v2\/types\/post"}],"author":[{"embeddable":true,"href":"https:\/\/radiozapatista.org\/index.php?rest_route=\/wp\/v2\/users\/21"}],"replies":[{"embeddable":true,"href":"https:\/\/radiozapatista.org\/index.php?rest_route=%2Fwp%2Fv2%2Fcomments&post=54174"}],"version-history":[{"count":1,"href":"https:\/\/radiozapatista.org\/index.php?rest_route=\/wp\/v2\/posts\/54174\/revisions"}],"predecessor-version":[{"id":54176,"href":"https:\/\/radiozapatista.org\/index.php?rest_route=\/wp\/v2\/posts\/54174\/revisions\/54176"}],"wp:featuredmedia":[{"embeddable":true,"href":"https:\/\/radiozapatista.org\/index.php?rest_route=\/wp\/v2\/media\/54175"}],"wp:attachment":[{"href":"https:\/\/radiozapatista.org\/index.php?rest_route=%2Fwp%2Fv2%2Fmedia&parent=54174"}],"wp:term":[{"taxonomy":"category","embeddable":true,"href":"https:\/\/radiozapatista.org\/index.php?rest_route=%2Fwp%2Fv2%2Fcategories&post=54174"},{"taxonomy":"post_tag","embeddable":true,"href":"https:\/\/radiozapatista.org\/index.php?rest_route=%2Fwp%2Fv2%2Ftags&post=54174"}],"curies":[{"name":"wp","href":"https:\/\/api.w.org\/{rel}","templated":true}]}}