{"id":54171,"date":"2026-04-28T13:11:18","date_gmt":"2026-04-28T19:11:18","guid":{"rendered":"https:\/\/radiozapatista.org\/?p=54171"},"modified":"2026-04-28T13:11:19","modified_gmt":"2026-04-28T19:11:19","slug":"comunicado-de-la-diocesis-de-san-cristobal-de-las-casas-sobre-los-recientes-acontecimientos-en-venustiano-carranza-y-nicolas-ruiz-chiapas","status":"publish","type":"post","link":"https:\/\/radiozapatista.org\/?p=54171","title":{"rendered":"Comunicado de la Di\u00f3cesis de San Cristobal de las Casas sobre los recientes acontecimientos en Venustiano Carranza y Nicol\u00e1s Ru\u00edz, Chiapas"},"content":{"rendered":"\n<p>San Crist\u00f3bal de las Casas a 27 de abril de 2026<\/p>\n\n\n\n<p>&#8220;A ellos les gritamos: \u00a1Det\u00e9nganse! \u00a1Es tiempo de Paz!&#8221; Le\u00f3n XIV<\/p>\n\n\n\n<p>A los hermanos y hermanas del pueblo organizado de Nicol\u00e1s Ru\u00edz<br>A los hermanos y hermanas de la comunidad parroquial de San Bartolom\u00e9 de los Llanos<\/p>\n\n\n\n<p>Como di\u00f3cesis de San Crist\u00f3bal de las Casas, saludamos a su coraz\u00f3n que sufre el dolor ante la situaci\u00f3n de violencia que han vivido en los \u00faltimos d\u00edas; especialmente a las familias que lamentablemente han perdido un ser querido.<\/p>\n\n\n\n<p>Reconocemos y valoramos su caminar de lucha y resistencia por mantener a su pueblo organizado desde la asamblea de bienes comunales. Como nos ha ense\u00f1ado el Papa Francisco, &#8220;sigan siendo artesanos de paz dispuestos a generar procesos de sanaci\u00f3n y de reencuentro con ingenio y audacia&#8221; (Carta Enc. Fratelli Tutti, N\u00ba. 225).<\/p>\n\n\n\n<p>Estos hechos violentos ocurridos contra la comunidad de Nicol\u00e1s Ru\u00edz y Venustiano Carranza, evidencian que desde el gobierno no se cuenta con una verdadera estrategia para combatir al crimen organizado y a los grupos delictivos; a pesar del discurso oficial de que en Chiapas no se iba a tolerar a los grupos del crimen, como Agentes de Animaci\u00f3n y Coordinaci\u00f3n Pastoral, constatamos que los grupos de la delincuencia siguen operando y controlando los territorios de nuestro estado en completa impunidad, generando amenaza, persecuci\u00f3n, desapariciones y muerte.<\/p>\n\n\n\n<p>Como di\u00f3cesis de San Crist\u00f3bal de las Casas, requerimos: Que se garantice la seguridad e integridad de los pueblos de Nicol\u00e1s Ru\u00edz y Venustiano Carranza. Que de parte del gobierno estatal se implemente una verdadera estrategia de paz que garantice la seguridad, justicia e integridad de cada una de las personas de nuestro estado de Chiapas.<\/p>\n\n\n\n<p>Como di\u00f3cesis nos sumamos a las demandas del pueblo organizado de Nicol\u00e1s Ruiz:<\/p>\n\n\n\n<p>\u00b7 Investigaci\u00f3n pronta y dirigente de los hechos ocurridos<br>\u00b7 La reparaci\u00f3n de todo el da\u00f1o que se ha causado<br>\u00b7 La aparici\u00f3n con vida del hermano \u00c1ngel Jim\u00e9nez L\u00f3pez<br>\u00b7 El Derecho a vivir en Paz desde el convenio 169 de la OIT<br>\u00b7 Que se garantice la seguridad de los pueblos que construyen la Paz<\/p>\n\n\n\n<p>&#8220;Basta ya de la guerra&#8221; Le\u00f3n XIV<\/p>\n\n\n\n<p>DI\u00d3CESIS DE SAN CRIST\u00d3BAL DE LAS CASAS<\/p>\n\n\n\n<p>Pbro. V\u00edctor Manuel P\u00e9rez Hern\u00e1ndez<br>Vicario General<\/p>\n\n\n\n<p>\u00b7 Rodrigo Aguilar Mart\u00ednez<br>Obispo de San Crist\u00f3bal de Las Casas<\/p>\n\n\n\n<p>Hna. Carolina Lara Rodr\u00edguez<br>Vicaria de pastoral<\/p>\n\n\n\n<p>Pbro. Bernab\u00e9 Antonio Altamirano D\u00edaz<br>Coordinador de la Pastoral Social<\/p>\n\n\n\n<p>Hna. Micaela M\u00e9ndez V\u00e1zquez, OSF.<br>Secretaria Canciller<\/p>\n\n\n\n<p>Pbro. Miguel \u00c1ngel Montoya Moreno, MSC<br>Vicario de Justicia y Paz<\/p>\n\n\n\n<p><\/p>\n","protected":false},"excerpt":{"rendered":"<p>San Crist\u00f3bal de las Casas a 27 de abril de 2026 &#8220;A ellos les gritamos: \u00a1Det\u00e9nganse! \u00a1Es tiempo de Paz!&#8221; Le\u00f3n XIV A los hermanos y hermanas del pueblo organizado de Nicol\u00e1s Ru\u00edzA los hermanos y hermanas de la comunidad parroquial de San Bartolom\u00e9 de los Llanos Como di\u00f3cesis de San Crist\u00f3bal de las Casas, [&hellip;]<\/p>\n","protected":false},"author":21,"featured_media":54172,"comment_status":"open","ping_status":"closed","sticky":false,"template":"","format":"standard","meta":{"footnotes":""},"categories":[957,51,6,826,954,935],"tags":[58,53,567,147,23,545,87,148,27,483],"class_list":["post-54171","post","type-post","status-publish","format-standard","has-post-thumbnail","hentry","category-autonomia","category-autor","category-chiapas","category-medios-libres-2","category-mexico","category-temas","tag-derechos-humanos","tag-justicia","tag-megaproyectos","tag-militarizacion","tag-paramilitares","tag-pueblos-indigenas","tag-represion","tag-resistencia","tag-solidaridad","tag-tierra-y-territorio"],"_links":{"self":[{"href":"https:\/\/radiozapatista.org\/index.php?rest_route=\/wp\/v2\/posts\/54171","targetHints":{"allow":["GET"]}}],"collection":[{"href":"https:\/\/radiozapatista.org\/index.php?rest_route=\/wp\/v2\/posts"}],"about":[{"href":"https:\/\/radiozapatista.org\/index.php?rest_route=\/wp\/v2\/types\/post"}],"author":[{"embeddable":true,"href":"https:\/\/radiozapatista.org\/index.php?rest_route=\/wp\/v2\/users\/21"}],"replies":[{"embeddable":true,"href":"https:\/\/radiozapatista.org\/index.php?rest_route=%2Fwp%2Fv2%2Fcomments&post=54171"}],"version-history":[{"count":1,"href":"https:\/\/radiozapatista.org\/index.php?rest_route=\/wp\/v2\/posts\/54171\/revisions"}],"predecessor-version":[{"id":54173,"href":"https:\/\/radiozapatista.org\/index.php?rest_route=\/wp\/v2\/posts\/54171\/revisions\/54173"}],"wp:featuredmedia":[{"embeddable":true,"href":"https:\/\/radiozapatista.org\/index.php?rest_route=\/wp\/v2\/media\/54172"}],"wp:attachment":[{"href":"https:\/\/radiozapatista.org\/index.php?rest_route=%2Fwp%2Fv2%2Fmedia&parent=54171"}],"wp:term":[{"taxonomy":"category","embeddable":true,"href":"https:\/\/radiozapatista.org\/index.php?rest_route=%2Fwp%2Fv2%2Fcategories&post=54171"},{"taxonomy":"post_tag","embeddable":true,"href":"https:\/\/radiozapatista.org\/index.php?rest_route=%2Fwp%2Fv2%2Ftags&post=54171"}],"curies":[{"name":"wp","href":"https:\/\/api.w.org\/{rel}","templated":true}]}}