{"id":54158,"date":"2026-04-25T21:31:31","date_gmt":"2026-04-26T03:31:31","guid":{"rendered":"https:\/\/radiozapatista.org\/?p=54158"},"modified":"2026-04-25T21:37:06","modified_gmt":"2026-04-26T03:37:06","slug":"pronunciamiento-a-16-anos-del-asesinato-de-bety-carino-y-jyri-jaakkola","status":"publish","type":"post","link":"https:\/\/radiozapatista.org\/?p=54158","title":{"rendered":"PRONUNCIAMIENTO a 16 a\u00f1os del asesinato de Bety Cari\u00f1o y Jyri Jaakkola"},"content":{"rendered":"\n<p>Fuente: <a href=\"https:\/\/www.congresonacionalindigena.org\/2026\/04\/25\/pronunciamiento-a-16-anos-del-asesinato-de-bety-carino-y-jyri-jaakkola\/\">CNI<\/a><\/p>\n\n\n\n<p>A los medios de comunicaci\u00f3n<\/p>\n\n\n\n<p>A la opini\u00f3n p\u00fablica nacional e internacional<\/p>\n\n\n\n<p>A las organizaciones sociales y de derechos humanos<\/p>\n\n\n\n<p>A los pueblos de M\u00e9xico y del mundo<\/p>\n\n\n\n<p>Al Congreso Nacional Ind\u00edgena<\/p>\n\n\n\n<p>Hermanas y hermanos:<\/p>\n\n\n\n<p>Han pasado 16 a\u00f1os desde que arrebataron la vida de Bety Cari\u00f1o y Jyri Jaakkola, y el tiempo no ha sido suficiente para cerrar la herida ni para alcanzar la justicia. Sus nombres siguen latiendo en la memoria de los pueblos que no se resignan a la muerte impuesta por la guerra. No son un eco perdido en la nada: son presencia viva que camina en cada lucha por la dignidad y contra el olvido.<\/p>\n\n\n\n<p>Bety, mujer de ra\u00edz profunda y palabra firme, sembradora de organizaci\u00f3n y esperanza; Jyri, compa\u00f1ero solidario que cruz\u00f3 fronteras para abrazar la causa de los pueblos. Ambos fueron asesinados en un contexto de violencia que no ha cesado, en un pa\u00eds donde defender la vida, el territorio y los derechos sigue siendo una condena.<\/p>\n\n\n\n<p>Hoy, su memoria tambi\u00e9n nos recuerda la lucha que defend\u00edan.<\/p>\n\n\n\n<p>La tierra de Bety, en la Mixteca, contin\u00faa bajo amenaza por proyectos extractivos, particularmente la miner\u00eda, que avanza sobre territorios ind\u00edgenas sin el consentimiento de los pueblos. Bajo discursos de \u201cdesarrollo\u201d o \u201ctransici\u00f3n energ\u00e9tica\u201d, se siguen imponiendo concesiones que vulneran la libre determinaci\u00f3n y rompen el tejido comunitario.<\/p>\n\n\n\n<p>Lo ocurrido hace 16 a\u00f1os no es un hecho aislado: el extractivismo sigue generando violencia, despojo e impunidad.<\/p>\n\n\n\n<p>Hoy, sus ausencias se entrelazan con otras:<\/p>\n\n\n\n<p>con las voces de las madres buscadoras que recorren caminos de tierra y silencio, con las familias que escarban la tierra buscando lo que el Estado se ha negado a encontrar, porque el amor es m\u00e1s grande que el dolor, m\u00e1s grande que la muerte y la desesperanza, y con los nombres de quienes han sido asesinados por defender el agua, la tierra y la vida frente al despojo.<\/p>\n\n\n\n<p>M\u00e9xico se ha convertido en un territorio donde la memoria es resistencia.<\/p>\n\n\n\n<p>Donde la justicia se aplaza, se diluye o se niega para sostener el ciclo permanente de la impunidad.<\/p>\n\n\n\n<p>Donde las v\u00edctimas son obligadas a hacer la b\u00fasqueda que le corresponde al Estado.<\/p>\n\n\n\n<p>A 16 a\u00f1os, seguimos preguntando:<\/p>\n\n\n\n<p>\u00bfD\u00f3nde est\u00e1 la justicia para Bety y Jyri?<\/p>\n\n\n\n<p>\u00bfD\u00f3nde est\u00e1n las garant\u00edas para quienes hoy defienden la vida?<\/p>\n\n\n\n<p>\u00bfHasta cu\u00e1ndo la impunidad ser\u00e1 la norma?<\/p>\n\n\n\n<p>No es solo un crimen del pasado: es una herida abierta que dialoga con el presente.<\/p>\n\n\n\n<p>Es la misma violencia que hoy golpea a las madres que buscan a sus hijas e hijos,<\/p>\n\n\n\n<p>la misma que amenaza y asesina a quienes defienden sus territorios, la misma que intenta sembrar miedo donde florece la organizaci\u00f3n y se levanta la palabra.<\/p>\n\n\n\n<p>Pero tambi\u00e9n es la memoria la que nos sostiene.<\/p>\n\n\n\n<p>Porque recordar es un acto de dignidad.<\/p>\n\n\n\n<p>Porque nombrar es resistir.<\/p>\n\n\n\n<p>Porque la justicia no prescribe en el coraz\u00f3n de los pueblos.<\/p>\n\n\n\n<p>Hoy levantamos la voz para exigir:<\/p>\n\n\n\n<p>* Verdad y justicia para Bety Cari\u00f1o y Jyri Jaakkola.<\/p>\n\n\n\n<p>* Alto a la violencia contra personas defensoras del territorio y los derechos humanos.<\/p>\n\n\n\n<p>* Cancelaci\u00f3n de concesiones mineras en nuestros territorios.<\/p>\n\n\n\n<p>* Reconocimiento y protecci\u00f3n real para las madres buscadoras.<\/p>\n\n\n\n<p>* Fin a la impunidad que cobija a los responsables materiales e intelectuales.<\/p>\n\n\n\n<p>* Alto a la guerra contra los pueblos zapatistas y los pueblos del mundo.<\/p>\n\n\n\n<p>A 16 a\u00f1os, no hay silencio posible.<\/p>\n\n\n\n<p>La memoria camina.<\/p>\n\n\n\n<p>La dignidad persiste.<\/p>\n\n\n\n<p>La lucha contin\u00faa.<\/p>\n\n\n\n<p>Porque mientras haya injusticia,<\/p>\n\n\n\n<p>sus nombres seguir\u00e1n siendo semilla.<\/p>\n\n\n\n<p>\u00a1Bety y Jyri viven en la memoria de quienes resistimos, en los pueblos que no claudican!<\/p>\n\n\n\n<p>\u00a1Justicia!<\/p>\n\n\n\n<p><\/p>\n","protected":false},"excerpt":{"rendered":"<p>Fuente: CNI A los medios de comunicaci\u00f3n A la opini\u00f3n p\u00fablica nacional e internacional A las organizaciones sociales y de derechos humanos A los pueblos de M\u00e9xico y del mundo Al Congreso Nacional Ind\u00edgena Hermanas y hermanos: Han pasado 16 a\u00f1os desde que arrebataron la vida de Bety Cari\u00f1o y Jyri Jaakkola, y el tiempo [&hellip;]<\/p>\n","protected":false},"author":21,"featured_media":54159,"comment_status":"open","ping_status":"closed","sticky":false,"template":"","format":"standard","meta":{"footnotes":""},"categories":[957,51,943,958,954,961,935],"tags":[58,53,567,147,23,545,87,148,27,483],"class_list":["post-54158","post","type-post","status-publish","format-standard","has-post-thumbnail","hentry","category-autonomia","category-autor","category-cni","category-megaproyectos","category-mexico","category-mujeres","category-temas","tag-derechos-humanos","tag-justicia","tag-megaproyectos","tag-militarizacion","tag-paramilitares","tag-pueblos-indigenas","tag-represion","tag-resistencia","tag-solidaridad","tag-tierra-y-territorio"],"_links":{"self":[{"href":"https:\/\/radiozapatista.org\/index.php?rest_route=\/wp\/v2\/posts\/54158","targetHints":{"allow":["GET"]}}],"collection":[{"href":"https:\/\/radiozapatista.org\/index.php?rest_route=\/wp\/v2\/posts"}],"about":[{"href":"https:\/\/radiozapatista.org\/index.php?rest_route=\/wp\/v2\/types\/post"}],"author":[{"embeddable":true,"href":"https:\/\/radiozapatista.org\/index.php?rest_route=\/wp\/v2\/users\/21"}],"replies":[{"embeddable":true,"href":"https:\/\/radiozapatista.org\/index.php?rest_route=%2Fwp%2Fv2%2Fcomments&post=54158"}],"version-history":[{"count":1,"href":"https:\/\/radiozapatista.org\/index.php?rest_route=\/wp\/v2\/posts\/54158\/revisions"}],"predecessor-version":[{"id":54160,"href":"https:\/\/radiozapatista.org\/index.php?rest_route=\/wp\/v2\/posts\/54158\/revisions\/54160"}],"wp:featuredmedia":[{"embeddable":true,"href":"https:\/\/radiozapatista.org\/index.php?rest_route=\/wp\/v2\/media\/54159"}],"wp:attachment":[{"href":"https:\/\/radiozapatista.org\/index.php?rest_route=%2Fwp%2Fv2%2Fmedia&parent=54158"}],"wp:term":[{"taxonomy":"category","embeddable":true,"href":"https:\/\/radiozapatista.org\/index.php?rest_route=%2Fwp%2Fv2%2Fcategories&post=54158"},{"taxonomy":"post_tag","embeddable":true,"href":"https:\/\/radiozapatista.org\/index.php?rest_route=%2Fwp%2Fv2%2Ftags&post=54158"}],"curies":[{"name":"wp","href":"https:\/\/api.w.org\/{rel}","templated":true}]}}