{"id":54148,"date":"2026-04-25T19:34:44","date_gmt":"2026-04-26T01:34:44","guid":{"rendered":"https:\/\/radiozapatista.org\/?p=54148"},"modified":"2026-04-25T19:34:46","modified_gmt":"2026-04-26T01:34:46","slug":"semillas-en-piedras-volcanicas","status":"publish","type":"post","link":"https:\/\/radiozapatista.org\/?p=54148","title":{"rendered":"Semillas en piedras volc\u00e1nicas"},"content":{"rendered":"\n<figure class=\"wp-block-embed is-type-video is-provider-vimeo wp-block-embed-vimeo\"><div class=\"wp-block-embed__wrapper\">\n<iframe loading=\"lazy\" title=\"Resistencia Estudiantil UAEM\" src=\"https:\/\/player.vimeo.com\/video\/1186604806?dnt=1&amp;app_id=122963\" width=\"500\" height=\"346\" frameborder=\"0\" allow=\"autoplay; fullscreen; picture-in-picture; clipboard-write; encrypted-media; web-share\" referrerpolicy=\"strict-origin-when-cross-origin\"><\/iframe>\n<\/div><\/figure>\n\n\n\n<p><strong><em>En esta tarde lluviosa al norte de Cuernavaca, la Resistencia Estudiantil de la UAEM est\u00e1 a d\u00edas de cumplir ocho semanas de tener tomado el campus central de su universidad. La lluvia arrecia tanto que es en el estacionamiento d\u00f3nde entrena el equipo de box d\u00f3nde dos de sus integrantes nos comparten las ra\u00edces de su esfuerzo y de su esperanza colectiva. Lentos, nos damos cuenta muy tarde de que se nos olvid\u00f3 decirles que sentimos que est\u00e1n volviendo Rexistencia colectiva la sobrevivencia cotidiana, pero igual ellxs ya lo saben y lo est\u00e1n logrando hacer andar desde hace un rato. \u201cLa Resistencia somos todxs\u201d, nos dijeron en alg\u00fan momento en el que la grabadora estaba apagada. \u00a0\u00a0\u00a0<\/em><\/strong><\/p>\n\n\n\n<p>23\/Abril\/26. Fragmento sonoro de la charla con integrantes de la Resistencia Estudiantil de la Universidad Aut\u00f3noma del Estado de Morelos:<\/p>\n\n\n\n<figure class=\"wp-block-audio\"><audio controls src=\"https:\/\/radiozapatista.org\/wp-content\/uploads\/2026\/04\/entrevistareuaem.mp3\"><\/audio><\/figure>\n\n\n\n<p>24\/abril\/26. Participaci\u00f3n de integrantes de la Resistencia Estudiantil durante las mesas de trabajo con las autoridades de la UAEM:<\/p>\n\n\n\n<figure class=\"wp-block-audio\"><audio controls src=\"https:\/\/radiozapatista.org\/wp-content\/uploads\/2026\/04\/24abrilREUAEM.mp3\"><\/audio><\/figure>\n\n\n\n<h2 class=\"wp-block-heading\">><strong>>Estamos dirigidxs hacia un mismo rumbo<\/strong><\/h2>\n\n\n\n<p><em>En algunas entrevistas que han dado les hemos escuchado mucho que todo ha sido quiz\u00e1 dif\u00edcil pero tambi\u00e9n muy org\u00e1nico. En ese sentido, \u00bfc\u00f3mo han logrado mantener en pie el campus de Chamilpa durante 8 semanas? Ya han narrado que todo surgi\u00f3 de manera muy espont\u00e1nea y por mucha rabia y por mucha energ\u00eda ante el feminicidio de Kimberly y de Karol, pero una vez que tomaron el campus, \u00bfde ah\u00ed para ac\u00e1 c\u00f3mo ha sido ponerse de acuerdo entre ustedes para tener acuerdos de convivencia y de cuidado del campus?<\/em><\/p>\n\n\n\n<p>Desde un inicio, la gente que conform\u00f3 este movimiento pues era mucha gente que ten\u00eda la energ\u00eda y la motivaci\u00f3n para organizarnos de esta manera. A\u00fan as\u00ed, es un tiempo prolongado ya el que se ha estado manteniendo el plant\u00f3n y pues hemos tenido que ir trabajando en nuestra organizaci\u00f3n interna, porque pues mantener un campus muy grande, muy extenso, es tambi\u00e9n un poco complicado. Pero se ha trabajado arduamente entre los alumnos que estamos manteniendo el plant\u00f3n para llevar esta organizaci\u00f3n. Llevamos organizaci\u00f3n sobre las personas que acceden, los estudiantes que entran por ambas puertas. Llevamos organizaci\u00f3n de almacenamiento de v\u00edveres tambi\u00e9n. Se reciben y se resguardan, se hacen inventarios y se suministran de&nbsp; la manera \u00f3ptima. Tambi\u00e9n se tienen protocolos de convivencia aqu\u00ed adentro. Al tener a mucha gente aglomerada en un lugar, pues es necesario establecer estos acuerdos, de una sana convivencia entre nosotros para que no pueda llegar a haber altercados, diferencias entre las personas que pues siempre llegan a surgir, \u00bfno? Sin embargo estos acuerdos nos han mantenido en pie y han logrado que el mantenimiento del plant\u00f3n haya durado tanto.<\/p>\n\n\n\n<p><em>\u00bfHa sido dif\u00edcil escucharse entre ustedes y lograr llegar a consensos? \u00bfC\u00f3mo fue ese proceso de escucharse y de las posibles diferencias irlas aterrizando y decir \u201cesto s\u00ed\u201d, \u201cesto no&#8221;? Y en ese sentido, \u00bfqu\u00e9 ha sido lo m\u00e1s importante para ustedes como estudiantes en resistencia para mantener en pie en el campus eso que nos narra el compa\u00f1ero?<\/em><\/p>\n\n\n\n<p>No ha sido tan sencillo, pero creo que el di\u00e1logo es como siempre el camino para llegar a estos acuerdos. Y creo que lo que m\u00e1s nos importa a la mayor\u00eda de los que estamos aqu\u00ed es el cuidado colectivo. El cuidado individual de nosotros mismos, de nuestros compa\u00f1eros y tambi\u00e9n del espacio que estamos habitando. Entonces, pues creo que desde el principio se empezaron a hacer acuerdos dependiendo del espacio en el que se habitaba. S\u00ed, como formas de organizaci\u00f3n que se tienen que adaptar a cada espacio, \u00bfno? Porque cada espacio es distinto. Y bueno, obviamente siempre hay diferencias porque somos muchas personas. Somos muy diversos. Entonces, pues s\u00ed, se fue desbordando esta necesidad de ir haciendo acuerdos de convivencia.<\/p>\n\n\n\n<p>Sobre todo lo empez\u00f3 como un grupo de personas y lo que se hizo fue plantear estos acuerdos e ir votando, ir adapt\u00e1ndolos, y con la participaci\u00f3n de la mayor cantidad de personas posibles y siempre con el objetivo de cuidarnos como colectivo, como movimiento, y cuidar nuestro espacio tambi\u00e9n.<\/p>\n\n\n\n<p><em>Ya casi con ocho semanas, \u00bfse sienten satisfechos, contentos, cansados? \u00bfSe pueden seguir cuidando con el mecanismo que han tenido hasta ahora? \u00bfQu\u00e9 imaginan en lo inmediato?<\/em><\/p>\n\n\n\n<p>Durante todo este proceso ha habido como mucha transformaci\u00f3n en las personas, \u00bfno? Y tambi\u00e9n lo que se est\u00e1 armando ahorita es una comunidad muy bonita. Porque justo somos estudiantes autoorganizados y con la motivaci\u00f3n de llevar bien a cabo este movimiento. Entonces eso ha permitido que establezcamos lazos entre nosotros muy muy fuertes como comunidad estudiantil y eso es gran parte de lo que tambi\u00e9n nos mantiene en pie hoy en d\u00eda. Saber que aqu\u00ed podemos encontrar compa\u00f1eros en los que podemos confiar, en los que nos podemos apoyar y que todos sabemos que estamos dirigidos hacia un mismo rumbo.<\/p>\n\n\n\n<p><em>Acaban de tocar una palabra central. Quiz\u00e1s confiar en nosotros, nosotras y nosotres es bien dif\u00edcil. No siempre se logra la confianza entre quienes participan (en alg\u00fan movimiento de resistencia). En ese sentido, \u00bfcu\u00e1l ser\u00e1 la clave o qu\u00e9 hay all\u00ed en ustedes? Porque muchos fuera estamos muy sorprendidos. A lo mejor nosotros no hab\u00edamos identificado que es confianza y le llamamos desde fuera organizaci\u00f3n. Ustedes est\u00e1n anunciando \u201cconfianza entre nosotros, lazos fuertes\u201d. \u00bfQu\u00e9 ha pasado que les ha permitido contar con ambas?<\/em><\/p>\n\n\n\n<p>Pues creo que una parte de eso es la falta de confianza hacia las autoridades. Y pues as\u00ed tenemos que confiar en nosotros mismos, \u00bfno? Y al final creo que empezar a conocer personas de otras unidades acad\u00e9micas, personas con las que nunca hab\u00edas hablado, nunca te hab\u00edas imaginado que&nbsp; ibas a convivir con esas personas, s\u00ed te lleva a generar esta empat\u00eda, esta confianza y saber pues que todos estamos pasando por cosas muy similares y la inseguridad es algo que nos toca a todas y a todos.<\/p>\n\n\n\n<p>Y ver que todos estamos exigiendo las mismas cosas y que s\u00ed, nos toca a todos como comunidad. Y hay una ruptura muy grande entre las consecuencias que vivimos como estudiantes, a las consecuencias que pueden vivir las autoridades y que no hay una respuesta, pues nos lleva inevitablemente, creo, a juntarnos.<\/p>\n\n\n\n<p>Y bueno, tambi\u00e9n es a ra\u00edz de la convivencia, de todo lo que hemos vivido juntos en estas casi 8 semanas. Tambi\u00e9n creo que el di\u00e1logo ha sido clave tambi\u00e9n para mantenernos&nbsp; firmes y aguantando hasta ahora. Pues creo que es una mezcla de esas cosas, \u00bfno? Creo que la desconfianza s\u00ed puede romper las cosas. Y ha sido medio dif\u00edcil, pero s\u00ed hemos generado esta confianza y se han creado lazos muy fuertes y muy bonitos con muchas personas porque pues estamos buscando lo mismo y creo que es algo leg\u00edtimo, entonces de ah\u00ed viene tambi\u00e9n.<\/p>\n\n\n\n<figure class=\"wp-block-image size-large\"><img loading=\"lazy\" decoding=\"async\" width=\"1024\" height=\"722\" src=\"https:\/\/radiozapatista.org\/wp-content\/uploads\/2026\/04\/kimberly.jpg-1024x722.jpeg\" alt=\"\" class=\"wp-image-54152\" srcset=\"https:\/\/radiozapatista.org\/wp-content\/uploads\/2026\/04\/kimberly.jpg-1024x722.jpeg 1024w, https:\/\/radiozapatista.org\/wp-content\/uploads\/2026\/04\/kimberly.jpg-350x247.jpeg 350w, https:\/\/radiozapatista.org\/wp-content\/uploads\/2026\/04\/kimberly.jpg-768x541.jpeg 768w, https:\/\/radiozapatista.org\/wp-content\/uploads\/2026\/04\/kimberly.jpg-1536x1083.jpeg 1536w, https:\/\/radiozapatista.org\/wp-content\/uploads\/2026\/04\/kimberly.jpg-2048x1444.jpeg 2048w\" sizes=\"auto, (max-width: 1024px) 100vw, 1024px\" \/><\/figure>\n\n\n\n<p><strong><em>Una respuesta ambigua y sin un plan de casi todas las cosas que hemos pedido<\/em><\/strong><\/p>\n\n\n\n<p><em>Creo que a muchos fuera, a muchas nos llam\u00f3 la atenci\u00f3n su pliego petitorio. Dec\u00edamos al principio &#8220;Oye, est\u00e1n tardando en sacar su pliego petitorio&#8221;, y luego vimos que este no era tan com\u00fan a otros pliegos. Hemos intentando buscar y creo que casi los pliegos petitorios eran \u201cpunto uno, que se vaya tal persona\u201d. Punto dos tal. Frases y exigencias y ya. Ten\u00edas a lo mejor 10 frases o 10 exigencias, poquito m\u00e1s, poquito menos, y ya. El pliego de ustedes tiene 60 cuartillas pr\u00e1cticamente, un poquito m\u00e1s, poquito menos. No s\u00e9 si por eso se estaban tardando tanto, porque a lo mejor no era la exigencia cl\u00e1sica de que se vaya una persona. Ante realidades tan complejas a la mejor (se necesitan) soluciones igual de complejas. Yo siento que su pliego no era cl\u00e1sico en ese sentido. Su pliego tambi\u00e9n dec\u00eda cu\u00e1les cre\u00edan que eran sus respuestas a las posibles respuestas. Y adem\u00e1s tend\u00eda, creo yo, aunque eso a lo mejor no se ha logrado, ya pasaremos a ese punto, a dialogar con la otra instancia sobre c\u00f3mo llegar a esos o acuerdos o posibles acuerdos. Creo que eso es algo digno de explorar. Y, tambi\u00e9n como nota que a lo mejor aporta en ese sentido, nos llam\u00f3 mucho la atenci\u00f3n cuando una compa\u00f1era en alguna de las mesas en San Jos\u00e9 le dijo a la procuradora que deber\u00eda tener m\u00e1s respeto por ustedes, pues un d\u00eda antes solo hab\u00edan dormido tres horas preparando la sesi\u00f3n. Entonces, tambi\u00e9n me da la sensaci\u00f3n de que en estas 8 semanas, adem\u00e1s de todo lo que ya nos contaron en las anteriores respuestas, tambi\u00e9n ha habido mucho estudio, mucho di\u00e1logo, mucho prepararse. \u00bfEs as\u00ed?<\/em><\/p>\n\n\n\n<p>Desde el inicio del movimiento el esp\u00edritu siempre fue procurar la horizontalidad. Entonces para nosotros exigir cosas a la autoridad tenemos que tener el consenso de toda la base estudiantil. Porque solamente la base estudiantil es qui\u00e9n sabe las necesidades que tiene.<\/p>\n\n\n\n<p>Y soluciones, cualquier soluci\u00f3n que pueda proponer la autoridad sin antes escucharnos pues va a ser superficial y no va a atacar a los verdaderos problemas que enfrentamos los estudiantes.<\/p>\n\n\n\n<p>Entonces, pues s\u00ed, se llev\u00f3 un proceso algo extenso de asambleas internas entre cada facultad para escuchar a la mayor cantidad de voces posibles y de ah\u00ed las facultades se reunieron con todo lo que se hab\u00eda recopilado de sus estudiantes y con ello se empez\u00f3 a armar el pliego general buscando cumplir todo todas las necesidades que tenemos los alumnos. En tema de seguridad aqu\u00ed dentro de la universidad y s\u00ed, es verdad que tambi\u00e9n en el movimiento pues hay alumnos muy capaces. Hay alumnos que est\u00e1n poni\u00e9ndolo todo y estudiando y mejor\u00e1ndonos a nosotros mismos para poderle entregarle algo a las autoridades que pueda ser cumplido de la manera debida. No quer\u00edamos dar respuestas ambiguas ni darle lugar a la autoridad de realizar alg\u00fan tipo de simulaci\u00f3n o algo que solamente busque cerrarnos la boca.<\/p>\n\n\n\n<p>Entonces fue la parte de este proceso extenso de horizontalidad para recabar la informaci\u00f3n de toda la base estudiantil y aparte este proceso de realizar un documento que est\u00e9 bien fundamentado, que recopile todas las necesidades de toda la base estudiantil y que no le d\u00e9 cabida a la autoridad para no cumplirlo, para no cumplir lo que les estamos pidiendo; que realmente lo que les estamos pidiendo es sentirnos seguros, que nuestra vida no est\u00e9 comprometida al venir a estudiar.<\/p>\n\n\n\n<p>Y bueno, s\u00ed es algo decepcionante que tengamos que tener tanto nivel para exigirle a las autoridades lo que desde un inicio ya deber\u00edan de habernos dado.<\/p>\n\n\n\n<p>*<\/p>\n\n\n\n<p>Es importante reconocer que muchas veces no hay respuestas reales, \u00bfno? Justamente hay simulaciones y lo hemos visto en muchas otras luchas sociales, que si bien pues si tiene pliegos &nbsp;petitorios muy puntuales, muchas veces se logran pocas cosas, porque yo creo que uno de los problemas m\u00e1s grandes es que las autoridades no quieren chambear.<\/p>\n\n\n\n<p>Esa es la impresi\u00f3n que me da y entonces pues lo que se hizo fue proponer cosas tambi\u00e9n. O sea no solo exigir, sino hacer como una sistematizaci\u00f3n de las peticiones que m\u00e1s se repet\u00edan, tratando de desarrollar como los puntos centrales de todas las peticiones de las diferentes facultades y unidades acad\u00e9micas hablando de cuestiones un poco m\u00e1s generales de seguridad, porque pues cada unidad acad\u00e9mica tiene sus necesidades espec\u00edficas.<\/p>\n\n\n\n<p>Y fue algo que incluimos tambi\u00e9n dentro del pliego petitorio, que se atienda a cada unidad acad\u00e9mica en espec\u00edfico, pero creo que esper\u00e1bamos poder tener una respuesta satisfactoria y pronta si nosotros tambi\u00e9n hac\u00edamos propuestas.<\/p>\n\n\n\n<p>Creo que se hizo un an\u00e1lisis un poco de algunas cosas que en los que hay vac\u00edos, cosas que no funcionan, protocolos que no funcionan en cuestiones de seguridad, de la unidad de g\u00e9nero y pues lo que se hace es proponer tambi\u00e9n. Es decir \u201cya te hice esta chamba nada m\u00e1s c\u00famplelo\u201d. Porque creo que es una manera, bueno, esper\u00e1bamos que fuera una manera un poquito m\u00e1s sencilla de que lo hicieran, \u00bfno? De que trabajaran. Pero bueno, no s\u00e9 si se ha visto hasta ahora eso, creo que no.<\/p>\n\n\n\n<p>*<\/p>\n\n\n\n<p>Tambi\u00e9n me gustar\u00eda a\u00f1adir que nuestras peticiones no solo se basan en condiciones materiales de seguridad. Tambi\u00e9n estamos pidiendo reestructuraci\u00f3n en los protocolos de denuncias y que no haya impunidad hacia los agresores que siguen estando presentes en las aulas, en las \u00e1reas administrativas, y que contin\u00faan impunes. Lo que buscamos tambi\u00e9n es buscar este sistema para que estas personas ya no tengan cabida dentro de la instituci\u00f3n.<\/p>\n\n\n\n<p><em>De hecho esas 60 y tantas cuartillas de propuestas, como nos acabas de narrar, est\u00e1n sintetizadas en nueve puntos. Y en ese sentido yo quisiera preguntarles\u2026 Dices \u201cyo creo que no quieren chambear\u201d. \u00bfC\u00f3mo ha sido eso? Yo entiendo que ahora ustedes no est\u00e1n hablando a nombre de toda la Resistencia porque todo lo llevan a consensos y asambleas, pero bueno, en la mirada de ustedes, \u00bfser\u00e1 que no las autoridades no quieren? \u00bfno pueden? \u00bfqu\u00e9 est\u00e1 pasando ah\u00ed? Porque las autoridades tambi\u00e9n sacaron de manera r\u00e1pida su respuesta a su pliego, y seg\u00fan ellas ya estaba satisfecho su pliego con sus respuestas. Entonces, \u00bfqu\u00e9 est\u00e1 pasando all\u00ed? Pasan las semanas, pasan con los di\u00e1logos, \u00bfqu\u00e9 es qu\u00e9 es lo que les hace sentir que est\u00e1 faltando del otro lado? Y sobre todo cuando afuera hay una lluvia de narrativas en donde se les acusa mucho a ustedes de ser intransigentes. Ustedes que tienen esa claridad de todo el pliego, \u00bfpor qu\u00e9 dicen que no hay avances reales en lo que han presentado las autoridades? \u00bfQu\u00e9 est\u00e1 pasando ah\u00ed? \u00bfPor qu\u00e9 a veces algunas voceras dicen &lt;&lt;Es que no nos est\u00e1n leyendo, no nos est\u00e1n entendiendo, no nos est\u00e1n escuchando, no se est\u00e1n poniendo en nuestro lugar&gt;&gt; \u00bfQu\u00e9 est\u00e1 pasando ah\u00ed? \u00bfCu\u00e1l ser\u00eda una buena se\u00f1al de que s\u00ed les est\u00e1n escuchando, de que s\u00ed est\u00e1n entendi\u00e9ndoles del otro lado lo m\u00ednimo en cuanto a seguridad? \u00bfEs que son ustedes intransigentes o qu\u00e9 est\u00e1 sucediendo ah\u00ed en ese di\u00e1logo entre ambas instancias?<\/em><\/p>\n\n\n\n<p>A pesar de que se ha podido entablar el di\u00e1logo con las autoridades, las respuestas que nos han dado hasta el momento han demostrado ser ambiguas, que no tienen protocolos verificables ni calendarizables, \u00bfno? Y justo a eso nos referimos cuando decimos que no queremos simulaciones. Queremos que nos digan &#8220;te voy a cumplir esto y te lo voy a cumplir de tal manera y en tal tiempo.&#8221; No es de nuestro conocimiento el por qu\u00e9 las autoridades no nos han dado ese tipo de respuestas que nosotros queremos. Pero es un hecho que no lo han hecho y por eso se siguen llevando a cabo los di\u00e1logos, y bueno tambi\u00e9n nos hemos visto obstaculizados muchas veces, \u00bfno? Hubo una ocasi\u00f3n donde tuvimos una mesa de di\u00e1logo que se vio interrumpida porque llegaron los directivos de la Facultad de Nutrici\u00f3n a hostigarlos durante un momento vulnerable porque estudiantes de ese plantel estaban atendiendo en ese momento a la mesa de di\u00e1logo. Entonces esto, adem\u00e1s de que ya se hab\u00eda firmado un acuerdo institucional de garant\u00eda de no represalias, nos impidi\u00f3 continuar con el di\u00e1logo. Porque el acuerdo ya estaba firmado, pero las represalias segu\u00edan sucediendo y est\u00e1bamos dejando vulnerables a los compa\u00f1eros que estaban en esas instalaciones. Entonces, cosas como esa nos han llegado a retrasar tambi\u00e9n ya que en ocasionan esas cosas tambi\u00e9n se tienen que hablar en las mesas de negociaciones.<\/p>\n\n\n\n<p>Entonces, yo no creo que sea intransigencia nuestra, porque nosotros ya dejamos bien en claro lo que estamos pidiendo, y a pesar de las respuestas ambiguas que nos entregan las autoridades, nosotros continuamos con el di\u00e1logo y les decimos &lt;&lt;es que esto no es as\u00ed, nosotros estamos pidiendo esto&gt;&gt; Pero pues bueno, seguimos con la motivaci\u00f3n y con el esp\u00edritu de que se nos cumplan todas nuestras exigencias.<\/p>\n\n\n\n<p><em>En ese sentido, de los nueve puntos del pliego, \u00bfhabr\u00eda algunos en los que ustedes sienten que ya se les cumpli\u00f3? \u00bfEso permitir\u00eda seguir avanzando o tienen que resolverse los nueve puntos juntos? Si quiz\u00e1s ha sido muy dif\u00edcil afuera seguir el ritmo de los di\u00e1logos, como ahora que est\u00e1n hablando en sesiones permanentes de 8 horas, \u00bfc\u00f3mo sintetizar\u00edan su recorrido? \u00bfCreen que est\u00e1n cerca, que est\u00e1n avanzado? Y sobre todo, qu\u00e9 ser\u00eda lo m\u00ednimo para decir \u201ccreemos que vamos a estar seguros en el campus\u201d. Porque afuera a veces pareciera que es un callej\u00f3n sin salida y entre ese callej\u00f3n sin salida avanza m\u00e1s, a lo mejor los dos polos se&nbsp; distancian m\u00e1s, y por fuera a lo mejor la poblaci\u00f3n deja m\u00e1s indefensa a un polo, \u00bfno? Justo escuchamos en algunas entrevistas que tambi\u00e9n han dado compa\u00f1eros de ustedes que de repente sienten que hacia fuera no se les comprende tanto<strong>.<\/strong><\/em><\/p>\n\n\n\n<p>Creo que ha sido un proceso medio complicado justamente ver cu\u00e1les son las condiciones m\u00ednimas que necesitamos, porque creo que la mayor\u00eda de las cosas que estamos pidiendo son cosas m\u00ednimas, \u00bfno? Y que la mayor\u00eda de universidades tienen\u2026 O sea es que ya est\u00e1 como dado por hecho que si llegas a un lugar te tienes que registrar al menos, \u00bfno?&nbsp; O sea, como que haya un control de entradas y salidas, que haya un registro, que haya personal de seguridad suficiente, y sabemos que no es algo que se pueda trabajar desde el seminario porque esas son cuestiones materiales, f\u00edsicas, pero lo que hemos pedido es al menos un cronograma, un diagrama, un plan, algo donde nos digan c\u00f3mo van a implementar eso que les estamos pidiendo. Y no nos han dicho.<\/p>\n\n\n\n<p>Y la comisi\u00f3n de seguimiento, porque pues s\u00ed queremos que se cumpla todo y no ma\u00f1ana, \u00bfno? Porque sabemos que hay cosas que son a corto plazo, a mediano plazo, a largo plazo, y no todo se puede lograr en una semana, pero s\u00ed nos gustar\u00eda que nos garantizaran que se van a ir cumpliendo, que va a haber un plan y plazos de cumplimiento, que fue una de las cosas que les pedimos para asegurarnos de que s\u00ed vamos a tener en alg\u00fan momento condiciones dignas de seguridad adentro del campus.<\/p>\n\n\n\n<p><em>En la opini\u00f3n p\u00fablica est\u00e1 la sensaci\u00f3n de que Resistencia no quiere regresar a los campus hasta que todos los acuerdos se resuelvan en el seminario. Yo ahora te acabo de escuchar que tienen esa claridad de que eso no es as\u00ed, de que tambi\u00e9n est\u00e1n con la visi\u00f3n de que hay cosas que se van a resolver ya dentro de \u00e9l, incluso uno de los puntos es el di\u00e1logo directo con cada facultad para resolver los asuntos. Pero esto a lo mejor no se ve afuera. Lo que me est\u00e1s diciendo es que al momento ni siquiera en lo m\u00ednimo, en lo m\u00ednimo para ustedes, han tenido una respuesta satisfactoria \u00bfEs as\u00ed?<\/em><\/p>\n\n\n\n<p>S\u00ed. No hay un plan. Hay una respuesta ambigua sin un plan de casi todas las cosas que hemos pedido.<\/p>\n\n\n\n<p><em>\u00bfSer\u00e1 que es posible que ocurra eso? Porque nos da la sensaci\u00f3n en las mesas de que ustedes hablan desde el coraz\u00f3n, desde su experiencia, desde su cuerpo, y rector\u00eda habla desde leyes, desde procesos, desde reglamentos. Las instituciones muchas veces est\u00e1n hechas para perdurar y ustedes quieren es transformar de ra\u00edz. Esto va a ser dif\u00edcil. En alg\u00fan punto no s\u00e9 si alguno de los dos espacios va a tener que ceder o se hace una mezcla ah\u00ed novedosa. \u00bfHan platicado entre ustedes c\u00f3mo se podr\u00e1 resolver eso? De ra\u00edz ambos movimientos tienen pues otra energ\u00eda, otro camino. \u00bfSe podr\u00e1n juntar? \u00bfTienen esperanza en eso?<\/em><\/p>\n\n\n\n<p>Pues lo que se est\u00e1 llevando a cabo con las autoridades es una negociaci\u00f3n, \u00bfno? Y en la negociaci\u00f3n pues siempre tienen que terminar como ganando ambas partes. De lo que estamos pidiendo no han cumplido ni con lo m\u00ednimo. Pero nosotros tampoco podemos como ceder en cosas si tampoco se nos est\u00e1 dando cumplimiento a lo m\u00ednimo que ahorita estamos pidiendo. Yo creo que s\u00ed est\u00e1 este potencial de poder llegar a acuerdos. Las autoridades por lo menos ya est\u00e1n en la disposici\u00f3n de sentarse enfrente de nosotros y escucharnos, \u00bfno?<\/p>\n\n\n\n<p>Eso nos hace creer a todos de que s\u00ed se va a llegar a resoluciones, solo que va a ser un proceso pues tardado, dif\u00edcil. Pero, como te comento, este movimiento es realizado por estudiantes que tienen esta motivaci\u00f3n, tienen esta llama dentro de ellos para que las cosas no se queden igual. &nbsp;<\/p>\n\n\n\n<p>Nosotros buscamos una transformaci\u00f3n, y no podemos dejar que se nos quede a medias, \u00bfno? Llevamos ocho semanas aqu\u00ed. Mucha gente ha puesto mucho de ellos, \u00bfno? Tanto su energ\u00eda, su mente, sus recursos para seguir manteniendo el movimiento y eso tambi\u00e9n nos mantiene firmes para llegar a acuerdos con las autoridades, que todav\u00eda tenemos la esperanza de que s\u00ed nos cumplan.<\/p>\n\n\n\n<figure class=\"wp-block-image size-large\"><img loading=\"lazy\" decoding=\"async\" width=\"1024\" height=\"689\" src=\"https:\/\/radiozapatista.org\/wp-content\/uploads\/2026\/04\/karol.jpg-1024x689.jpeg\" alt=\"\" class=\"wp-image-54153\" srcset=\"https:\/\/radiozapatista.org\/wp-content\/uploads\/2026\/04\/karol.jpg-1024x689.jpeg 1024w, https:\/\/radiozapatista.org\/wp-content\/uploads\/2026\/04\/karol.jpg-350x236.jpeg 350w, https:\/\/radiozapatista.org\/wp-content\/uploads\/2026\/04\/karol.jpg-768x517.jpeg 768w, https:\/\/radiozapatista.org\/wp-content\/uploads\/2026\/04\/karol.jpg-1536x1034.jpeg 1536w, https:\/\/radiozapatista.org\/wp-content\/uploads\/2026\/04\/karol.jpg-2048x1379.jpeg 2048w\" sizes=\"auto, (max-width: 1024px) 100vw, 1024px\" \/><\/figure>\n\n\n\n<p><strong><em>Si estamos haciendo esto es porque queremos estudiar en condiciones dignas<\/em><\/strong><\/p>\n\n\n\n<p><em>Retomando la discusi\u00f3n de que se han devuelto la confianza en ustedes mismos y han demostrado que es posible volver a estar juntos y dar la cara y luchar, creemos que la mayor\u00eda de ustedes, esa sensaci\u00f3n nos da, pues son compa\u00f1eros, compa\u00f1eras, compa\u00f1eres, que la mayor\u00eda quiz\u00e1s no pasan de los 24, 25 o incluso 20 a\u00f1os, \u00bfno? M\u00e1s, menos. En ese sentido literalmente nacieron, aprendieron a hablar, empezaron a caminar justo cuando estall\u00f3 la guerra en M\u00e9xico en el 2006. Por ello creemos que ha sido sorprendente y asombroso, y creo que tambi\u00e9n por eso nos asombran tanto en un sentido positivo, porque en muchos lugares ya est\u00e1 como esta sensaci\u00f3n de que ante un contexto tan pesado de inseguridad, feminicidios y de violencias de todo tipo desbordadas, ya la gente no pod\u00eda tener intentos de estar juntas para transformar cosas. Y de repente ah\u00ed est\u00e1 la Resistencia Estudiantil. Nos parece que est\u00e1n introduciendo cosas que hacen muy fuerte esa posibilidad de resistir juntos, juntas, en contextos muy fuertes y violentos. En ese sentido, \u00bfc\u00f3mo se autoconciben ustedes? \u00bfLo ven as\u00ed o son como m\u00e1s humildes, m\u00e1s tranquilos? \u00bfHan vislumbrado ese alcance que pudiera tener su lucha o est\u00e1n como por ahora m\u00e1s concentradas, m\u00e1s concentradas en el pliego, en lo inmediato? Esta semana algunos activistas y luchadores de viejo anta\u00f1o en Morelos ya dec\u00edan que ustedes son la nueva oleada del movimiento estudiantil. \u00bfEst\u00e1 esa sensaci\u00f3n en ustedes? \u00bfHan evaluado la fuerza de esta resistencia o van paso a paso? \u00bfSe ven como una generaci\u00f3n nueva que est\u00e1 introduciendo cosas novedosas acerca de c\u00f3mo resistir o la cotidianidad? \u00bfO en qu\u00e9 est\u00e1n concentrados, concentradas?<\/em><\/p>\n\n\n\n<p>Yo creo que es algo que ha oscilado mucho en este tiempo, al menos personalmente pienso que de repente s\u00ed me he sorprendido y me han sorprendido mis compa\u00f1eros, porque s\u00ed pienso que en el contexto en el que vivimos, no solo en M\u00e9xico, sino en el global, es necesario y es inevitable llegar a a este punto. Creo que se ha desarrollado una desconexi\u00f3n muy grande entre las personas. En general, creo que es mucho m\u00e1s dif\u00edcil hacer comunidad, es mucho m\u00e1s dif\u00edcil identificarse con un grupo. Y entonces pues llegamos a este punto por presiones externas que creo que pues no s\u00e9, al sentir esta sensaci\u00f3n de identificarnos, de unidad, de comunidad, creo que eso tambi\u00e9n nos da fuerza, o sea, como no haberlo vislumbrado antes. Es la percepci\u00f3n que yo ten\u00eda al menos como del mundo, de nuestras generaciones, de nuestros contextos, que pues que era muy complicado&nbsp; crear comunidad, crear, llevar o sostener procesos de resistencia, y creo que ver que al menos crear comunidad s\u00ed se puede es algo que tambi\u00e9n nos ha motivado para seguir adelante.<\/p>\n\n\n\n<p>Por otro lado, creo que tambi\u00e9n muchas veces pasa que pega un poco la desesperanza, \u00bfno? A veces es dif\u00edcil verlo como desde afuera. O no sabemos qu\u00e9 imagen estamos proyectando realmente al resto de la poblaci\u00f3n. Al menos a m\u00ed me ha pasado que muchas veces pienso &#8220;S\u00ed, vamos a hacer un cambio, y es algo hist\u00f3rico\u201d, y a veces digo &#8220;cu\u00e1ntos procesos ha habido as\u00ed que no llegan a nada\u201d. &nbsp;Y tambi\u00e9n pienso que es muy dif\u00edcil que, al menos que de Morelos salga como este tipo de noticias y este tipo de luchas, o sea, esto es otro contexto, por ejemplo, que en Ciudad de M\u00e9xico, que creo que s\u00ed pueden tener un poquito de m\u00e1s alcance medi\u00e1tico al menos.<\/p>\n\n\n\n<p>Y bueno, la sociedad es muy distinta tambi\u00e9n, pero s\u00ed, yo he oscilado mucho entre esas dos como extremos un poquito\u2026como de repente de mucha esperanza y luego de desesperanza y de frustraci\u00f3n y de pensar que\u2026 digo, tambi\u00e9n tenemos que enfocarnos en lo que est\u00e1 pasando, porque creo que hay crisis muy seguido, \u00bfno? Si no diario cada tercer d\u00eda, que hay que resolver y entonces pues tu energ\u00eda est\u00e1 como puesta en eso.<\/p>\n\n\n\n<p>Y es dif\u00edcil y creo que ha sido uno de los errores que hemos cometido, como no voltear a ver al resto del mundo y no encerrarnos en nosotros mismos, como en nuestra lucha, sino conectar con otras luchas y con otros procesos de resistencia.<\/p>\n\n\n\n<p>*<\/p>\n\n\n\n<p>S\u00ed, yo quisiera agregar que s\u00ed, como comentan, desde el primer momento esto fue muy org\u00e1nico, \u00bfno? Y nunca vislumbramos el alcance que podr\u00eda llegar a tener. Sin embargo las personas que est\u00e1n con nosotros, que nos apoyan, nos traen v\u00edveres o nos mandan mensajes de apoyo, lo que sea, nos expresan que les damos esperanza tambi\u00e9n a ellos, y nosotros les agradecemos por su apoyo y la respuesta que obtenemos es \u201cGracias a ustedes por lo que est\u00e1n haciendo\u201d.<\/p>\n\n\n\n<p>Entonces, pues s\u00ed, lo que inspir\u00f3 a este movimiento es un problema ya global, \u00bfno? Este movimiento en espec\u00edfico naci\u00f3 por ya meterse con universitarios. Entonces, es un movimiento universitario. Sin embargo, pues como comenta aqu\u00ed mi compa\u00f1era, el problema de inseguridad es un problema de todos, de todo el mundo.<\/p>\n\n\n\n<p>Y si la cosa sigue poni\u00e9ndose cada vez peor, pues la gente va a tener que exigir esa seguridad tarde o temprano, \u00bfno?<\/p>\n\n\n\n<p><em>Tambi\u00e9n nos da la sensaci\u00f3n de que le tienen mucho cari\u00f1o a la universidad. Incluso propusieron en alguna mesa que esto fuera un ecosistema controlado. \u00bfQu\u00e9 es para ustedes la universidad? Nos queda claro que se defienden a ustedes mismos, mismas, a las compa\u00f1eras sobre todo, pero tambi\u00e9n percibo que le tienen cari\u00f1o a la universidad. Percibimos que all\u00ed hay algo que tambi\u00e9n ha jugado en que resistan tanto. Ya han hablado en algunos de sus videos que lo que quieren es <\/em>habitar<em> su universidad. \u00bfPero qu\u00e9 significa eso? \u00bfQu\u00e9 significa para ustedes que la est\u00e9n defendiendo porque la quieren <\/em>habitar <em>con seguridad?<\/em><\/p>\n\n\n\n<p>Para nosotros como universitarios es una parte fundamental de nuestras vidas. Y nosotros estamos decidiendo venir aqu\u00ed a estudiar, a prepararnos, a conseguir nuestros sue\u00f1os, a superarnos, a ser mejores personas para tener una mejor sociedad. Entonces, no podemos estar permitiendo que se nos vulnere este espacio.<\/p>\n\n\n\n<p>No, no podemos permitir no sentirnos seguros aqu\u00ed dentro, \u00bfno? Entonces, bueno, esa es una parte que s\u00ed representa algo muy sagrado para nosotros: la universidad. Y tambi\u00e9n lo que estamos defendiendo pues es el derecho a la vida, \u00bfno?<\/p>\n\n\n\n<p>Eso tambi\u00e9n es una gran motivaci\u00f3n para nosotros porque, bueno, por lo menos para m\u00ed como hombre, pues yo tengo amigas, tengo una pareja, tengo mam\u00e1, tengo t\u00edas, \u00bfno? Y bueno, los hombres tambi\u00e9n est\u00e1n en riesgo, \u00bfno? De toda esta violencia. Y yo creo que dentro de cada uno de los que est\u00e1n en este movimiento est\u00e1 la preocupaci\u00f3n por estas personas a las que queremos proteger.<\/p>\n\n\n\n<p>A los pr\u00f3ximos estudiantes, \u00bfno? Aspirantes que quieran entrar a esta universidad, tambi\u00e9n cuidarlos a ellos y conseguir un espacio m\u00e1s seguro para nosotros los universitarios; y claro, claro que le tenemos mucho aprecio y mucho cari\u00f1o a la universidad. Al estarla habitando aqu\u00ed tambi\u00e9n se ha dado un fen\u00f3meno sobre sentirla tambi\u00e9n m\u00e1s propia.<\/p>\n\n\n\n<p>Nosotros al estarnos encargando del mantenimiento, de instalaciones, de procesos aqu\u00ed dentro, mantener todo este plant\u00f3n, pues inevitablemente ha provocado que aumente nuestro sentido de pertenencia aqu\u00ed.<\/p>\n\n\n\n<p>Y si en este momento nosotros estamos resguardando las instalaciones es para que en un futuro, cuando se nos cumplan las exigencias, las instalaciones puedan seguir seguras, \u00bfno? Que este sea un espacio de crecimiento personal, de conocer a personas hermosas, \u00bfno? Compa\u00f1eros que comparten tus ideales, que comparten sue\u00f1os, a lo mejor que pueda seguir siendo seguro para todos.<\/p>\n\n\n\n<p>*<\/p>\n\n\n\n<p>S\u00ed, siento que pasamos cu\u00e1nto tiempo aqu\u00ed adentro como estudiantes. Al final s\u00ed es pues como una segunda casa. Algunos pasan m\u00e1s tiempo aqu\u00ed que en su propia casa. Es como todas las actividades que podemos hacer aqu\u00ed, todas las personas a las que pues vas conociendo en tu proceso de vida universitaria.<\/p>\n\n\n\n<p>Los maestros tambi\u00e9n. creo que la mayor\u00eda estamos aqu\u00ed porque nos encanta aprender, porque nos gusta nuestra carrera, porque queremos crecer como personas, porque\u2026 al menos en mi caso creo que amo a mis compa\u00f1eros. Creo que tenemos una relaci\u00f3n muy bonita. Hay muchos maestros tambi\u00e9n que pues nos han dejado cosas s\u00faper valiosas, no solo como en cuestiones de contenido acad\u00e9mico sino para la vida.<\/p>\n\n\n\n<p>Pasamos un mont\u00f3n de tiempo aqu\u00ed, nos piden horas de formaci\u00f3n integral, tenemos que pasar m\u00e1s tiempo aqu\u00ed, tenemos que ir a pr\u00e1cticas, tenemos que hacer servicio social, como todo el tiempo que le dedicamos a eso, pues es nuestra vida estos cuatro o cinco a\u00f1os o m\u00e1s si est\u00e1s en un posgrado. &nbsp;Y son los espacios que habitamos porque s\u00ed es como una segunda casa.<\/p>\n\n\n\n<p>Y yo pienso que en este contexto de violencia estructural que se vive, pues qu\u00e9 mejor espacio para generar otro tipo de relaciones que una universidad, \u00bfno?<\/p>\n\n\n\n<p>Creo que eso no deber\u00eda ni de cuestionarse, creo que las autoridades que tienen una mentalidad muy institucional pues no lo pueden ver, pero qu\u00e9 mejor espacio para generar otro tipo de relaciones, otro tipo de estructuras. O sea, creo que es el lugar, \u00bfno? O sea, la escuela, tambi\u00e9n las prepas, \u00bfno? de la UNAM, los t\u00e9cnicos. Creo que pues nos estamos formando como personas, \u00bfno?<\/p>\n\n\n\n<p>Entonces s\u00ed es super necesario generar esta otra perspectiva como de convivencia, como pues no s\u00e9, como de paz, \u00bfno? De perspectiva de g\u00e9nero, de no violencia. Creo que eso empieza aqu\u00ed adentro.<\/p>\n\n\n\n<p>&nbsp;Y que justamente si las personas que est\u00e1n en la universidad se dedican a generar conocimiento y a reproducir este conocimiento, deber\u00eda de ser un espacio en el que quepa todo esto.<\/p>\n\n\n\n<p><em>Les agradecemos mucho esta charla, y cerramos pregunt\u00e1ndoles si hay algo importante que deseen agregar<\/em><\/p>\n\n\n\n<p>A m\u00ed me gustar\u00eda comunicarle a las personas que nos est\u00e1n escuchando que tambi\u00e9n ayuden a difundir la informaci\u00f3n sobre de lo que trata el movimiento. Para combatir tambi\u00e9n esta ola de desinformaci\u00f3n que nos est\u00e1 golpeando.<\/p>\n\n\n\n<p>Y que realmente somos alumnos molestos exigiendo sus derechos, \u00bfno? Es todo lo que somos y pues nada, tambi\u00e9n agradecer a toda esa gente que nos ha tra\u00eddo v\u00edveres, que nos ha mandado su apoyo de cualquier manera, de la manera que se ha podido. Agradecerles.<\/p>\n\n\n\n<p>*<\/p>\n\n\n\n<p>Yo s\u00ed quisiera agregar tambi\u00e9n que uno de los conflictos que estamos viviendo en estos \u00faltimos d\u00edas, en la semana anterior, pues es esta falsa como confrontaci\u00f3n que hay entre estudiantes por querer hacer esta ponderaci\u00f3n del derecho a la educaci\u00f3n y el derecho a la protesta, cuando el derecho a la vida es lo primordial, \u00bfno? Queremos ejercer nuestro derecho a la educaci\u00f3n y por eso estamos aqu\u00ed, no es que no queramos estudiar, no es que seamos flojos, porque tambi\u00e9n estar aqu\u00ed implica un esfuerzo muy grande y much\u00edsimo tiempo y un mont\u00f3n de energ\u00eda f\u00edsica y mental. Y pues tambi\u00e9n es un proceso de aprendizaje para todos, yo creo. No solo se aprende adentro de las aulas. Y bueno, si estamos haciendo esto es porque queremos estudiar en condiciones dignas. Queremos estudiar, por eso somos universitarios, por eso estamos aqu\u00ed.<\/p>\n\n\n\n<figure class=\"wp-block-image size-large\"><img loading=\"lazy\" decoding=\"async\" width=\"1024\" height=\"713\" src=\"https:\/\/radiozapatista.org\/wp-content\/uploads\/2026\/04\/Banana.jpg-1-1024x713.jpeg\" alt=\"\" class=\"wp-image-54154\" srcset=\"https:\/\/radiozapatista.org\/wp-content\/uploads\/2026\/04\/Banana.jpg-1-1024x713.jpeg 1024w, https:\/\/radiozapatista.org\/wp-content\/uploads\/2026\/04\/Banana.jpg-1-350x244.jpeg 350w, https:\/\/radiozapatista.org\/wp-content\/uploads\/2026\/04\/Banana.jpg-1-768x535.jpeg 768w, https:\/\/radiozapatista.org\/wp-content\/uploads\/2026\/04\/Banana.jpg-1-1536x1069.jpeg 1536w, https:\/\/radiozapatista.org\/wp-content\/uploads\/2026\/04\/Banana.jpg-1-2048x1425.jpeg 2048w\" sizes=\"auto, (max-width: 1024px) 100vw, 1024px\" \/><\/figure>\n","protected":false},"excerpt":{"rendered":"<p>En esta tarde lluviosa al norte de Cuernavaca, la Resistencia Estudiantil de la UAEM est\u00e1 a d\u00edas de cumplir ocho semanas de tener tomado el campus central de su universidad. La lluvia arrecia tanto que es en el estacionamiento d\u00f3nde entrena el equipo de box d\u00f3nde dos de sus integrantes nos comparten las ra\u00edces de [&hellip;]<\/p>\n","protected":false},"author":13,"featured_media":54154,"comment_status":"open","ping_status":"closed","sticky":false,"template":"","format":"standard","meta":{"footnotes":""},"categories":[957,190,935],"tags":[58,53,567,147,87,148,27],"class_list":["post-54148","post","type-post","status-publish","format-standard","has-post-thumbnail","hentry","category-autonomia","category-radiozapatista","category-temas","tag-derechos-humanos","tag-justicia","tag-megaproyectos","tag-militarizacion","tag-represion","tag-resistencia","tag-solidaridad"],"_links":{"self":[{"href":"https:\/\/radiozapatista.org\/index.php?rest_route=\/wp\/v2\/posts\/54148","targetHints":{"allow":["GET"]}}],"collection":[{"href":"https:\/\/radiozapatista.org\/index.php?rest_route=\/wp\/v2\/posts"}],"about":[{"href":"https:\/\/radiozapatista.org\/index.php?rest_route=\/wp\/v2\/types\/post"}],"author":[{"embeddable":true,"href":"https:\/\/radiozapatista.org\/index.php?rest_route=\/wp\/v2\/users\/13"}],"replies":[{"embeddable":true,"href":"https:\/\/radiozapatista.org\/index.php?rest_route=%2Fwp%2Fv2%2Fcomments&post=54148"}],"version-history":[{"count":2,"href":"https:\/\/radiozapatista.org\/index.php?rest_route=\/wp\/v2\/posts\/54148\/revisions"}],"predecessor-version":[{"id":54156,"href":"https:\/\/radiozapatista.org\/index.php?rest_route=\/wp\/v2\/posts\/54148\/revisions\/54156"}],"wp:featuredmedia":[{"embeddable":true,"href":"https:\/\/radiozapatista.org\/index.php?rest_route=\/wp\/v2\/media\/54154"}],"wp:attachment":[{"href":"https:\/\/radiozapatista.org\/index.php?rest_route=%2Fwp%2Fv2%2Fmedia&parent=54148"}],"wp:term":[{"taxonomy":"category","embeddable":true,"href":"https:\/\/radiozapatista.org\/index.php?rest_route=%2Fwp%2Fv2%2Fcategories&post=54148"},{"taxonomy":"post_tag","embeddable":true,"href":"https:\/\/radiozapatista.org\/index.php?rest_route=%2Fwp%2Fv2%2Ftags&post=54148"}],"curies":[{"name":"wp","href":"https:\/\/api.w.org\/{rel}","templated":true}]}}