{"id":53876,"date":"2026-03-17T12:37:00","date_gmt":"2026-03-17T18:37:00","guid":{"rendered":"https:\/\/radiozapatista.org\/?p=53876"},"modified":"2026-03-18T12:45:04","modified_gmt":"2026-03-18T18:45:04","slug":"convocatoria-a-sumarse-y-participar-en-el-tokin-por-el-cni-30-anos-de-resistencia-y-rebeldia","status":"publish","type":"post","link":"https:\/\/radiozapatista.org\/?p=53876","title":{"rendered":"Convocatoria a sumarse y participar en el \u00abTokin por el CNI: 30 a\u00f1os de Resistencia y Rebeld\u00eda\u00bb"},"content":{"rendered":"\n<p>Ciudad de M\u00e9xico, Marzo de 2026<\/p>\n\n\n\n<p>Desde la Casa de los Pueblos y Comunidades Ind\u00edgenas \u201cSamir Flores Soberanes\u201d y en el marco de las Jornadas Permanentes rumbo a los 30 a\u00f1os de la fundaci\u00f3n del Congreso Nacional Ind\u00edgena y frente a la Guerra Capitalista en contra de la Humanidad y los Pueblos Originarios\u2026<\/p>\n\n\n\n<p>CONVOCAMOS A LA SOLIDARIDAD NACIONAL E INTERNACIONAL Y A QUIENES DE POR S\u00cd, SU CORAZ\u00d3N LATE ABAJO Y A LA IZQUIERDA, PARA QUE SE SUMEN Y PARTICIPEN EN LAS ACTIVIDADES QUE TIENEN COMO OBJETIVO, RECAUDAR FONDOS PARA LA CELEBRACI\u00d3N DEL 30 ANIVERSARIO DEL CONGRESO NACIONAL IND\u00cdGENA, CNI.<\/p>\n\n\n\n<p><strong>Tok\u00edn por el CNI<\/strong><\/p>\n\n\n\n<p><strong>* 30 a\u00f1os de Resistencia y Rebeld\u00eda *<\/strong><\/p>\n\n\n\n<p><strong>25 DE ABRIL, DE 11:00 A 23:00 HRS. CAF\u00c9 ZAPATA VIVE.<\/strong><\/p>\n\n\n\n<p><strong>ANTROPOLOGOS 56 (ANTES 21B), COL. APATLACO. IZTAPALAPA. METRO APATLACO.&nbsp;<\/strong><\/p>\n\n\n\n<p>Convocamos a los musiquer@s, teatreros, cineastas, tatuadores, estudiant@s, colectiv@s, organizaciones, pueblos, comunidades, hombres, mujeres y otroas de buen coraz\u00f3n, a participar con su Canto, Poes\u00eda, M\u00fasica, Baile, Arte esc\u00e9nica, Danza, Cuento, Teatro, Cine, Bordado, Grabado, Escultura, Tatuaje, Fotograf\u00eda, Audio, Talleres, Trova, Rock, Ska, Reggae, Sonecitos, Salsa, Cumbia y mucho m\u00e1s.<\/p>\n\n\n\n<p>Tambi\u00e9n, les invitamos escuchar las lucha y resistencia de los pueblos que integran el Congreso Nacional Ind\u00edgena y, de quienes resisten contra el Sistema Capitalista y Patriarcal; es decir, les invitamos a participar con tu Alegre Rebeld\u00eda y tu Digna Rabia.<\/p>\n\n\n\n<p>TODOS LOS RECURSOS RECAUDADOS SER\u00c1N ENTREGADOS AL CONGRESO NACIONAL IND\u00cdGENA, CNI.<\/p>\n\n\n\n<p>Habr\u00e1 venta de comida, bebidas, botanas, postres, rifas, t\u00f3mbolas, libros, carteles, playeras; caf\u00e9, miel y artesan\u00edas de las comunidades zapatistas y de los pueblos originarios del CNI. S\u00famate y participa en la Mercadita Solidaria.<\/p>\n\n\n\n<p>Te interesa participar con tu alegre rebeld\u00eda y sumarte a la Mercadita Solidaria y dem\u00e1s actividades, manda mensaje al siguiente correo: comunicacionotomi@gmail.com<\/p>\n\n\n\n<p>En breve estaremos informando de los grupos que confirman su participaci\u00f3n en el Tok\u00edn rumbo al 30 Aniversario del Congreso Nacional Ind\u00edgena, CNI.<\/p>\n\n\n\n<p><strong>ATENTAMENTE<\/strong><\/p>\n\n\n\n<p><strong>\u00a1Por la Reconstituci\u00f3n Integral de nuestros Pueblos!<\/strong><\/p>\n\n\n\n<p><strong>\u00a1Alto a la Guerra en contra de los Pueblos Zapatistas!<\/strong><\/p>\n\n\n\n<p><strong>\u00a1Alto a la Guerra contra los Pueblos Originarios y Comunidades Ind\u00edgenas!<\/strong><\/p>\n\n\n\n<p><strong>\u00a1Defender \u201cEl Com\u00fan\u201d, es defender la Vida!<\/strong><\/p>\n\n\n\n<p><strong>\u00a1No nos Vendemos, No Claudicamos y No Traicionamos!<\/strong><\/p>\n\n\n\n<p><strong>\u00a1Vivos los Llevaron, Vivos los Queremos!<\/strong><\/p>\n\n\n\n<p><strong>\u00a1Agua, Tierra y Libertad!<\/strong><\/p>\n\n\n\n<p><strong>\u00a1Zapata Vive, la Lucha Sigue!<\/strong><\/p>\n\n\n\n<p><strong>\u00a1Samir Vive la Lucha Sigue!<\/strong><\/p>\n\n\n\n<p><strong>\u00a1Galeano Vive, la Lucha Sigue!<\/strong><\/p>\n\n\n\n<p><strong>\u00a1Viva nuestra Comandanta Ramona!<\/strong><\/p>\n\n\n\n<p><strong>\u00a1Vivos los Llevaron, Vivos los Queremos!<\/strong><\/p>\n\n\n\n<p><strong>\u00a1Viva el CNI, Viva el CIG, Viva el EZLN!<\/strong><\/p>\n\n\n\n<p><strong>\u00a1Viva la Asamblea Nacional por el Agua, la Vida y el Territorio!<\/strong><\/p>\n\n\n\n<p><strong>\u00a1No al Tren Maya!<\/strong><\/p>\n\n\n\n<p><strong>\u00a1No al Proyecto Integral Morelos!<\/strong><\/p>\n\n\n\n<p><strong>\u00a1No al Corredor Interoce\u00e1nico!<\/strong><\/p>\n\n\n\n<p><strong>\u00a1Desde el r\u00edo hasta el mar, Palestina vencer\u00e1!<\/strong><\/p>\n\n\n\n<p><strong>\u00a1Hasta que la Dignidad y la Justicia se hagan costumbre!<\/strong><\/p>\n\n\n\n<p><strong>Comunidad Ind\u00edgena Otom\u00ed, residente en la Ciudad de M\u00e9xico,<\/strong><\/p>\n\n\n\n<p><strong>integrante del Congreso Nacional Ind\u00edgena, CNI<\/strong><\/p>\n\n\n\n<p><strong>Caf\u00e9 Zapata Vive<\/strong><\/p>\n\n\n\n<p><\/p>\n","protected":false},"excerpt":{"rendered":"<p>Ciudad de M\u00e9xico, Marzo de 2026 Desde la Casa de los Pueblos y Comunidades Ind\u00edgenas \u201cSamir Flores Soberanes\u201d y en el marco de las Jornadas Permanentes rumbo a los 30 a\u00f1os de la fundaci\u00f3n del Congreso Nacional Ind\u00edgena y frente a la Guerra Capitalista en contra de la Humanidad y los Pueblos Originarios\u2026 CONVOCAMOS A [&hellip;]<\/p>\n","protected":false},"author":21,"featured_media":53877,"comment_status":"open","ping_status":"closed","sticky":false,"template":"","format":"standard","meta":{"footnotes":""},"categories":[957,51,1024,826,954,935],"tags":[63,58,53,567,147,545,87,148,27,483],"class_list":["post-53876","post","type-post","status-publish","format-standard","has-post-thumbnail","hentry","category-autonomia","category-autor","category-cni-temas","category-medios-libres-2","category-mexico","category-temas","tag-cni","tag-derechos-humanos","tag-justicia","tag-megaproyectos","tag-militarizacion","tag-pueblos-indigenas","tag-represion","tag-resistencia","tag-solidaridad","tag-tierra-y-territorio"],"_links":{"self":[{"href":"https:\/\/radiozapatista.org\/index.php?rest_route=\/wp\/v2\/posts\/53876","targetHints":{"allow":["GET"]}}],"collection":[{"href":"https:\/\/radiozapatista.org\/index.php?rest_route=\/wp\/v2\/posts"}],"about":[{"href":"https:\/\/radiozapatista.org\/index.php?rest_route=\/wp\/v2\/types\/post"}],"author":[{"embeddable":true,"href":"https:\/\/radiozapatista.org\/index.php?rest_route=\/wp\/v2\/users\/21"}],"replies":[{"embeddable":true,"href":"https:\/\/radiozapatista.org\/index.php?rest_route=%2Fwp%2Fv2%2Fcomments&post=53876"}],"version-history":[{"count":1,"href":"https:\/\/radiozapatista.org\/index.php?rest_route=\/wp\/v2\/posts\/53876\/revisions"}],"predecessor-version":[{"id":53878,"href":"https:\/\/radiozapatista.org\/index.php?rest_route=\/wp\/v2\/posts\/53876\/revisions\/53878"}],"wp:featuredmedia":[{"embeddable":true,"href":"https:\/\/radiozapatista.org\/index.php?rest_route=\/wp\/v2\/media\/53877"}],"wp:attachment":[{"href":"https:\/\/radiozapatista.org\/index.php?rest_route=%2Fwp%2Fv2%2Fmedia&parent=53876"}],"wp:term":[{"taxonomy":"category","embeddable":true,"href":"https:\/\/radiozapatista.org\/index.php?rest_route=%2Fwp%2Fv2%2Fcategories&post=53876"},{"taxonomy":"post_tag","embeddable":true,"href":"https:\/\/radiozapatista.org\/index.php?rest_route=%2Fwp%2Fv2%2Ftags&post=53876"}],"curies":[{"name":"wp","href":"https:\/\/api.w.org\/{rel}","templated":true}]}}