{"id":53872,"date":"2026-03-17T12:30:00","date_gmt":"2026-03-17T18:30:00","guid":{"rendered":"https:\/\/radiozapatista.org\/?p=53872"},"modified":"2026-03-18T12:37:17","modified_gmt":"2026-03-18T18:37:17","slug":"rumbo-a-los-5-anos-del-cierre-y-destruccion-de-la-empresa-traficante-de-agua-bonafont-danone","status":"publish","type":"post","link":"https:\/\/radiozapatista.org\/?p=53872","title":{"rendered":"Rumbo a los 5 a\u00f1os del cierre y destrucci\u00f3n de la empresa traficante de agua Bonafont Danone\u00a0"},"content":{"rendered":"\n<p>El 22 de marzo de 2021, los Pueblos Unidos de la Regi\u00f3n Cholulteca y de los Volcanes ejercimos nuestra libre determinaci\u00f3n y frenamos de tajo el robo de agua que, durante 29 a\u00f1os, la empresa Bonafont Danone realiz\u00f3 en la regi\u00f3n.<\/p>\n\n\n\n<p>Con base en el consenso colectivo de m\u00faltiples asambleas p\u00fablicas en m\u00e1s de 20 pueblos de la regi\u00f3n, las comunidades nahuas nos organizamos para que ni un litro de agua m\u00e1s saliera de esa empresa criminal multinacional. Sin ning\u00fan papeleo del mal gobierno ni bajo sus tiempo y leyes, los pueblos nahuas logramos que, con base en la autonom\u00eda, los 2 millones de litros de agua con los que lucraba diariamente Bonafont Danone, fuesen liberados por los pueblos; los ameyales, pozos artesanales, r\u00edos y canales de agua se comenzaron a regenerar: El trabajo colectivo dio resultados colectivos y el agua regres\u00f3 a nuestras comunidades.<\/p>\n\n\n\n<p>Es por eso que en el marco del 5to aniversario del cierre y destrucci\u00f3n de la empresa Bonafont Danone, rumbo a los 30 a\u00f1os del Congreso Nacional Ind\u00edgena, atendiendo a la emergencia del continuo tr\u00e1fico de agua en la regi\u00f3n de los pueblos nahuas de la Regi\u00f3n Cholulteca, al llamado de nuestr@s herman@s y compa\u00f1er@s del pueblo de Xoxtla, al llamado de l@s compa\u00f1er@s Otom\u00edes del pueblo de Santiago Mexquititl\u00e1n, Quer\u00e9taro y a los acuerdos realizados en la Sexta Asamblea Nacional por el Agua, la Vida y el Territorio, realizada con l@s compa\u00f1er@s Yaquis en el her\u00f3ico pueblo de Loma de B\u00e1cum, Sonora, extendemos la invitaci\u00f3n a la Caravana Rodante por el Agua, la Vida y el Territorio, que se llevar\u00e1 a cabo el d\u00eda 22 de marzo de 2026, a partir de las 9:00 hrs., y que tendr\u00e1 inicio frente a las ruinas de la extinta Bonafont Danone, carretera federal M\u00e9xico-Puebla, km. 96.1 San Mateo Cuanal\u00e1, Juan C. Bonilla, Puebla, para posteriormente recorrer los pueblos de Tlaltenango, Xalmimilulco, Analco y cerrar en la resistencia y defensa del agua del pueblo de Xoxtla.<\/p>\n\n\n\n<p><strong>ATENTAMENTE&nbsp;<\/strong><\/p>\n\n\n\n<p><strong>PUEBLOS UNIDOS DE LA REGI\u00d3N CHOLULTECA Y DE LOS VOLCANES<\/strong><\/p>\n","protected":false},"excerpt":{"rendered":"<p>El 22 de marzo de 2021, los Pueblos Unidos de la Regi\u00f3n Cholulteca y de los Volcanes ejercimos nuestra libre determinaci\u00f3n y frenamos de tajo el robo de agua que, durante 29 a\u00f1os, la empresa Bonafont Danone realiz\u00f3 en la regi\u00f3n. Con base en el consenso colectivo de m\u00faltiples asambleas p\u00fablicas en m\u00e1s de 20 [&hellip;]<\/p>\n","protected":false},"author":21,"featured_media":53873,"comment_status":"open","ping_status":"closed","sticky":false,"template":"","format":"standard","meta":{"footnotes":""},"categories":[957,51,826,958,954,935],"tags":[58,53,567,147,545,87,148,27,483],"class_list":["post-53872","post","type-post","status-publish","format-standard","has-post-thumbnail","hentry","category-autonomia","category-autor","category-medios-libres-2","category-megaproyectos","category-mexico","category-temas","tag-derechos-humanos","tag-justicia","tag-megaproyectos","tag-militarizacion","tag-pueblos-indigenas","tag-represion","tag-resistencia","tag-solidaridad","tag-tierra-y-territorio"],"_links":{"self":[{"href":"https:\/\/radiozapatista.org\/index.php?rest_route=\/wp\/v2\/posts\/53872","targetHints":{"allow":["GET"]}}],"collection":[{"href":"https:\/\/radiozapatista.org\/index.php?rest_route=\/wp\/v2\/posts"}],"about":[{"href":"https:\/\/radiozapatista.org\/index.php?rest_route=\/wp\/v2\/types\/post"}],"author":[{"embeddable":true,"href":"https:\/\/radiozapatista.org\/index.php?rest_route=\/wp\/v2\/users\/21"}],"replies":[{"embeddable":true,"href":"https:\/\/radiozapatista.org\/index.php?rest_route=%2Fwp%2Fv2%2Fcomments&post=53872"}],"version-history":[{"count":1,"href":"https:\/\/radiozapatista.org\/index.php?rest_route=\/wp\/v2\/posts\/53872\/revisions"}],"predecessor-version":[{"id":53874,"href":"https:\/\/radiozapatista.org\/index.php?rest_route=\/wp\/v2\/posts\/53872\/revisions\/53874"}],"wp:featuredmedia":[{"embeddable":true,"href":"https:\/\/radiozapatista.org\/index.php?rest_route=\/wp\/v2\/media\/53873"}],"wp:attachment":[{"href":"https:\/\/radiozapatista.org\/index.php?rest_route=%2Fwp%2Fv2%2Fmedia&parent=53872"}],"wp:term":[{"taxonomy":"category","embeddable":true,"href":"https:\/\/radiozapatista.org\/index.php?rest_route=%2Fwp%2Fv2%2Fcategories&post=53872"},{"taxonomy":"post_tag","embeddable":true,"href":"https:\/\/radiozapatista.org\/index.php?rest_route=%2Fwp%2Fv2%2Ftags&post=53872"}],"curies":[{"name":"wp","href":"https:\/\/api.w.org\/{rel}","templated":true}]}}