{"id":53840,"date":"2026-03-15T19:05:56","date_gmt":"2026-03-16T01:05:56","guid":{"rendered":"https:\/\/radiozapatista.org\/?p=53840"},"modified":"2026-03-15T19:07:30","modified_gmt":"2026-03-16T01:07:30","slug":"se-cae-el-teatro-montado-por-uriel-carmona-sobre-el-asesinato-de-samir-juez-federal-reconoce-las-inconsistencias-en-la-carpeta-de-investigacion-sobre-el-asesinato","status":"publish","type":"post","link":"https:\/\/radiozapatista.org\/?p=53840","title":{"rendered":"Se cae el teatro montado por Uriel Carmona sobre el asesinato de Samir: Juez federal reconoce las inconsistencias en la carpeta de investigaci\u00f3n sobre el asesinato"},"content":{"rendered":"\n<p>A CASI 4 A\u00d1OS DEL INICIO DE ESTE JUICIO, DA ABSOLUCI\u00d3N AL \u00daNICO DETENIDO COMO PRESUNTO CULPABLE DEL ASESINATO DE SAMIR FLORES<\/p>\n\n\n\n<p>El d\u00eda de ayer 13 de marzo del 2026, el juez federal emiti\u00f3 sentencia sobre el \u00fanico detenido como presunto culpable del asesinato de nuestro compa\u00f1ero Samir Flores Soberanes. Por un lado, el juez reconoci\u00f3 que qued\u00f3 demostrado en el presente juicio, que existi\u00f3 un m\u00f3vil para asesinar a SAMIR: su activismo social ante el Proyecto Integral Morelos y por sus denuncias como comunicador comunitario.<\/p>\n\n\n\n<p>Por otro lado, el juez federal di\u00f3 la absoluci\u00f3n a Javier \u201cN\u201d al calificar de deficientes e inveros\u00edmiles las entrevistas de los principales testigos de la teor\u00eda del caso, al concluir que la forma en que la Fiscal\u00eda de Morelos (que en ese entonces estaba encabezada por Uriel Carmona) incorpor\u00f3 estos testimonios en la carpeta de investigaci\u00f3n denotando muchas inconsistencias y que \u201cpareciera que la Fiscal\u00eda buscaba ocultar algo m\u00e1s grande\u201d.<\/p>\n\n\n\n<p>Se lo venimos diciendo a la Fiscal\u00eda Especializada en Delitos contra la Libre Expresi\u00f3n (FEADLE) desde hace 3 a\u00f1os, cuando supimos que continuar\u00eda con el mismo gui\u00f3n de Carmona. La investigaci\u00f3n sobre el asesinato de Samir era un montaje mal hecho de la Fiscal\u00eda de Morelos para distraer y encubrir a los autores materiales e intelectuales del asesinato de nuestro compa\u00f1ero Samir Flores Soberanes y a pesar de ello, insisti\u00f3 en continuar con esta acusaci\u00f3n, en vez de evidenciar las anomal\u00edas en la integraci\u00f3n de la carpeta y enfocar sus esfuerzos a desarrollar su propia investigaci\u00f3n.<\/p>\n\n\n\n<p>Y a pesar de ello, cit\u00f3 a declarar a la familia de Samir y a compa\u00f1eras y compa\u00f1eros de lucha, someterlos a un proceso desgastante por casi 4 a\u00f1os, los testimonios por m\u00e1s cuidado que quiso poner la FEADLE, fueron revictimizantes, dolorosos e innecesarios. Solo fueron utilizados para tener m\u00e1s elementos alrededor que presentar y querer tapar o suplantar las deficiencias de la acusaci\u00f3n y la construcci\u00f3n de verdad de Uriel Carmona.<\/p>\n\n\n\n<p>Al continuar con el gui\u00f3n construido por la Fiscal\u00eda de Morelos se le cay\u00f3 la teor\u00eda del caso a la FEADLE, la cual era una imagen clara de a qui\u00e9n perseguir, pero imposible de reproducir en el juicio y de ser cre\u00edble los testimonios ocurridos.<\/p>\n\n\n\n<p>Con respecto a los pueblos y a los que buscamos justicia para Samir, le demostramos a la federaci\u00f3n que ten\u00edamos raz\u00f3n, Uriel Carmona construy\u00f3 una carpeta de investigaci\u00f3n a modo en el caso de Samir y, alrededor de esa construcci\u00f3n hay una serie de posibles delitos que se cometieron, como lo son la construcci\u00f3n de testimonios y testigos, la desaparici\u00f3n forzada de testigos, el asesinato de testigos, posibles declaraciones bajo tortura, golpes o tratos crueles e inhumanos, declaraci\u00f3n de hechos falsos ante el juez, ocultamiento y desaparici\u00f3n de carpetas de investigaci\u00f3n, entre otros. Pues a pesar de que los testigos antes de su asesinato y desaparici\u00f3n manifestaron temer por sus vidas, la Fiscal\u00eda de Morelos no di\u00f3 protecci\u00f3n a los testigos.<\/p>\n\n\n\n<p>La FEADLE tendr\u00e1 que ser humilde y aceptar que se equivoc\u00f3 en concentrar todos sus esfuerzos en un caso que perdi\u00f3 desde el inicio, porque no ten\u00eda consistencia la investigaci\u00f3n de Uriel Carmona, pero tampoco empieza desde cero. Si realmente est\u00e1 interesada en dar con los culpables del asesinato de Samir, tiene que investigar y llamar a declarar a Lopez Obrador, Uriel Carmona, Cuauht\u00e9moc Blanco, Hugo Erik Flores, Valent\u00edn Lavin, Angelina N y Humberto Sandoval, y ahora, tambi\u00e9n a los polic\u00edas ministeriales que pudieron incurrir en delitos cometidos como funcionarios p\u00fablicos en la procuraci\u00f3n de justicia al rendir declaraciones falsas en el juicio sobre los principales testigos que dan cuenta quienes mataron a Samir, pues hay que preguntarles por que declararon con falsedad, antes de que huyan o los maten, que no se le desea a nadie, pero es desgraciadamente el patr\u00f3n que ha llevado la investigaci\u00f3n de qui\u00e9n asesino a Samir.<\/p>\n\n\n\n<p>Adem\u00e1s se debe investigar toda la cadena de mando en la Fiscal\u00eda de Morelos, desde el ministerio publico hasta el ex Fiscal Uriel Carmona. Con lo desahogado y demostrado en el juicio (mala actuaci\u00f3n y posible encubrimiento de la fiscal\u00eda de Morelos) preguntamos: \u00bfPor qu\u00e9 le interesaba encubrir el asesinato de Samir o construir testimonios sobre el asesinato de Samir? \u00bfA qui\u00e9n quer\u00eda proteger Uriel Carmona? Quienes verdaderamente saben qui\u00e9n mand\u00f3 matar a Samir son los de arriba. Por eso se cubren entre ellos mismos, se enrollan como serpientes y se esconden para ocultar las cabezas de los culpables, se niegan a citarlos a declarar, se niegan a investigarlos, se niegan a mirar lo que esta frente a sus ojos, lo que es evidente. Nos preguntamos \u00bfla FEADLE continuar\u00e1 con esta metodolog\u00eda novelesca de inventarse nuevos personajes, testimonios y guiones absurdos? O realmente \u00bfhar\u00e1 una investigaci\u00f3n seria, comprometida y \u00e9tica para dar con los asesinos materiales e intelectuales de nuestro compa\u00f1ero?<\/p>\n\n\n\n<p>Con la resoluci\u00f3n del juicio se caen los principales elementos de la investigaci\u00f3n sobre los autores materiales del asesinato de Samir, pero se abre una nueva l\u00ednea de investigaci\u00f3n: \u00bfpor qu\u00e9 la Fiscal\u00eda de Morelos fabric\u00f3 pruebas en el asesinato de Samir? Pues quien distrae y fabrica pruebas tiene un inter\u00e9s y participaci\u00f3n en el asunto.<\/p>\n\n\n\n<p>Una vez m\u00e1s, insistimos en que se cite a declarar e investigue a Lopez Obrador, Uriel Carmona, Cuauht\u00e9moc Blanco, Hugo Erik Flores, Valent\u00edn Lavin (presidente municipal de Temoac) Angelina N y Humberto Sandoval. En la investigaci\u00f3n del asesinato de Samir se deben de usar los entornos, las referencias, los se\u00f1alamientos directos e indirectos en un contexto de hostigamiento contra una persona defensora de derechos humanos, se debe de entender la complejidad contextual y material que se observa para llegar a la verdad de los hechos que acontecieron el 20 de febrero de 2019, entre las 5 y 6 de la ma\u00f1ana en la comunidad de Amilcingo, en la puerta de su casa, donde fue asesinado el locutor de la Radio Comunitaria Amiltzinko, luchador social y l\u00edder en su comunidad e integrante del FPDTA-MPT, Samir Flores Soberanes, quien pago con su propia vida el defender sus ideales y los derechos de su pueblo, 3 d\u00edas antes de la consulta nacional sobre el destino del Proyecto Integral Morelos.<\/p>\n\n\n\n<p><strong>\u00a1Basta de simulaci\u00f3n!<\/strong><\/p>\n\n\n\n<p><strong>T\u2019neki tlalle una atl para tenochti, amo timikiske por tumi \u2013 Queremos tierra y agua para todos, no morir por dinero.<\/strong><\/p>\n\n\n\n<p><strong>FRENTE DE PUEBLOS EN DEFENSA DE LA TIERRA Y EL AGUA, MORELOS, PUEBLA Y TLAXCALA<\/strong><\/p>\n\n\n\n<figure class=\"wp-block-image\"><img decoding=\"async\" src=\"http:\/\/www.congresonacionalindigena.org\/wp-content\/uploads\/2026\/03\/FB_IMG_1773582027420-232x300.jpg\" alt=\"\" class=\"wp-image-11964\"\/><\/figure>\n\n\n\n<figure class=\"wp-block-image\"><img decoding=\"async\" src=\"http:\/\/www.congresonacionalindigena.org\/wp-content\/uploads\/2026\/03\/FB_IMG_1773582030037-232x300.jpg\" alt=\"\" class=\"wp-image-11965\"\/><\/figure>\n\n\n\n<p><\/p>\n","protected":false},"excerpt":{"rendered":"<p>A CASI 4 A\u00d1OS DEL INICIO DE ESTE JUICIO, DA ABSOLUCI\u00d3N AL \u00daNICO DETENIDO COMO PRESUNTO CULPABLE DEL ASESINATO DE SAMIR FLORES El d\u00eda de ayer 13 de marzo del 2026, el juez federal emiti\u00f3 sentencia sobre el \u00fanico detenido como presunto culpable del asesinato de nuestro compa\u00f1ero Samir Flores Soberanes. Por un lado, el [&hellip;]<\/p>\n","protected":false},"author":21,"featured_media":53841,"comment_status":"open","ping_status":"closed","sticky":false,"template":"","format":"standard","meta":{"footnotes":""},"categories":[957,51,826,958,954,935],"tags":[58,53,567,147,23,545,87,148,1581,27,483],"class_list":["post-53840","post","type-post","status-publish","format-standard","has-post-thumbnail","hentry","category-autonomia","category-autor","category-medios-libres-2","category-megaproyectos","category-mexico","category-temas","tag-derechos-humanos","tag-justicia","tag-megaproyectos","tag-militarizacion","tag-paramilitares","tag-pueblos-indigenas","tag-represion","tag-resistencia","tag-samir-flores-soberanes","tag-solidaridad","tag-tierra-y-territorio"],"_links":{"self":[{"href":"https:\/\/radiozapatista.org\/index.php?rest_route=\/wp\/v2\/posts\/53840","targetHints":{"allow":["GET"]}}],"collection":[{"href":"https:\/\/radiozapatista.org\/index.php?rest_route=\/wp\/v2\/posts"}],"about":[{"href":"https:\/\/radiozapatista.org\/index.php?rest_route=\/wp\/v2\/types\/post"}],"author":[{"embeddable":true,"href":"https:\/\/radiozapatista.org\/index.php?rest_route=\/wp\/v2\/users\/21"}],"replies":[{"embeddable":true,"href":"https:\/\/radiozapatista.org\/index.php?rest_route=%2Fwp%2Fv2%2Fcomments&post=53840"}],"version-history":[{"count":1,"href":"https:\/\/radiozapatista.org\/index.php?rest_route=\/wp\/v2\/posts\/53840\/revisions"}],"predecessor-version":[{"id":53842,"href":"https:\/\/radiozapatista.org\/index.php?rest_route=\/wp\/v2\/posts\/53840\/revisions\/53842"}],"wp:featuredmedia":[{"embeddable":true,"href":"https:\/\/radiozapatista.org\/index.php?rest_route=\/wp\/v2\/media\/53841"}],"wp:attachment":[{"href":"https:\/\/radiozapatista.org\/index.php?rest_route=%2Fwp%2Fv2%2Fmedia&parent=53840"}],"wp:term":[{"taxonomy":"category","embeddable":true,"href":"https:\/\/radiozapatista.org\/index.php?rest_route=%2Fwp%2Fv2%2Fcategories&post=53840"},{"taxonomy":"post_tag","embeddable":true,"href":"https:\/\/radiozapatista.org\/index.php?rest_route=%2Fwp%2Fv2%2Ftags&post=53840"}],"curies":[{"name":"wp","href":"https:\/\/api.w.org\/{rel}","templated":true}]}}