{"id":53830,"date":"2026-03-12T16:29:57","date_gmt":"2026-03-12T22:29:57","guid":{"rendered":"https:\/\/radiozapatista.org\/?p=53830"},"modified":"2026-03-12T16:29:59","modified_gmt":"2026-03-12T22:29:59","slug":"violencia-contra-pueblos-originarios-de-villa-milpa-alta-por-grupos-de-choque-de-la-alcaldia-de-milpa-alta","status":"publish","type":"post","link":"https:\/\/radiozapatista.org\/?p=53830","title":{"rendered":"Violencia contra Pueblos Originarios de Villa Milpa Alta por grupos de choque de la Alcald\u00eda de Milpa Alta"},"content":{"rendered":"\n<h4 class=\"wp-block-heading has-text-align-center\"><a href=\"https:\/\/public-api.wordpress.com\/bar\/?stat=groovemails-events&amp;bin=wpcom_email_click&amp;redirect_to=https%3A%2F%2Fwww.congresonacionalindigena.org%2F2026%2F03%2F12%2Fcomunicado-con-respecto-a-los-actos-de-violencia-perpetrados-por-funcionarios-y-grupos-de-choque-y-de-interes-de-la-alcaldia-milpa-alta-en-la-asamblea-del-pueblo-originario-de-villa-milpa-alta%2F&amp;sr=0&amp;signature=0e2c6c362db25892f3d5411c6de7de18&amp;blog_id=124575970&amp;user=3235f92b252ade0122c50f0bd7f87542&amp;_e=eyJlcnJvciI6bnVsbCwiYmxvZ19pZCI6MTI0NTc1OTcwLCJibG9nX2xhbmciOiJlcyIsInNpdGVfaWRfbGFiZWwiOiJqZXRwYWNrIiwiaGFzX2ZlYXR1cmVkX2ltYWdlIjoiMCIsInN1YnNjcmliZXJfaWQiOiIyNjEwMTk3MzYiLCJfdWkiOiIzMjM1ZjkyYjI1MmFkZTAxMjJjNTBmMGJkN2Y4NzU0MiIsIl91dCI6ImFub24iLCJlbWFpbF9kb21haW4iOiJwcm90b25tYWlsLmNvbSIsInBvc3RfaWQiOjExOTYwLCJ1c2VyX2VtYWlsIjoicmFkaW96YXBhdGlzdGFAcHJvdG9ubWFpbC5jb20iLCJkYXRlX3NlbnQiOiIyMDI2LTAzLTEyIiwiZW1haWxfbmFtZSI6Im5ldy1wb3N0IiwidGVtcGxhdGUiOiJuZXctcG9zdCIsImVtYWlsX2lkIjoiODlhZWExNGQxYzFjMmVmNmNmN2Q2NzRkYTg0ZTBiNTQiLCJsaW5rX2Rlc2MiOiJwb3N0LXVybCIsImFuY2hvcl90ZXh0IjoiQ09NVU5JQ0FETzogQ29uIHJlc3BlY3RvIGEgbG9zIGFjdG9zIGRlIHZpb2xlbmNpYSBwZXJwZXRyYWRvcyBwb3IgZnVuY2lvbmFyaW9zIHkgZ3J1cG9zIGRlIGNob3F1ZSB5IGRlIGludGVyXHUwMGU5cyBkZSBsYSBBbGNhbGRcdTAwZWRhIE1pbHBhIEFsdGEgZW4gbGEgQXNhbWJsZWEgZGVsIFB1ZWJsbyBPcmlnaW5hcmlvIGRlIFZpbGxhIE1pbHBhXHUwMGEwQWx0YSIsIl9kciI6bnVsbCwiX2RsIjoiXC93cGNvbVwvdjJcL3NpdGVzXC8xMjQ1NzU5NzBcL2pldHBhY2stc3luYy1hY3Rpb25zP3N5bmM9MSZjb2RlYz1kZWZsYXRlLWpzb24tYXJyYXkmdGltZXN0YW1wPTE3NzMzNDQxMDMuMTcxJnF1ZXVlPXN5bmMmY2Q9MC4wMTQ3JnBkPTAuMDAxNSZxdWV1ZV9zaXplPTQmYnVmZmVyX2lkPTY5YjMxNTY3MjVkN2E4LjI1MjA3NTQ5JnN5bmNfZmxvd190eXBlPWRlZGljYXRlZCZzdG9yYWdlX3R5cGU9Y3VzdG9tJnRpbWVvdXQ9MjAmaG9tZT1odHRwcyUzQSUyRiUyRnd3dy5jb25ncmVzb25hY2lvbmFsaW5kaWdlbmEub3JnJnNpdGV1cmw9aHR0cHMlM0ElMkYlMkZ3d3cuY29uZ3Jlc29uYWNpb25hbGluZGlnZW5hLm9yZyZpZGM9MSIsIl9lbiI6IndwY29tX2VtYWlsX2NsaWNrIiwiX3RzIjoxNzczMzQ0MTkwNjc3LCJicm93c2VyX3R5cGUiOiJwaHAtYWdlbnQiLCJfYXVhIjoid3Bjb20tdHJhY2tzLWNsaWVudC12MC4zIiwiX3VsIjpudWxsLCJibG9nX3R6IjoiLTYiLCJ1c2VyX2xhbmciOm51bGx9&amp;_z=z\" target=\"_blank\" rel=\"noreferrer noopener\">COMUNICADO: Con respecto a los actos de violencia perpetrados por funcionarios y grupos de choque y de inter\u00e9s de la Alcald\u00eda Milpa Alta en la Asamblea del Pueblo Originario de Villa Milpa Alta<\/a><\/h4>\n\n\n\n<p>La tarde del 11 de marzo del presente a\u00f1o se llev\u00f3 a cabo la Asamblea del Pueblo Originario de Villa Milpa Alta en la explanada de la alcald\u00eda, con el objetivo de conformar un Comit\u00e9 de Vigilancia y Seguimiento para el Presupuesto Participativo 2026 y 2027.<\/p>\n\n\n\n<p>Es importante recordar que, derivado del juicio de amparo 1069\/2025, radicado ante el Juzgado Tercero en Materia Administrativa, se orden\u00f3 a la Secretar\u00eda de Pueblos y Barrios Originarios y Comunidades Ind\u00edgenas Residentes (SEPI) salvaguardar los derechos colectivos del pueblo originario de Villa Milpa Alta. Como resultado de este proceso jur\u00eddico, el 16 de diciembre de 2025 se public\u00f3 en la Gaceta Oficial de la Ciudad de M\u00e9xico el reconocimiento de Villa Milpa Alta como Pueblo Originario.<\/p>\n\n\n\n<p>En este contexto y en ejercicio de nuestros derechos colectivos, la Asamblea del pasado 25 de febrero de 2026 acord\u00f3 convocar a una nueva asamblea en la explanada principal del pueblo con la finalidad de conformar un Comit\u00e9 de Seguimiento y Vigilancia del Presupuesto Participativo 2026 y 2027 emanado desde la asamblea, mecanismo que busca garantizar la transparencia, el correcto uso de los recursos p\u00fablicos y la participaci\u00f3n directa de la comunidad en las decisiones que afectan a nuestro territorio.<\/p>\n\n\n\n<p>Una vez instalada la asamblea del 11 de marzo del presente a\u00f1o, se incorporaron al lugar personal de la Alcald\u00eda Milpa Alta, as\u00ed como integrantes de la COPACO. Con el \u00e1nimo de privilegiar el di\u00e1logo y la participaci\u00f3n colectiva, a los integrantes de la COPACO se les extendi\u00f3 la invitaci\u00f3n a formar parte de la mesa del pres\u00eddium, con la intenci\u00f3n de integrarlos al proceso que la comunidad se encontraba desarrollando.<\/p>\n\n\n\n<p>Sin embargo, durante el desarrollo de la asamblea se suscitaron actos de violencia, agresiones y desorden, que atentaron contra el car\u00e1cter pac\u00edfico y comunitario de este espacio de participaci\u00f3n.<\/p>\n\n\n\n<p>Por ello, denunciamos ante la comunidad que se\u00f1alamos de manera directa a Oscar Cadena L\u00f3pez (servidor p\u00fablico y COPACO), Mar\u00eda Luisa S\u00e1nchez Cruz (servidora p\u00fablica y COPACO), Jezabel Renter\u00eda (servidora p\u00fablica y COPACO), Francisca Azalia Granados Rojas (COPACO), Blanca Margarita Salgado Romero (COPACO) e Iv\u00e1n Arrieta, as\u00ed como a otras personas vinculadas a la Alcald\u00eda Milpa Alta y a grupos de choque que cargaban armas de fuego y armas blancas identificados y se\u00f1alados por los asistentes de la asamblea, estos grupos de choque propiciaron actos de violencia f\u00edsica, verbal y psicol\u00f3gica, insultando, amedrentando e incluso amenazando de muerte a integrantes del consejo, en contra de la asamblea, y la comunidad.<\/p>\n\n\n\n<p>Asimismo, denunciamos que durante estos hechos se ejerci\u00f3 violencia de g\u00e9nero, agresiones f\u00edsicas contra personas adultas mayores originarias del pueblo de Villa Milpa Alta, as\u00ed como el robo de parte del equipo electr\u00f3nico que se encontraba en operaci\u00f3n para el desarrollo de la asamblea, atentando contra el derecho de la comunidad a organizarse y participar libremente en sus procesos colectivos. Por lo anterior, hacemos responsable al alcalde Jos\u00e9 Octavio Rivero Villase\u00f1or, a su estructura de gobierno y a sus grupos de choque identificados, por los actos de violencia perpetrados el 11 de marzo de 2026 y ante cualquier atentado o represalia que se realice contra cualquier integrante del consejo o miembro de la comunidad.<\/p>\n\n\n\n<p>Reiteramos que LA ASAMBLEA ES LA M\u00c1XIMA AUTORIDAD de decisi\u00f3n comunitaria, y que los procesos que emanan de ella buscan fortalecer la organizaci\u00f3n social, la transparencia en el uso de los recursos p\u00fablicos y el bienestar colectivo de nuestra comunidad.<\/p>\n\n\n\n<p>Hacemos un llamado a todas y todos los habitantes de Villa Milpa Alta a informarse, participar y defender los procesos comunitarios, a no permitir que la Alcald\u00eda Milpa Alta irrumpa en los procesos que son propios de la comunidad, recordando que la organizaci\u00f3n del pueblo es fundamental para garantizar el respeto a nuestros derechos colectivos, nuestra historia y nuestro territorio.<\/p>\n\n\n\n<p class=\"has-text-align-center\"><strong>Villa Milpa Alta es Pueblo Originario, y su voz se expresa a trav\u00e9s de la asamblea.<\/strong><\/p>\n\n\n\n<p class=\"has-text-align-center\"><strong>La autonom\u00eda y la libre determinaci\u00f3n es un derecho que no debe violentar la Alcald\u00eda.<\/strong><\/p>\n\n\n\n<p class=\"has-text-align-center\"><strong>Consejo Comunal Ind\u00edgena Nahua de Villa Milpa Alta<\/strong><\/p>\n\n\n\n<p class=\"has-text-align-center\"><strong>Malacachtepec Momoxco, Pueblo originario de Villa Milpa Alta a 12 de marzo de 2026<\/strong><\/p>\n\n\n\n<p><\/p>\n","protected":false},"excerpt":{"rendered":"<p>COMUNICADO: Con respecto a los actos de violencia perpetrados por funcionarios y grupos de choque y de inter\u00e9s de la Alcald\u00eda Milpa Alta en la Asamblea del Pueblo Originario de Villa Milpa Alta La tarde del 11 de marzo del presente a\u00f1o se llev\u00f3 a cabo la Asamblea del Pueblo Originario de Villa Milpa Alta [&hellip;]<\/p>\n","protected":false},"author":1,"featured_media":22849,"comment_status":"open","ping_status":"closed","sticky":false,"template":"","format":"standard","meta":{"footnotes":""},"categories":[957,1024,943,954],"tags":[1560,545,87,148,483,511],"class_list":["post-53830","post","type-post","status-publish","format-standard","has-post-thumbnail","hentry","category-autonomia","category-cni-temas","category-cni","category-mexico","tag-milpa-alta","tag-pueblos-indigenas","tag-represion","tag-resistencia","tag-tierra-y-territorio","tag-violencia"],"_links":{"self":[{"href":"https:\/\/radiozapatista.org\/index.php?rest_route=\/wp\/v2\/posts\/53830","targetHints":{"allow":["GET"]}}],"collection":[{"href":"https:\/\/radiozapatista.org\/index.php?rest_route=\/wp\/v2\/posts"}],"about":[{"href":"https:\/\/radiozapatista.org\/index.php?rest_route=\/wp\/v2\/types\/post"}],"author":[{"embeddable":true,"href":"https:\/\/radiozapatista.org\/index.php?rest_route=\/wp\/v2\/users\/1"}],"replies":[{"embeddable":true,"href":"https:\/\/radiozapatista.org\/index.php?rest_route=%2Fwp%2Fv2%2Fcomments&post=53830"}],"version-history":[{"count":1,"href":"https:\/\/radiozapatista.org\/index.php?rest_route=\/wp\/v2\/posts\/53830\/revisions"}],"predecessor-version":[{"id":53831,"href":"https:\/\/radiozapatista.org\/index.php?rest_route=\/wp\/v2\/posts\/53830\/revisions\/53831"}],"wp:featuredmedia":[{"embeddable":true,"href":"https:\/\/radiozapatista.org\/index.php?rest_route=\/wp\/v2\/media\/22849"}],"wp:attachment":[{"href":"https:\/\/radiozapatista.org\/index.php?rest_route=%2Fwp%2Fv2%2Fmedia&parent=53830"}],"wp:term":[{"taxonomy":"category","embeddable":true,"href":"https:\/\/radiozapatista.org\/index.php?rest_route=%2Fwp%2Fv2%2Fcategories&post=53830"},{"taxonomy":"post_tag","embeddable":true,"href":"https:\/\/radiozapatista.org\/index.php?rest_route=%2Fwp%2Fv2%2Ftags&post=53830"}],"curies":[{"name":"wp","href":"https:\/\/api.w.org\/{rel}","templated":true}]}}