{"id":53824,"date":"2026-03-12T00:01:59","date_gmt":"2026-03-12T06:01:59","guid":{"rendered":"https:\/\/radiozapatista.org\/?p=53824"},"modified":"2026-03-12T00:02:00","modified_gmt":"2026-03-12T06:02:00","slug":"encuentro-de-resistencias-y-rebeldias-en-defensa-del-agua-la-vida-y-el-territorio","status":"publish","type":"post","link":"https:\/\/radiozapatista.org\/?p=53824","title":{"rendered":"Encuentro de Resistencias y Rebeld\u00edas en Defensa del Agua, la Vida y el Territorio"},"content":{"rendered":"\n<p>En el marco del d\u00eda internacional del Agua, ante el llamado a organizarnos y rumbo al 30 aniversario de de la Fundaci\u00f3n del Congreso Nacional Ind\u00edgena, con miras a la realizaci\u00f3n de la Septima Asamblea Nacional por el Agua, la Vida y el Territorio\u2026<\/p>\n\n\n\n<p>Convocamos al:<\/p>\n\n\n\n<p>ENCUENTRO DE RESISTENCIAS Y REBELD\u00cdAS EN DEFENSA DEL AGUA, LA VIDA Y EL TERRITORIO<\/p>\n\n\n\n<p>Que se llevar\u00e1 a cabo en el pozo de Barrio Cuarto de Santiago Mexquititl\u00e1n, Amelaco, Quer\u00e9taro.<\/p>\n\n\n\n<p>El domingo 22 de marzo del 2026, a partir de las 09:00 am.<\/p>\n\n\n\n<p>Atentamente<\/p>\n\n\n\n<p>ASAMBLEA NACIONAL POR EL AGUA, LA VIDA Y EL TERRITORIO<\/p>\n\n\n\n<p>#MEXQUITITL\u00c1N<\/p>\n","protected":false},"excerpt":{"rendered":"<p>En el marco del d\u00eda internacional del Agua, ante el llamado a organizarnos y rumbo al 30 aniversario de de la Fundaci\u00f3n del Congreso Nacional Ind\u00edgena, con miras a la realizaci\u00f3n de la Septima Asamblea Nacional por el Agua, la Vida y el Territorio\u2026 Convocamos al: ENCUENTRO DE RESISTENCIAS Y REBELD\u00cdAS EN DEFENSA DEL AGUA, [&hellip;]<\/p>\n","protected":false},"author":21,"featured_media":53820,"comment_status":"open","ping_status":"closed","sticky":false,"template":"","format":"standard","meta":{"footnotes":""},"categories":[957,51,826,958,954,935],"tags":[58,53,567,147,545,87,148,27,483],"class_list":["post-53824","post","type-post","status-publish","format-standard","has-post-thumbnail","hentry","category-autonomia","category-autor","category-medios-libres-2","category-megaproyectos","category-mexico","category-temas","tag-derechos-humanos","tag-justicia","tag-megaproyectos","tag-militarizacion","tag-pueblos-indigenas","tag-represion","tag-resistencia","tag-solidaridad","tag-tierra-y-territorio"],"_links":{"self":[{"href":"https:\/\/radiozapatista.org\/index.php?rest_route=\/wp\/v2\/posts\/53824","targetHints":{"allow":["GET"]}}],"collection":[{"href":"https:\/\/radiozapatista.org\/index.php?rest_route=\/wp\/v2\/posts"}],"about":[{"href":"https:\/\/radiozapatista.org\/index.php?rest_route=\/wp\/v2\/types\/post"}],"author":[{"embeddable":true,"href":"https:\/\/radiozapatista.org\/index.php?rest_route=\/wp\/v2\/users\/21"}],"replies":[{"embeddable":true,"href":"https:\/\/radiozapatista.org\/index.php?rest_route=%2Fwp%2Fv2%2Fcomments&post=53824"}],"version-history":[{"count":1,"href":"https:\/\/radiozapatista.org\/index.php?rest_route=\/wp\/v2\/posts\/53824\/revisions"}],"predecessor-version":[{"id":53825,"href":"https:\/\/radiozapatista.org\/index.php?rest_route=\/wp\/v2\/posts\/53824\/revisions\/53825"}],"wp:featuredmedia":[{"embeddable":true,"href":"https:\/\/radiozapatista.org\/index.php?rest_route=\/wp\/v2\/media\/53820"}],"wp:attachment":[{"href":"https:\/\/radiozapatista.org\/index.php?rest_route=%2Fwp%2Fv2%2Fmedia&parent=53824"}],"wp:term":[{"taxonomy":"category","embeddable":true,"href":"https:\/\/radiozapatista.org\/index.php?rest_route=%2Fwp%2Fv2%2Fcategories&post=53824"},{"taxonomy":"post_tag","embeddable":true,"href":"https:\/\/radiozapatista.org\/index.php?rest_route=%2Fwp%2Fv2%2Ftags&post=53824"}],"curies":[{"name":"wp","href":"https:\/\/api.w.org\/{rel}","templated":true}]}}