{"id":53819,"date":"2026-03-11T23:48:35","date_gmt":"2026-03-12T05:48:35","guid":{"rendered":"https:\/\/radiozapatista.org\/?p=53819"},"modified":"2026-03-12T00:02:40","modified_gmt":"2026-03-12T06:02:40","slug":"comunicado-de-la-comunidad-indigena-de-san-lorenzo-de-azqueltan-municipio-de-villa-guerrero-jalisco","status":"publish","type":"post","link":"https:\/\/radiozapatista.org\/?p=53819","title":{"rendered":"Comunicado de la comunidad ind\u00edgena de San Lorenzo de Azquelt\u00e1n, municipio de Villa Guerrero, Jalisco"},"content":{"rendered":"\n<p>Hoy mi\u00e9rcoles 11 de marzo de 2026, emitimos un comunicado reunidos en el pueblo wix\u00e1rika y tepehuano.<\/p>\n\n\n\n<p>Estamos juntos para defender nuestra tierra, porque supuestos ejidatarios intentan despojarnos de un predio que supuestos ejidatarios intentan despojarnos de un predio que fue asignado legalmente por la Asamblea General de Comuneros, ante los hechos del d\u00eda 25 de diciembre de 2025, en que trataron de despojar, tumbaron el cerco y se apropiaron del material.<\/p>\n\n\n\n<p>Ese terreno fue autorizado para que un compa\u00f1ero wix\u00e1rika construya su casa.<\/p>\n\n\n\n<p>La decisi\u00f3n fue tomada por la asamblea, por lo cual hoy mi\u00e9rcoles nos encontramos en el predio del compa\u00f1ero Basilio Carrillo ayud\u00e1ndolo a construir su casa para vivir. Por amenazas que se han derivado de estos hechos.<\/p>\n\n\n\n<p>Desde la comunidad ind\u00edgena de San Lorenzo de Azquelt\u00e1n hablamos hoy a nuestra gente y&nbsp;a las comunidades vecinas y a los pueblos y gobiernos de M\u00e9xico.<\/p>\n\n\n\n<p>Decimos con claridad:<\/p>\n\n\n\n<p>Desde tiempos antiguos habitamos estas tierras. El pueblo wix\u00e1rika y el pueblo tepehuano vivimos aqu\u00ed juntos somos dos pueblos y una sola comunidad. Pero tambi\u00e9n sabemos algo, que durante muchos a\u00f1os el racismo, el desprecio y la exclusi\u00f3n han acompa\u00f1ado los intentos de quitarnos la tierra.<\/p>\n\n\n\n<p>Quieren convertirla en mercanc\u00eda. Quieren convertirla en negocio.<\/p>\n\n\n\n<p>Eso es algo que no aceptamos. Para nosotros la tierra no es una cosa, la tierra es nuestra madre.<\/p>\n\n\n\n<p>Nuestra madre no se vende.<\/p>\n\n\n\n<p>Nuestra madre no se compra.<\/p>\n\n\n\n<p>Por defenderla nos han perseguido, nos han amenazado, nos han secuestrado, han desaparecido y asesinado a nuestra gente.<\/p>\n\n\n\n<p>Pero no nos han vencido.<\/p>\n\n\n\n<p>Aqu\u00ed seguimos.<\/p>\n\n\n\n<p>Y aqu\u00ed seguiremos.<\/p>\n\n\n\n<p>Llamamos a los gobiernos a no ser c\u00f3mplices del despojo. La discriminaci\u00f3n y el despojo son delitos.<\/p>\n\n\n\n<p>Las autoridades tienen la obligaci\u00f3n de detenerlos.<\/p>\n\n\n\n<p>Hoy queremos hablar primero a nuestro propio pueblo.<\/p>\n\n\n\n<p>Al pueblo tepehuano de Azquelt\u00e1n:<\/p>\n\n\n\n<p>Les decimos con respeto y con cari\u00f1o que reconocemos su dignidad y la memoria de nuestros ancestros. Sabemos que han querido dividirnos, han querido sembrar odio entre nosotros. No lo permitamos.<\/p>\n\n\n\n<p>No se dejen manipular por quienes apuestan a la muerte y la destrucci\u00f3n. Nuestro coraz\u00f3n colectivo siempre ser\u00e1 su casa.<\/p>\n\n\n\n<p>Al pueblo wix\u00e1rika de Azquelt\u00e1n le decimos:<\/p>\n\n\n\n<p>Sabemos de d\u00f3nde viene el desprecio que enfrentamos, viene de quienes creen que la tierra debe ser propiedad privada y negocio. Frente a eso respondemos con unidad.<\/p>\n\n\n\n<p>Unidad para defender la vida.<\/p>\n\n\n\n<p>Unidad para honrar a nuestros ancestros.<\/p>\n\n\n\n<p>Unidad para respetar nuestras deidades.<\/p>\n\n\n\n<p>A nuestros hermanos y hermanas de las comunidades vecinas San Sebasti\u00e1n Teponahuaxtl\u00e1n y Santa Catarina Cuexcomatitl\u00e1n<\/p>\n\n\n\n<p>Esta lucha es por seguir cumpliendo en nuestros patios ceremoniales, por poder cumplir a las deidades en el lugar donde nacimos, por cuidar los lugares sagrados, por lo que tambi\u00e9n los vemos y los sentimos en cada paso y en cada uno de nuestros dolores.<\/p>\n\n\n\n<p>Es la lucha por la dignidad de nuestros pueblos; contra el despojo, contra el racismo, contra la discriminaci\u00f3n.<\/p>\n\n\n\n<p>Somos wixaritari nacidos en Azquelt\u00e1n. Comuneras y comuneros que caminamos junto al pueblo tepehuano.<\/p>\n\n\n\n<p>Defendemos lo que es de todos:<\/p>\n\n\n\n<p>La tierra.<\/p>\n\n\n\n<p>Los agostaderos.<\/p>\n\n\n\n<p>Los bosques.<\/p>\n\n\n\n<p>El agua.<\/p>\n\n\n\n<p>La vida de este territorio.<\/p>\n\n\n\n<p>Quienes quieren desaparecer esta comunidad sue\u00f1an con venderlo todo, pero nuestra madre tierra est\u00e1 viva.<\/p>\n\n\n\n<p>Y desde el fondo del Ca\u00f1\u00f3n de Bola\u00f1os llamamos a los pueblos a escucharnos y a mantenernos organizados.<\/p>\n\n\n\n<p>Porque donde manda la propiedad privada, no hay lugar para los pueblos, no hay lugar para la cultura, no hay lugar para lo sagrado.<\/p>\n\n\n\n<p><strong>Aqu\u00ed seguimos.<\/strong><\/p>\n\n\n\n<p><strong>Aqu\u00ed resistimos.<\/strong><\/p>\n\n\n\n<p><strong>Y aqu\u00ed seguiremos defendiendo nuestra tierra.<\/strong><\/p>\n\n\n\n<p><strong>Atentamente<\/strong><\/p>\n\n\n\n<p><strong>Desde el fondo del Ca\u00f1\u00f3n de Bola\u00f1os<\/strong><\/p>\n\n\n\n<p><strong>Comunidad ind\u00edgena wix\u00e1rika y tepehuana de San Lorenzo de Azquelt\u00e1n<\/strong><\/p>\n\n\n\n<p><strong>Municipio de Villa Guerrero, Jalisco<\/strong><\/p>\n\n\n\n<figure class=\"wp-block-embed is-type-video is-provider-youtube wp-block-embed-youtube wp-embed-aspect-16-9 wp-has-aspect-ratio\"><div class=\"wp-block-embed__wrapper\">\n<iframe loading=\"lazy\" title=\"Comunicado 11 de marzo de 2026\" width=\"500\" height=\"281\" src=\"https:\/\/www.youtube.com\/embed\/O7FNVz6CfG8?feature=oembed\" frameborder=\"0\" allow=\"accelerometer; autoplay; clipboard-write; encrypted-media; gyroscope; picture-in-picture; web-share\" referrerpolicy=\"strict-origin-when-cross-origin\" allowfullscreen><\/iframe>\n<\/div><\/figure>\n\n\n\n<p><\/p>\n","protected":false},"excerpt":{"rendered":"<p>Hoy mi\u00e9rcoles 11 de marzo de 2026, emitimos un comunicado reunidos en el pueblo wix\u00e1rika y tepehuano. Estamos juntos para defender nuestra tierra, porque supuestos ejidatarios intentan despojarnos de un predio que supuestos ejidatarios intentan despojarnos de un predio que fue asignado legalmente por la Asamblea General de Comuneros, ante los hechos del d\u00eda 25 [&hellip;]<\/p>\n","protected":false},"author":21,"featured_media":53823,"comment_status":"open","ping_status":"closed","sticky":false,"template":"","format":"standard","meta":{"footnotes":""},"categories":[957,51,826,958,954,935],"tags":[58,53,567,147,545,87,148,27,483],"class_list":["post-53819","post","type-post","status-publish","format-standard","has-post-thumbnail","hentry","category-autonomia","category-autor","category-medios-libres-2","category-megaproyectos","category-mexico","category-temas","tag-derechos-humanos","tag-justicia","tag-megaproyectos","tag-militarizacion","tag-pueblos-indigenas","tag-represion","tag-resistencia","tag-solidaridad","tag-tierra-y-territorio"],"_links":{"self":[{"href":"https:\/\/radiozapatista.org\/index.php?rest_route=\/wp\/v2\/posts\/53819","targetHints":{"allow":["GET"]}}],"collection":[{"href":"https:\/\/radiozapatista.org\/index.php?rest_route=\/wp\/v2\/posts"}],"about":[{"href":"https:\/\/radiozapatista.org\/index.php?rest_route=\/wp\/v2\/types\/post"}],"author":[{"embeddable":true,"href":"https:\/\/radiozapatista.org\/index.php?rest_route=\/wp\/v2\/users\/21"}],"replies":[{"embeddable":true,"href":"https:\/\/radiozapatista.org\/index.php?rest_route=%2Fwp%2Fv2%2Fcomments&post=53819"}],"version-history":[{"count":1,"href":"https:\/\/radiozapatista.org\/index.php?rest_route=\/wp\/v2\/posts\/53819\/revisions"}],"predecessor-version":[{"id":53821,"href":"https:\/\/radiozapatista.org\/index.php?rest_route=\/wp\/v2\/posts\/53819\/revisions\/53821"}],"wp:featuredmedia":[{"embeddable":true,"href":"https:\/\/radiozapatista.org\/index.php?rest_route=\/wp\/v2\/media\/53823"}],"wp:attachment":[{"href":"https:\/\/radiozapatista.org\/index.php?rest_route=%2Fwp%2Fv2%2Fmedia&parent=53819"}],"wp:term":[{"taxonomy":"category","embeddable":true,"href":"https:\/\/radiozapatista.org\/index.php?rest_route=%2Fwp%2Fv2%2Fcategories&post=53819"},{"taxonomy":"post_tag","embeddable":true,"href":"https:\/\/radiozapatista.org\/index.php?rest_route=%2Fwp%2Fv2%2Ftags&post=53819"}],"curies":[{"name":"wp","href":"https:\/\/api.w.org\/{rel}","templated":true}]}}