{"id":53760,"date":"2026-03-09T13:40:50","date_gmt":"2026-03-09T19:40:50","guid":{"rendered":"https:\/\/radiozapatista.org\/?p=53760"},"modified":"2026-03-09T16:39:46","modified_gmt":"2026-03-09T22:39:46","slug":"este-8m-no-es-una-consigna-es-denuncia-conmemoramos-no-celebramos","status":"publish","type":"post","link":"https:\/\/radiozapatista.org\/?p=53760","title":{"rendered":"\u201cEste 8M no es una consigna, es denuncia\u201d\u2026 \u201cConmemoramos, no celebramos\u201d"},"content":{"rendered":"\n<figure class=\"wp-block-image size-large\"><a href=\"https:\/\/radiozapatista.org\/wp-content\/uploads\/2026\/03\/WhatsApp-Image-2026-03-08-at-19.44.21-6.jpeg\"><img loading=\"lazy\" decoding=\"async\" width=\"1024\" height=\"768\" src=\"https:\/\/radiozapatista.org\/wp-content\/uploads\/2026\/03\/WhatsApp-Image-2026-03-08-at-19.44.21-6-1024x768.jpeg\" alt=\"\" class=\"wp-image-53761\" srcset=\"https:\/\/radiozapatista.org\/wp-content\/uploads\/2026\/03\/WhatsApp-Image-2026-03-08-at-19.44.21-6-1024x768.jpeg 1024w, https:\/\/radiozapatista.org\/wp-content\/uploads\/2026\/03\/WhatsApp-Image-2026-03-08-at-19.44.21-6-350x263.jpeg 350w, https:\/\/radiozapatista.org\/wp-content\/uploads\/2026\/03\/WhatsApp-Image-2026-03-08-at-19.44.21-6-768x576.jpeg 768w, https:\/\/radiozapatista.org\/wp-content\/uploads\/2026\/03\/WhatsApp-Image-2026-03-08-at-19.44.21-6.jpeg 1280w\" sizes=\"auto, (max-width: 1024px) 100vw, 1024px\" \/><\/a><\/figure>\n\n\n\n<p>La Plaza de la Paz en San Crist\u00f3bal de Las Casas empez\u00f3 a recibir a las mujeres desde temprano, las organizadoras nos convocaron para las 10 de la ma\u00f1ana, el sol estaba ya presente y las mujeres empezaron a llegar listas para marchar. Algunas llegaron con sus creatividades para compartirlas, otras con sus tambores, otras con sus ni\u00f1eces en carreolas, canguros o a pie. Mientras las organizadoras acomodaban a los contingentes diversos, sus pancartas y mantas, el sol arreciaba y nos convidaba a prepararnos con las consignas. Hasta delante iban las mantas con las im\u00e1genes de desaparecidas y desaparecidos cargadas por sus familiares y amigues. En seguida ven\u00eda el contingente de las ni\u00f1eces, sosteniendo mantas o peque\u00f1as pancartas. Segu\u00edan las tamboreras, la guardia de seguridad y la mezcla de mujeres de todas las edades, colores y or\u00edgenes. Coreamos las consignas mientras que algunos transe\u00fantes se mostraban indiferentes pero otros tambi\u00e9n se nos sumaban.&nbsp; La marcha ti\u00f1\u00f3 de morado al \u201cpueblo m\u00e1gico\u201d tambi\u00e9n objeto de denuncia por feminicida.<\/p>\n\n\n\n<p>Al llegar de regreso a la Plaza de la Paz las organizadoras tomaron la palabra y evocaron a las mujeres, a las ni\u00f1as y a todas las cuerpas disidentes. Cuerpas parte de esta marcha. Nos dijeron:&nbsp;&nbsp;<\/p>\n\n\n\n<blockquote class=\"wp-block-quote is-layout-flow wp-block-quote-is-layout-flow\">\n<p>\u201cHablar de violencia aqu\u00ed no es hablar de lo ajeno sino de una experiencia encarnada. En este 8M la lucha no es individual es comunitaria\u2026 queremos un feminismo que no deje fuera a las ind\u00edgenas, a las trans\u2026 Los feminicidios siguen impunes\u2026 Ya no m\u00e1s silencio, miedo, impunidad, no m\u00e1s desapariciones, no m\u00e1s transfobia\u2026 No solo queremos recordar sino proteger a las que aqu\u00ed estamos\u2026 Nos queremos libres, vivas, orgullosas\u2026\u201d<\/p>\n<\/blockquote>\n\n\n\n<p><em>Palabras de las organizadoras en la Plaza de la Paz (<a href=\"https:\/\/radiozapatista.org\/wp-content\/uploads\/2026\/03\/3-Palabras-Organizadoras-en-Plaza-de-la-Paz-8M2026.mp3\">Descarga aqu\u00ed<\/a>):<\/em><\/p>\n\n\n\n<figure class=\"wp-block-audio\"><audio controls src=\"https:\/\/radiozapatista.org\/wp-content\/uploads\/2026\/03\/3-Palabras-Organizadoras-en-Plaza-de-la-Paz-8M2026.mp3\"><\/audio><\/figure>\n\n\n\n<figure class=\"wp-block-image size-large\"><img loading=\"lazy\" decoding=\"async\" width=\"1024\" height=\"768\" src=\"https:\/\/radiozapatista.org\/wp-content\/uploads\/2026\/03\/WhatsApp-Image-2026-03-08-at-19.44.21-12-1024x768.jpeg\" alt=\"\" class=\"wp-image-53763\" srcset=\"https:\/\/radiozapatista.org\/wp-content\/uploads\/2026\/03\/WhatsApp-Image-2026-03-08-at-19.44.21-12-1024x768.jpeg 1024w, https:\/\/radiozapatista.org\/wp-content\/uploads\/2026\/03\/WhatsApp-Image-2026-03-08-at-19.44.21-12-350x263.jpeg 350w, https:\/\/radiozapatista.org\/wp-content\/uploads\/2026\/03\/WhatsApp-Image-2026-03-08-at-19.44.21-12-768x576.jpeg 768w, https:\/\/radiozapatista.org\/wp-content\/uploads\/2026\/03\/WhatsApp-Image-2026-03-08-at-19.44.21-12.jpeg 1280w\" sizes=\"auto, (max-width: 1024px) 100vw, 1024px\" \/><\/figure>\n\n\n\n<p>En seguida dieron su testimonio las familiares de v\u00edctimas de desaparici\u00f3n forzosa. Dos jovencita y una mujer mayor afirmaron que ellas nunca imaginaron estar en la situaci\u00f3n que est\u00e1n, con tres desaparecidos (una mujer y dos hombres) de su propia familia. Denunciaron el calvario que ha sido para ellas todo por lo que han pasado pero dijeron ac\u00e1 estar, seguir denunciando.<\/p>\n\n\n\n<p><em>Familiar de v\u00edctima de desaparici\u00f3n forzada (<a href=\"https:\/\/radiozapatista.org\/wp-content\/uploads\/2026\/03\/4-Familiar-victima-desaparicion-forzada-8M2026.mp3\">Descarga aqu\u00ed<\/a>):<\/em><\/p>\n\n\n\n<figure class=\"wp-block-audio\"><audio controls src=\"https:\/\/radiozapatista.org\/wp-content\/uploads\/2026\/03\/4-Familiar-victima-desaparicion-forzada-8M2026.mp3\"><\/audio><\/figure>\n\n\n\n<p>Dos compa\u00f1eras m\u00e1s tomaron el mag\u00e1fono y nos compartieron que son sobrevivientes de un intento de feminicidio acaecido en una de las monta\u00f1a del sur de la ciudad. Con gran indignaci\u00f3n denunciaron todo lo que han pasado porque los tres niveles de gobierno no son capaces de cumplir con garantizar la seguridad de sus ciudadanas y con hacer justicia. Dijeron:<\/p>\n\n\n\n<blockquote class=\"wp-block-quote is-layout-flow wp-block-quote-is-layout-flow\">\n<p>\u201cSomos v\u00edctimas de un ataque armado, tipificado como robo, cuando fue un intento de feminicidio\u2026 Sobrevivir en M\u00e9xico, no garantiza justicia\u2026 Hemos vivido la agresi\u00f3n armada y la violencia institucional que es violencia de g\u00e9nero\u2026 Las instituciones de gobierno no cumplen los compromisos jur\u00eddicos vinculantes\u2026 La impunidad nos ha dejado heridas institucionales\u2026 sin nuestra red de apoyo no hubi\u00e9ramos podido sobrevivir\u2026 Responsabilizamos a todos los niveles de gobierno\u2026 El Estado trat\u00f3 de silenciarnos\u2026 exigimos que el Estado asuma su responsabilidad\u2026 Sobrevivimos a tres a\u00f1os de violencia institucional\u2026 Tres a\u00f1os despu\u00e9s aqu\u00ed seguimos\u2026\u201d<\/p>\n<\/blockquote>\n\n\n\n<p><em>Sobrevivientes de intento de feminicidio (<a href=\"https:\/\/radiozapatista.org\/wp-content\/uploads\/2026\/03\/5-Sobrevivientes-de-intentio-feminicidio-8m2026.mp3\" target=\"_blank\" rel=\"noreferrer noopener\">Descarga aqu\u00ed<\/a>):<\/em><\/p>\n\n\n\n<figure class=\"wp-block-audio\"><audio controls src=\"https:\/\/radiozapatista.org\/wp-content\/uploads\/2026\/03\/5-Sobrevivientes-de-intentio-feminicidio-8m2026.mp3\"><\/audio><\/figure>\n\n\n\n<details class=\"wp-block-details has-vivid-red-color has-text-color has-link-color wp-elements-540b9494c0e9e5625d33cc8280a82e79 is-layout-flow wp-block-details-is-layout-flow\"><summary><strong>Pronunciamiento de sobrevivientes de intento de feminicidio (Clic aqu\u00ed para leer)<\/strong><\/summary>\n<p class=\"has-text-align-center has-vivid-red-color has-text-color has-link-color wp-elements-90947757113edad1eec113a0b5166126\"><strong>\u201cHoy una jueza confirm\u00f3 que dijimos la verdad: sobrevivimos a un intento de feminicidio. Lo que falta es que el Estado asuma su responsabilidad.\u201d<\/strong><\/p>\n\n\n\n<p class=\"has-text-align-center has-vivid-red-color has-text-color has-link-color wp-elements-86b90cb458d2490b748124469fdc2eee\"><strong>Pronunciamiento 8M 2026 \u2013 M\u00e9xico<\/strong><\/p>\n\n\n\n<p class=\"has-text-align-center has-vivid-red-color has-text-color has-link-color wp-elements-6d52064b17c2d7eb39a727cad36d0b9a\"><strong>Somos Sobreviviente de intento de feminicidio y &nbsp;denunciamos violencia institucional del Estado<\/strong><\/p>\n\n\n\n<p class=\"has-text-align-center has-vivid-red-color has-text-color has-link-color wp-elements-a005a8e4191499f81e775320c2ad67cb\"><strong>San Crist\u00f3bal de Las Casas, Chiapas \u2014 Marzo 2026<\/strong><\/p>\n\n\n\n<p class=\"has-vivid-red-color has-text-color has-link-color wp-elements-c4ddd240d64487515fa12bdf28729bef\">(Pausa, mirar al frente)<\/p>\n\n\n\n<p class=\"has-vivid-red-color has-text-color has-link-color wp-elements-ad0e1cc451dc8cfc5fb30fe2106966b4\">Hoy no estamos aqu\u00ed para celebrar.<\/p>\n\n\n\n<p class=\"has-vivid-red-color has-text-color has-link-color wp-elements-dc503d10a977a46ed91bc346559922ff\">Este 8 de marzo no es fiesta.<br>No es felicitaci\u00f3n.<br>No es flores ni discursos vac\u00edos.<\/p>\n\n\n\n<p class=\"has-vivid-red-color has-text-color has-link-color wp-elements-2c36bccf1776813daa1c6c78c2e024b0\">Porque lejos de tener mejores condiciones de vida,<br>las mujeres en M\u00e9xico \u2014y en Chiapas\u2014 seguimos siendo violentadas,<br>incluso por quienes tienen la obligaci\u00f3n constitucional de protegernos.<\/p>\n\n\n\n<p class=\"has-vivid-red-color has-text-color has-link-color wp-elements-51484d0d0de5cce5259e0ad77aec34ef\">(Pausa)<\/p>\n\n\n\n<p class=\"has-vivid-red-color has-text-color has-link-color wp-elements-c797ddb88d738256fb8cfe09748dd044\">\u201cLa justicia retrasada es justicia denegada\u201d.<\/p>\n\n\n\n<p class=\"has-vivid-red-color has-text-color has-link-color wp-elements-a905c181b6486178243a6717f73d7c4e\">En el marco del D\u00eda Internacional de las Mujeres declaramos algo con claridad:<\/p>\n\n\n\n<p class=\"has-vivid-red-color has-text-color has-link-color wp-elements-66a4bc6c7d70e53f58530a8e1f5b4ccd\"><strong>Sobrevivir en M\u00e9xico no garantiza justicia.<\/strong><\/p>\n\n\n\n<p class=\"has-vivid-red-color has-text-color has-link-color wp-elements-940fb283c25e27faf6f1a4fdbcfb3f42\">El 23 de febrero de 2023 fuimos v\u00edctimas de un ataque armado en una monta\u00f1a en San Crist\u00f3bal de Las Casas, Chiapas.<\/p>\n\n\n\n<p class=\"has-vivid-red-color has-text-color has-link-color wp-elements-2ae81a77474dd6277cb85e429e9a157c\">No fue un robo.<br>Fue un <strong>intento de feminicidio.<\/strong><\/p>\n\n\n\n<p class=\"has-vivid-red-color has-text-color has-link-color wp-elements-51484d0d0de5cce5259e0ad77aec34ef\">(Pausa)<\/p>\n\n\n\n<p class=\"has-vivid-red-color has-text-color has-link-color wp-elements-cc54ce633e1870abf4f6f21c5b6bdb6b\">Sobrevivimos.<\/p>\n\n\n\n<p class=\"has-vivid-red-color has-text-color has-link-color wp-elements-a857ca2247db0f968a255ffe14f86071\">Pero sobrevivir en M\u00e9xico <strong>no garantiza justicia<\/strong>.<\/p>\n\n\n\n<p class=\"has-vivid-red-color has-text-color has-link-color wp-elements-58eb025e1fb1833a240d3b638e8acb58\">El Estado no nos protegi\u00f3.<br>Denunciamos.<br>Y entonces comenz\u00f3 otra forma de violencia.<\/p>\n\n\n\n<p class=\"has-vivid-red-color has-text-color has-link-color wp-elements-b2d139cfb40511b9e88bb73477b390c1\">El delito fue clasificado como <strong>robo con violencia<\/strong>, y no como intento de feminicidio.<br>Solo cuando el caso se hizo p\u00fablico hubo reacci\u00f3n institucional.<\/p>\n\n\n\n<p class=\"has-vivid-red-color has-text-color has-link-color wp-elements-d60de6a6b6437cc7f518c89811e5ddd8\">Todas las instituciones que deb\u00edan garantizarnos justicia <strong>violaron nuestros derechos<\/strong>.<\/p>\n\n\n\n<p class=\"has-vivid-red-color has-text-color has-link-color wp-elements-259ca3c529ca240fc7893301618b8906\">Desde entonces hemos enfrentado:<\/p>\n\n\n\n<p class=\"has-vivid-red-color has-text-color has-link-color wp-elements-cea0b8a21cf9ecc6c96d34a6a505ff3b\">\u2022 Cambios reiterados de fiscales y asesoras jur\u00eddicas.<br>\u2022 M\u00e1s de un a\u00f1o de audiencias suspendidas.<br>\u2022 Negativa inicial de medidas de protecci\u00f3n pese a las amenazas.<br>\u2022 Intentos de presi\u00f3n para modificar declaraciones relacionadas con violencia sexual.<br>\u2022 Exposici\u00f3n de nuestra identidad.<br>\u2022 Y el despido de peritos y de nuestra asesora legal en pleno juicio oral, afectando directamente nuestro derecho a la justicia.<\/p>\n\n\n\n<p class=\"has-vivid-red-color has-text-color has-link-color wp-elements-51484d0d0de5cce5259e0ad77aec34ef\">(Pausa)<\/p>\n\n\n\n<p class=\"has-vivid-red-color has-text-color has-link-color wp-elements-a32eae578e15a507aa511a855a038ada\">Hoy lo decimos con claridad:<\/p>\n\n\n\n<p class=\"has-vivid-red-color has-text-color has-link-color wp-elements-0758c03b7f93fdd38e3cfd0ea792d167\"><strong>La violencia institucional tambi\u00e9n es violencia de g\u00e9nero.<\/strong><\/p>\n\n\n\n<p class=\"has-vivid-red-color has-text-color has-link-color wp-elements-31e5370693fcf88ffd4b1519b39a534c\">Acudimos a la Comisi\u00f3n Estatal de los Derechos Humanos de Chiapas.<br>Se reconocieron irregularidades.<\/p>\n\n\n\n<p class=\"has-vivid-red-color has-text-color has-link-color wp-elements-3a5f944e8c5c771bccbf51c43456b02a\">Sin embargo, el expediente fue archivado <strong>sin reparaci\u00f3n efectiva<\/strong>.<\/p>\n\n\n\n<p class=\"has-vivid-red-color has-text-color has-link-color wp-elements-6f8fece80de021e0ef4d60550cc3bd77\">El proceso contin\u00faa ante el Poder Judicial del Estado de Chiapas.<\/p>\n\n\n\n<p class=\"has-vivid-red-color has-text-color has-link-color wp-elements-97f7050c7193f16fbf0e252d6a8d6c91\">Y es hasta que <strong>una jueza mujer tom\u00f3 el caso<\/strong>, con perspectiva de g\u00e9nero, con empat\u00eda y comprensi\u00f3n del contexto de violencia que vivimos las mujeres, que empezamos a ver una luz al final del camino.<\/p>\n\n\n\n<p class=\"has-vivid-red-color has-text-color has-link-color wp-elements-288971865da8a559b355c8f0466adcea\">Pero las dilaciones y decisiones administrativas siguen afectando nuestro derecho a una justicia pronta, imparcial y con perspectiva de g\u00e9nero.<\/p>\n\n\n\n<p class=\"has-vivid-red-color has-text-color has-link-color wp-elements-e2cda87a856121efed6ff4cc949fdf7e\">M\u00e9xico tiene obligaciones internacionales bajo la <strong>CEDAW<\/strong> y la <strong>Convenci\u00f3n de Bel\u00e9m do Par\u00e1<\/strong>: prevenir, investigar, sancionar y reparar la violencia contra las mujeres con debida diligencia.<\/p>\n\n\n\n<p class=\"has-vivid-red-color has-text-color has-link-color wp-elements-af08b34edd2103dbf81f38a6c45a9703\">Esas obligaciones <strong>no son narrativa pol\u00edtica<\/strong>.<\/p>\n\n\n\n<p class=\"has-vivid-red-color has-text-color has-link-color wp-elements-655093f01a734e04317b7ff948bac7bc\">Son <strong>compromisos jur\u00eddicos vinculantes.<\/strong><\/p>\n\n\n\n<p class=\"has-vivid-red-color has-text-color has-link-color wp-elements-13ac0c6826e068633f006e8b744076c2\">Mientras nuestros agresores esperan sentencia bajo techo,<br>nosotras trabajamos para pagar terapias, rehabilitaci\u00f3n<br>y los costos de un proceso interminable.<\/p>\n\n\n\n<p class=\"has-vivid-red-color has-text-color has-link-color wp-elements-ba9684b0668cd949fda9dc267dce392d\">Seguimos recibiendo amenazas.<\/p>\n\n\n\n<p class=\"has-vivid-red-color has-text-color has-link-color wp-elements-a513fffc67660bbdfed96ccedba126cc\"><strong>No pedimos privilegios.<br>Exigimos justicia.<\/strong><\/p>\n\n\n\n<p class=\"has-vivid-red-color has-text-color has-link-color wp-elements-82bac2ea3d0413a3caa04ad2b67d67c6\">El ataque armado nos dej\u00f3 heridas f\u00edsicas.<br>La impunidad nos dej\u00f3 heridas institucionales.<\/p>\n\n\n\n<p class=\"has-vivid-red-color has-text-color has-link-color wp-elements-72ab7ae3e5991a739736be638af3d2aa\"><strong>Ambas son responsabilidad del Estado.<\/strong><\/p>\n\n\n\n<p class=\"has-vivid-red-color has-text-color has-link-color wp-elements-51484d0d0de5cce5259e0ad77aec34ef\">(Pausa)<\/p>\n\n\n\n<p class=\"has-vivid-red-color has-text-color has-link-color wp-elements-d805d437debdd22f15ce547fa60e1e3a\">Hoy, aunque el juicio a\u00fan no concluye de manera definitiva, sabemos que nuestros agresores han sido sentenciados por <strong>intento de feminicidio<\/strong>.<\/p>\n\n\n\n<p class=\"has-vivid-red-color has-text-color has-link-color wp-elements-482f6fa76e00f0a03cfeb25889e9d98d\">Eso es un logro.<\/p>\n\n\n\n<p class=\"has-vivid-red-color has-text-color has-link-color wp-elements-ef70a46f9db00b4fb31d75761dcf0754\">Es resultado de la lucha jur\u00eddica, del acompa\u00f1amiento, de la insistencia<br>y de no haber guardado silencio.<\/p>\n\n\n\n<p class=\"has-vivid-red-color has-text-color has-link-color wp-elements-156f1d57a04a36fec1200ef0f18d404a\">Y queremos decirlo tambi\u00e9n:<\/p>\n\n\n\n<p class=\"has-vivid-red-color has-text-color has-link-color wp-elements-dbdebdd477c0830a66d87233786da778\">Gracias a las abogadas que nos defendieron con firmeza.<br>Gracias a las funcionarias e instituciones que s\u00ed actuaron con \u00e9tica.<br>Gracias a nuestros padres.<br>Gracias a nuestras amigas y amigues que no soltaron nuestra mano cuando el miedo era insoportable.<\/p>\n\n\n\n<p class=\"has-vivid-red-color has-text-color has-link-color wp-elements-f5ac9d0fb5f20a8f4ad1f73e9289644b\">Sin esa red, <strong>no estar\u00edamos aqu\u00ed.<\/strong><\/p>\n\n\n\n<p class=\"has-vivid-red-color has-text-color has-link-color wp-elements-51484d0d0de5cce5259e0ad77aec34ef\">(Pausa)<\/p>\n\n\n\n<p class=\"has-vivid-red-color has-text-color has-link-color wp-elements-eba8b7d775eb94a306fbd22f6542a76f\">Pero incluso ante una sentencia, no hay tranquilidad absoluta.<\/p>\n\n\n\n<p class=\"has-vivid-red-color has-text-color has-link-color wp-elements-e05f3ecc40ed92caae9419aaaa6b5238\">Nos cuesta creerlo.<\/p>\n\n\n\n<p class=\"has-vivid-red-color has-text-color has-link-color wp-elements-6720b652ead4782e253217cefa41ab21\">Tememos que en cualquier momento una decisi\u00f3n administrativa cambie el rumbo.<br>Tememos represalias.<br>Tememos a las redes familiares y comunitarias que han intentado intimidarnos.<\/p>\n\n\n\n<p class=\"has-vivid-red-color has-text-color has-link-color wp-elements-24a792ba3a519184a8113f484a058fb3\">La sentencia no borra el miedo.<br>La justicia parcial no repara todo el da\u00f1o.<\/p>\n\n\n\n<p class=\"has-vivid-red-color has-text-color has-link-color wp-elements-6c30d4c813c376aa960e885704e89b59\">(Pausa larga)<\/p>\n\n\n\n<p class=\"has-vivid-red-color has-text-color has-link-color wp-elements-06023368a7e1014ee6e9ca2c82ac066f\">En este <strong>8M<\/strong> declaramos:<\/p>\n\n\n\n<p class=\"has-vivid-red-color has-text-color has-link-color wp-elements-b059e3b6a92dff3f47020c9d24ef2e07\">Un gobierno que dice defender a las mujeres<br>no puede despedir a quienes las representan en juicio.<\/p>\n\n\n\n<p class=\"has-vivid-red-color has-text-color has-link-color wp-elements-8c1854802990b207adcdb9d4b4e3689b\">Un gobierno que se dice humanista<br>no puede normalizar la revictimizaci\u00f3n.<\/p>\n\n\n\n<p class=\"has-vivid-red-color has-text-color has-link-color wp-elements-762fc3f0abfde55320e1cae6783dfe3a\">Un sistema que tolera la impunidad<br>no puede llamarse transformador.<\/p>\n\n\n\n<p class=\"has-vivid-red-color has-text-color has-link-color wp-elements-a1816510604a40d82c9ff207e681f05d\">Y lo decimos con claridad pol\u00edtica:<\/p>\n\n\n\n<p class=\"has-vivid-red-color has-text-color has-link-color wp-elements-51484d0d0de5cce5259e0ad77aec34ef\">(Pausa)<\/p>\n\n\n\n<p class=\"has-vivid-red-color has-text-color has-link-color wp-elements-90519f1d6a697861b7f3dcb308731705\"><strong>Un pa\u00eds feminicida no puede llamarse m\u00e1gico.<\/strong><\/p>\n\n\n\n<p class=\"has-vivid-red-color has-text-color has-link-color wp-elements-cf344acc284e0481888fb7b6179b2d14\">Responsabilizamos al Estado mexicano \u2014en sus niveles municipal, estatal y federal\u2014 por:<\/p>\n\n\n\n<p class=\"has-vivid-red-color has-text-color has-link-color wp-elements-933a61fd91fe2371d2e9e990be64a3f9\">\u2022 La falta de protecci\u00f3n oportuna.<br>\u2022 Las omisiones en la investigaci\u00f3n.<br>\u2022 La revictimizaci\u00f3n constante.<br>\u2022 El riesgo en el que nos colocaron.<br>\u2022 Y cualquier da\u00f1o que pueda ocurrirnos.<\/p>\n\n\n\n<p class=\"has-vivid-red-color has-text-color has-link-color wp-elements-51484d0d0de5cce5259e0ad77aec34ef\">(Pausa)<\/p>\n\n\n\n<p class=\"has-vivid-red-color has-text-color has-link-color wp-elements-f60aaf71c1a68026cd29575c54b23d8c\">No queremos ser valientes.<\/p>\n\n\n\n<p class=\"has-vivid-red-color has-text-color has-link-color wp-elements-1a3e5331215b2c36a371d327e27b394b\"><strong>Queremos ser libres.<\/strong><\/p>\n\n\n\n<p class=\"has-vivid-red-color has-text-color has-link-color wp-elements-abc900249d7eec3a0626323647720c88\">No queremos sobrevivir al sistema.<\/p>\n\n\n\n<p class=\"has-vivid-red-color has-text-color has-link-color wp-elements-b293b058bbb5e7cae0f07e1a4318c001\"><strong>Queremos justicia.<\/strong><\/p>\n\n\n\n<p class=\"has-vivid-red-color has-text-color has-link-color wp-elements-590d7db1236c9985088834d4cb05d121\">Si algo nos sucede,<br>ser\u00e1 responsabilidad del Estado.<\/p>\n\n\n\n<p class=\"has-vivid-red-color has-text-color has-link-color wp-elements-0f52bf6bf7fda44479d8f1d2f89c35b1\">Este 8 de marzo no es una consigna.<\/p>\n\n\n\n<p class=\"has-vivid-red-color has-text-color has-link-color wp-elements-46c2a21d1d22e211e828cef3185df04d\">Es memoria.<br>Es denuncia.<br>Es exigencia.<br>Y tambi\u00e9n es advertencia.<\/p>\n\n\n\n<p class=\"has-vivid-red-color has-text-color has-link-color wp-elements-01198a58d7a311a4abbf9c5e44755d8f\">(Pausa final)<\/p>\n\n\n\n<p class=\"has-vivid-red-color has-text-color has-link-color wp-elements-410fd23dc68f9a0fdd44666347bc9cd6\">Hoy una jueza confirm\u00f3 lo que dijimos desde el primer d\u00eda:<\/p>\n\n\n\n<p class=\"has-vivid-red-color has-text-color has-link-color wp-elements-429a8fdb452bea02ac769b3a6dc67a95\"><strong>Sobrevivimos a un intento de feminicidio.<\/strong><\/p>\n\n\n\n<p class=\"has-vivid-red-color has-text-color has-link-color wp-elements-532acd0cde60e74073d7e000a56af7d1\">Pero tambi\u00e9n queda claro que durante tres a\u00f1os<br>el Estado nos oblig\u00f3 a luchar<br>no solo contra nuestros agresores,<br>sino contra sus propias instituciones.<\/p>\n\n\n\n<p class=\"has-vivid-red-color has-text-color has-link-color wp-elements-3c3d1b20637d4c8b07aaf20d189110fb\">Y aunque la sentencia puede ser impugnada,<br>la verdad ya qued\u00f3 establecida.<\/p>\n\n\n\n<p class=\"has-vivid-red-color has-text-color has-link-color wp-elements-9a727dee4ab5b5e1b016cd8d58bd6c7c\">Sobrevivimos a un intento de feminicidio.<br>Y tambi\u00e9n sobrevivimos a <strong>tres a\u00f1os de violencia institucional.<\/strong><\/p>\n\n\n\n<p class=\"has-vivid-red-color has-text-color has-link-color wp-elements-51484d0d0de5cce5259e0ad77aec34ef\">(Pausa)<\/p>\n\n\n\n<p class=\"has-vivid-red-color has-text-color has-link-color wp-elements-c14e4fcd57e3de42e53fee4ec6fe730e\">Si la verdad incomoda,<br>que incomode.<\/p>\n\n\n\n<p class=\"has-vivid-red-color has-text-color has-link-color wp-elements-801458f392253aae9072cbd14b307f61\">Pero algo debe quedar claro:<\/p>\n\n\n\n<p class=\"has-vivid-red-color has-text-color has-link-color wp-elements-0f87b3ce8054f776231cc1212718a58c\">Intentaron matarnos.<br>El Estado intent\u00f3 silenciarnos.<br>Tres a\u00f1os despu\u00e9s aqu\u00ed seguimos.<br>Y no nos vamos a callar.<\/p>\n<\/details>\n\n\n\n<p>En seguida el meg\u00e1fono pas\u00f3 a manos de las representates de la Red de Defensoras del Agua y del Terrirorio en este Valle de Jovel. Ellas afirmaron que:<\/p>\n\n\n\n<blockquote class=\"wp-block-quote is-layout-flow wp-block-quote-is-layout-flow\">\n<p>\u201c\u2026 aunque en el discurso p\u00fablico se habla de equidad de g\u00e9nero se reduce a simulaci\u00f3n pol\u00edtica\u2026 Defender el territorio es un acto leg\u00edtimo\u201d. Exigieron, \u201cel cese de la violencia hacia las defensoras\u201d. Afirmando que: \u201cla defensa del agua y del territorio es tambi\u00e9n una lucha feminista\u201d. Y cerraron diciendo: \u201cSin defensoras no hay territorio, sin territorio no hay vida\u201d.<\/p>\n<\/blockquote>\n\n\n\n<p><em>Pronunciamiento de la Red Defensoras del Agua y el Territorio<\/em> <em>(<a href=\"https:\/\/radiozapatista.org\/wp-content\/uploads\/2026\/03\/6-Red-de-defensoras-audio.mp3\" target=\"_blank\" rel=\"noreferrer noopener\">Descarga aqu\u00ed<\/a>):<\/em><\/p>\n\n\n\n<figure class=\"wp-block-audio\"><audio controls src=\"https:\/\/radiozapatista.org\/wp-content\/uploads\/2026\/03\/6-Red-de-defensoras-audio.mp3\"><\/audio><\/figure>\n\n\n\n<details class=\"wp-block-details has-vivid-red-color has-text-color has-link-color wp-elements-d8b7d09cada9748f3d16a51c541e9242 is-layout-flow wp-block-details-is-layout-flow\"><summary><strong>Pronunciamiento de la Red Defensoras del Agua y el Territorio (Clic aqu\u00ed para leer)<\/strong><\/summary>\n<p class=\"has-text-align-right\">San Crist\u00f3bal de Las Casas, Chiapas, 08 de marzo de 2026<br>Red de Defensoras del Agua y el Territorio<br>Pronunciamiento 8 M<\/p>\n\n\n\n<p><\/p>\n\n\n\n<p>En el marco de la conmemoraci\u00f3n del 8 de marzo, D\u00eda Internacional de la lucha de las Mujeres, desde la Red de Defensoras del Agua y el Territorio alzamos la voz para denunciar la violencia sistem\u00e1tica y estructural que enfrentan las mujeres defensoras del ambiente y de los derechos humanos.<\/p>\n\n\n\n<p>En Am\u00e9rica Latina, una de las regiones m\u00e1s peligrosas para la defensa de la vida y la naturaleza, las mujeres que protegen el agua, los territorios y los bienes comunes son objeto de patrones reiterados de violencia que buscan silenciar su liderazgo y desarticular sus procesos organizativos. Estas violencias se manifiestan en difamaci\u00f3n, hostigamiento, amenazas, criminalizaci\u00f3n, judicializaci\u00f3n indebida, desapariciones forzadas y feminicidios pol\u00edticos.<\/p>\n\n\n\n<p>El intervencionismo y la acaparaci\u00f3n de los bienes naturales generan profundas afectaciones sociales. Sin embargo, estas afectaciones no son neutrales: impactan de manera diferenciada y desproporcionada a mujeres y ni\u00f1as. Los eventos naturales provocados por la crisis clim\u00e1tica, el ecocidio, la escasez de agua y la contaminaci\u00f3n provocan graves consecuencias en la salud, particularmente en la salud f\u00edsica, mental y emocional de las mujeres, adem\u00e1s aumenta la carga de trabajo de cuidado que hist\u00f3ricamente ha reca\u00eddo sobre las mujeres.<\/p>\n\n\n\n<p>Las problem\u00e1ticas ambientales generan despojo territorial y desplazamiento forzado, fracturando y desapareciendo comunidades enteras. Aunado a ello, el acceso de las mujeres a la informaci\u00f3n, a la participaci\u00f3n efectiva y a la justicia ambiental sigue siendo limitado. Aunque en el discurso p\u00fablico se habla de paridad de g\u00e9nero, en muchos espacios esta se reduce a simulaci\u00f3n pol\u00edtica, sin garantizar una participaci\u00f3n sustantiva ni condiciones reales de incidencia para las mujeres defensoras.<\/p>\n\n\n\n<p>Denunciamos que atacar a una defensora es atacar el derecho colectivo a un ambiente sano, al agua como bien com\u00fan y a la autodeterminaci\u00f3n de los pueblos. Defender el territorio no es un delito: es un acto leg\u00edtimo frente a la crisis clim\u00e1tica, ecol\u00f3gica y civilizatoria que atravesamos.<\/p>\n\n\n\n<p>Exigimos:<\/p>\n\n\n\n<p>-Garant\u00edas efectivas de protecci\u00f3n para todas las defensoras de derechos humanos y defensoras ambientales.<\/p>\n\n\n\n<p>-El cese de la violencia sistem\u00e1tica hacia las defensoras.<\/p>\n\n\n\n<p>-El acceso pleno a la justicia ambiental y clim\u00e1tica y el reconocimiento del liderazgo de las mujeres en la defensa del territorio.<\/p>\n\n\n\n<p>Este 8M reafirmamos que la defensa del agua y del territorio es tambi\u00e9n una lucha feminista. Sin defensoras no hay territorio; sin territorio no hay vida.<\/p>\n\n\n\n<p>\u00a1Nos queremos vivas, libres y defendiendo nuestros territorios!<\/p>\n<\/details>\n\n\n<div class=\"wp-block-image\">\n<figure class=\"aligncenter size-large\"><img loading=\"lazy\" decoding=\"async\" width=\"576\" height=\"1024\" src=\"https:\/\/radiozapatista.org\/wp-content\/uploads\/2026\/03\/Foro-Red-de-defensoras-576x1024.jpeg\" alt=\"\" class=\"wp-image-53769\" srcset=\"https:\/\/radiozapatista.org\/wp-content\/uploads\/2026\/03\/Foro-Red-de-defensoras-576x1024.jpeg 576w, https:\/\/radiozapatista.org\/wp-content\/uploads\/2026\/03\/Foro-Red-de-defensoras-169x300.jpeg 169w, https:\/\/radiozapatista.org\/wp-content\/uploads\/2026\/03\/Foro-Red-de-defensoras-768x1366.jpeg 768w, https:\/\/radiozapatista.org\/wp-content\/uploads\/2026\/03\/Foro-Red-de-defensoras-864x1536.jpeg 864w, https:\/\/radiozapatista.org\/wp-content\/uploads\/2026\/03\/Foro-Red-de-defensoras.jpeg 899w\" sizes=\"auto, (max-width: 576px) 100vw, 576px\" \/><\/figure>\n<\/div>\n\n\n<p>Antes de empezar a reunirnos en la Plaza de la Paz las compa\u00f1eras de la Colectiva Cereza convocaron a una rueda de prensa donde MADRES, HIJAS, HERMANAS DE PERSONAS DESAPARECIDXS HABLARON SOBRE EL ACCESO A LA JUSTICIA EN EL CONTEXTO ACTUAL DE LA DESAPARICI\u00d3N EN CHIAPAS.<\/p>\n\n\n<div class=\"wp-block-image\">\n<figure class=\"aligncenter size-full\"><img loading=\"lazy\" decoding=\"async\" width=\"664\" height=\"855\" src=\"https:\/\/radiozapatista.org\/wp-content\/uploads\/2026\/03\/cereza.jpg\" alt=\"\" class=\"wp-image-53770\" srcset=\"https:\/\/radiozapatista.org\/wp-content\/uploads\/2026\/03\/cereza.jpg 664w, https:\/\/radiozapatista.org\/wp-content\/uploads\/2026\/03\/cereza-233x300.jpg 233w\" sizes=\"auto, (max-width: 664px) 100vw, 664px\" \/><\/figure>\n<\/div>\n\n\n<p>Al tiempo, en la Plaza una de las varias j\u00f3venes acompa\u00f1antes de una de las familias con una v\u00edctima de desaparici\u00f3n forzada nos coment\u00f3 lo importante que es para ellas y la familia el acuerparse entre unas y otras (parientas, amigas, solidarias, abogadas), sobre todo, ante el dolor pero tambi\u00e9n frente a la frustraci\u00f3n del casi nulo avance de los tr\u00e1mites administrativos luego de la denuncia. Fue ella misma quien nos habl\u00f3 de c\u00f3mo le lleg\u00f3 la conciencia, de la violencia que a ella misma le atraves\u00f3 la cuerpa en la relaci\u00f3n con un novio y de c\u00f3mo la teor\u00eda y la pr\u00e1ctica feminista ha sido clave para el proceso personal y colectivo de toma de conciencia. Cerr\u00f3 se\u00f1alando lo que ser\u00edan las demandas urgentes que ella y ellas lanzan:<\/p>\n\n\n\n<blockquote class=\"wp-block-quote is-layout-flow wp-block-quote-is-layout-flow\">\n<p>\u201cExigen la agilizaci\u00f3n de los procesos legales de los y las desaparecidas\u2026 que las leyes genuinamente nos protejan, reconoce que la Ley Olimpia y la Ley Valentina existen pero saben que se requiere romper el sistema\u201d.<\/p>\n<\/blockquote>\n\n\n\n<p><em>Entrevista a j\u00f3vena en la Plaza de la Paz (<a href=\"https:\/\/radiozapatista.org\/wp-content\/uploads\/2026\/03\/1-Entrevista-a-jovena-en-la-Plaza-de-la-Paz-8M2026.mp3\" target=\"_blank\" rel=\"noreferrer noopener\">Descarga aqu\u00ed<\/a>):<\/em><\/p>\n\n\n\n<figure class=\"wp-block-audio\"><audio controls src=\"https:\/\/radiozapatista.org\/wp-content\/uploads\/2026\/03\/1-Entrevista-a-jovena-en-la-Plaza-de-la-Paz-8M2026.mp3\"><\/audio><\/figure>\n\n\n\n<p>Y por supuesto no pod\u00edan fallar las sesiones de autodefensa, el arte, las tamboreras, las obras de teatro y la m\u00fasica. Todo ello fue parte de esta commemoraci\u00f3n del 8M y de la denuncia creativa pero contundente. Una de las miembras de un grupo de son jarocho participante en la marcha, Son Tribu, nos comparti\u00f3 sentada en la Plaza su palabra rememorando cuando lleg\u00f3 por primera vez a estas tierras hace 30 a\u00f1os (en 1996) exactamente en una marcha de mujeres donde estaban las zapatistas. Nos habl\u00f3 de su recorrido de 25 a\u00f1os de vida en tierras chiapanecas: su rol como observadora de derechos humanos, luego acompa\u00f1ante comunitaria, luego parte de la Otra Campa\u00f1a hasta llegar a tener sus propios cultivos agroecol\u00f3gicos y sus animalitos y ser parte de grupos musicales que lo mismo crean sus propios versos feministas y ambientalistas que refuerzan las luchas de mujeres que luchan y de feministas. Oigamos con detalle lo que nos trasmite de esperanza encarnada enraizada alguien que en su modo, tiempo y geograf\u00eda hace en colectivo con otras mujeres\u2026<\/p>\n\n\n\n<p><em>Entrevista a participante en la marcha (<a href=\"https:\/\/radiozapatista.org\/wp-content\/uploads\/2026\/03\/2-Entrevista-Analaquetoca-8M2026.mp3\" target=\"_blank\" rel=\"noreferrer noopener\">Descarga aqu\u00ed<\/a>):<\/em><\/p>\n\n\n\n<figure class=\"wp-block-audio\"><audio controls src=\"https:\/\/radiozapatista.org\/wp-content\/uploads\/2026\/03\/2-Entrevista-Analaquetoca-8M2026.mp3\"><\/audio><\/figure>\n\n\n\n<p>Hacer colectivo a pesar de las guerras que azotan a los pueblos que resisten\u2026<\/p>\n\n\n<div class=\"wp-block-image\">\n<figure class=\"aligncenter size-large\"><img loading=\"lazy\" decoding=\"async\" width=\"677\" height=\"1024\" src=\"https:\/\/radiozapatista.org\/wp-content\/uploads\/2026\/03\/WhatsApp-Image-2026-03-08-at-19.44.21-19-677x1024.jpeg\" alt=\"\" class=\"wp-image-53774\" srcset=\"https:\/\/radiozapatista.org\/wp-content\/uploads\/2026\/03\/WhatsApp-Image-2026-03-08-at-19.44.21-19-677x1024.jpeg 677w, https:\/\/radiozapatista.org\/wp-content\/uploads\/2026\/03\/WhatsApp-Image-2026-03-08-at-19.44.21-19-198x300.jpeg 198w, https:\/\/radiozapatista.org\/wp-content\/uploads\/2026\/03\/WhatsApp-Image-2026-03-08-at-19.44.21-19-768x1161.jpeg 768w, https:\/\/radiozapatista.org\/wp-content\/uploads\/2026\/03\/WhatsApp-Image-2026-03-08-at-19.44.21-19.jpeg 828w\" sizes=\"auto, (max-width: 677px) 100vw, 677px\" \/><\/figure>\n<\/div>\n\n\n<p class=\"has-text-align-right\">Foto-reportaje aporte de la Colectiva PVIFS-Chiapas<br>8M Plaza de la Paz<br>SCLC. Chiapas, M\u00e9xico<\/p>\n\n\n\n<figure class=\"wp-block-gallery has-nested-images columns-default is-cropped wp-block-gallery-1 is-layout-flex wp-block-gallery-is-layout-flex\">\n<figure class=\"wp-block-image size-medium\"><a href=\"https:\/\/radiozapatista.org\/wp-content\/uploads\/2026\/03\/WhatsApp-Image-2026-03-08-at-19.44.21-5.jpeg\"><img loading=\"lazy\" decoding=\"async\" width=\"350\" height=\"263\" data-id=\"53775\" src=\"https:\/\/radiozapatista.org\/wp-content\/uploads\/2026\/03\/WhatsApp-Image-2026-03-08-at-19.44.21-5-350x263.jpeg\" alt=\"\" class=\"wp-image-53775\" srcset=\"https:\/\/radiozapatista.org\/wp-content\/uploads\/2026\/03\/WhatsApp-Image-2026-03-08-at-19.44.21-5-350x263.jpeg 350w, https:\/\/radiozapatista.org\/wp-content\/uploads\/2026\/03\/WhatsApp-Image-2026-03-08-at-19.44.21-5-1024x768.jpeg 1024w, https:\/\/radiozapatista.org\/wp-content\/uploads\/2026\/03\/WhatsApp-Image-2026-03-08-at-19.44.21-5-768x576.jpeg 768w, https:\/\/radiozapatista.org\/wp-content\/uploads\/2026\/03\/WhatsApp-Image-2026-03-08-at-19.44.21-5.jpeg 1280w\" sizes=\"auto, (max-width: 350px) 100vw, 350px\" \/><\/a><\/figure>\n\n\n\n<figure class=\"wp-block-image size-medium\"><a href=\"https:\/\/radiozapatista.org\/wp-content\/uploads\/2026\/03\/WhatsApp-Image-2026-03-08-at-19.44.21-8.jpeg\"><img loading=\"lazy\" decoding=\"async\" width=\"350\" height=\"263\" data-id=\"53776\" src=\"https:\/\/radiozapatista.org\/wp-content\/uploads\/2026\/03\/WhatsApp-Image-2026-03-08-at-19.44.21-8-350x263.jpeg\" alt=\"\" class=\"wp-image-53776\" srcset=\"https:\/\/radiozapatista.org\/wp-content\/uploads\/2026\/03\/WhatsApp-Image-2026-03-08-at-19.44.21-8-350x263.jpeg 350w, https:\/\/radiozapatista.org\/wp-content\/uploads\/2026\/03\/WhatsApp-Image-2026-03-08-at-19.44.21-8-1024x768.jpeg 1024w, https:\/\/radiozapatista.org\/wp-content\/uploads\/2026\/03\/WhatsApp-Image-2026-03-08-at-19.44.21-8-768x576.jpeg 768w, https:\/\/radiozapatista.org\/wp-content\/uploads\/2026\/03\/WhatsApp-Image-2026-03-08-at-19.44.21-8.jpeg 1280w\" sizes=\"auto, (max-width: 350px) 100vw, 350px\" \/><\/a><\/figure>\n\n\n\n<figure class=\"wp-block-image size-medium\"><a href=\"https:\/\/radiozapatista.org\/wp-content\/uploads\/2026\/03\/WhatsApp-Image-2026-03-08-at-19.44.21-10.jpeg\"><img loading=\"lazy\" decoding=\"async\" width=\"350\" height=\"263\" data-id=\"53777\" src=\"https:\/\/radiozapatista.org\/wp-content\/uploads\/2026\/03\/WhatsApp-Image-2026-03-08-at-19.44.21-10-350x263.jpeg\" alt=\"\" class=\"wp-image-53777\" srcset=\"https:\/\/radiozapatista.org\/wp-content\/uploads\/2026\/03\/WhatsApp-Image-2026-03-08-at-19.44.21-10-350x263.jpeg 350w, https:\/\/radiozapatista.org\/wp-content\/uploads\/2026\/03\/WhatsApp-Image-2026-03-08-at-19.44.21-10-1024x768.jpeg 1024w, https:\/\/radiozapatista.org\/wp-content\/uploads\/2026\/03\/WhatsApp-Image-2026-03-08-at-19.44.21-10-768x576.jpeg 768w, https:\/\/radiozapatista.org\/wp-content\/uploads\/2026\/03\/WhatsApp-Image-2026-03-08-at-19.44.21-10.jpeg 1280w\" sizes=\"auto, (max-width: 350px) 100vw, 350px\" \/><\/a><\/figure>\n\n\n\n<figure class=\"wp-block-image size-medium\"><a href=\"https:\/\/radiozapatista.org\/wp-content\/uploads\/2026\/03\/WhatsApp-Image-2026-03-08-at-19.44.21-14.jpeg\"><img loading=\"lazy\" decoding=\"async\" width=\"350\" height=\"263\" data-id=\"53778\" src=\"https:\/\/radiozapatista.org\/wp-content\/uploads\/2026\/03\/WhatsApp-Image-2026-03-08-at-19.44.21-14-350x263.jpeg\" alt=\"\" class=\"wp-image-53778\" srcset=\"https:\/\/radiozapatista.org\/wp-content\/uploads\/2026\/03\/WhatsApp-Image-2026-03-08-at-19.44.21-14-350x263.jpeg 350w, https:\/\/radiozapatista.org\/wp-content\/uploads\/2026\/03\/WhatsApp-Image-2026-03-08-at-19.44.21-14-1024x768.jpeg 1024w, https:\/\/radiozapatista.org\/wp-content\/uploads\/2026\/03\/WhatsApp-Image-2026-03-08-at-19.44.21-14-768x576.jpeg 768w, https:\/\/radiozapatista.org\/wp-content\/uploads\/2026\/03\/WhatsApp-Image-2026-03-08-at-19.44.21-14.jpeg 1280w\" sizes=\"auto, (max-width: 350px) 100vw, 350px\" \/><\/a><\/figure>\n\n\n\n<figure class=\"wp-block-image size-medium\"><a href=\"https:\/\/radiozapatista.org\/wp-content\/uploads\/2026\/03\/WhatsApp-Image-2026-03-08-at-12.22.29.jpeg\"><img loading=\"lazy\" decoding=\"async\" width=\"350\" height=\"263\" data-id=\"53779\" src=\"https:\/\/radiozapatista.org\/wp-content\/uploads\/2026\/03\/WhatsApp-Image-2026-03-08-at-12.22.29-350x263.jpeg\" alt=\"\" class=\"wp-image-53779\" srcset=\"https:\/\/radiozapatista.org\/wp-content\/uploads\/2026\/03\/WhatsApp-Image-2026-03-08-at-12.22.29-350x263.jpeg 350w, https:\/\/radiozapatista.org\/wp-content\/uploads\/2026\/03\/WhatsApp-Image-2026-03-08-at-12.22.29-1024x768.jpeg 1024w, https:\/\/radiozapatista.org\/wp-content\/uploads\/2026\/03\/WhatsApp-Image-2026-03-08-at-12.22.29-768x576.jpeg 768w, https:\/\/radiozapatista.org\/wp-content\/uploads\/2026\/03\/WhatsApp-Image-2026-03-08-at-12.22.29.jpeg 1280w\" sizes=\"auto, (max-width: 350px) 100vw, 350px\" \/><\/a><\/figure>\n\n\n\n<figure class=\"wp-block-image size-medium\"><a href=\"https:\/\/radiozapatista.org\/wp-content\/uploads\/2026\/03\/WhatsApp-Image-2026-03-08-at-12.22.30-1.jpeg\"><img loading=\"lazy\" decoding=\"async\" width=\"350\" height=\"263\" data-id=\"53780\" src=\"https:\/\/radiozapatista.org\/wp-content\/uploads\/2026\/03\/WhatsApp-Image-2026-03-08-at-12.22.30-1-350x263.jpeg\" alt=\"\" class=\"wp-image-53780\" srcset=\"https:\/\/radiozapatista.org\/wp-content\/uploads\/2026\/03\/WhatsApp-Image-2026-03-08-at-12.22.30-1-350x263.jpeg 350w, https:\/\/radiozapatista.org\/wp-content\/uploads\/2026\/03\/WhatsApp-Image-2026-03-08-at-12.22.30-1-1024x768.jpeg 1024w, https:\/\/radiozapatista.org\/wp-content\/uploads\/2026\/03\/WhatsApp-Image-2026-03-08-at-12.22.30-1-768x576.jpeg 768w, https:\/\/radiozapatista.org\/wp-content\/uploads\/2026\/03\/WhatsApp-Image-2026-03-08-at-12.22.30-1.jpeg 1280w\" sizes=\"auto, (max-width: 350px) 100vw, 350px\" \/><\/a><\/figure>\n\n\n\n<figure class=\"wp-block-image size-medium\"><a href=\"https:\/\/radiozapatista.org\/wp-content\/uploads\/2026\/03\/WhatsApp-Image-2026-03-08-at-12.22.30-3.jpeg\"><img loading=\"lazy\" decoding=\"async\" width=\"350\" height=\"263\" data-id=\"53781\" src=\"https:\/\/radiozapatista.org\/wp-content\/uploads\/2026\/03\/WhatsApp-Image-2026-03-08-at-12.22.30-3-350x263.jpeg\" alt=\"\" class=\"wp-image-53781\" srcset=\"https:\/\/radiozapatista.org\/wp-content\/uploads\/2026\/03\/WhatsApp-Image-2026-03-08-at-12.22.30-3-350x263.jpeg 350w, https:\/\/radiozapatista.org\/wp-content\/uploads\/2026\/03\/WhatsApp-Image-2026-03-08-at-12.22.30-3-1024x768.jpeg 1024w, https:\/\/radiozapatista.org\/wp-content\/uploads\/2026\/03\/WhatsApp-Image-2026-03-08-at-12.22.30-3-768x576.jpeg 768w, https:\/\/radiozapatista.org\/wp-content\/uploads\/2026\/03\/WhatsApp-Image-2026-03-08-at-12.22.30-3.jpeg 1280w\" sizes=\"auto, (max-width: 350px) 100vw, 350px\" \/><\/a><\/figure>\n\n\n\n<figure class=\"wp-block-image size-medium\"><a href=\"https:\/\/radiozapatista.org\/wp-content\/uploads\/2026\/03\/WhatsApp-Image-2026-03-08-at-12.22.30-4.jpeg\"><img loading=\"lazy\" decoding=\"async\" width=\"350\" height=\"263\" data-id=\"53782\" src=\"https:\/\/radiozapatista.org\/wp-content\/uploads\/2026\/03\/WhatsApp-Image-2026-03-08-at-12.22.30-4-350x263.jpeg\" alt=\"\" class=\"wp-image-53782\" srcset=\"https:\/\/radiozapatista.org\/wp-content\/uploads\/2026\/03\/WhatsApp-Image-2026-03-08-at-12.22.30-4-350x263.jpeg 350w, https:\/\/radiozapatista.org\/wp-content\/uploads\/2026\/03\/WhatsApp-Image-2026-03-08-at-12.22.30-4-1024x768.jpeg 1024w, https:\/\/radiozapatista.org\/wp-content\/uploads\/2026\/03\/WhatsApp-Image-2026-03-08-at-12.22.30-4-768x576.jpeg 768w, https:\/\/radiozapatista.org\/wp-content\/uploads\/2026\/03\/WhatsApp-Image-2026-03-08-at-12.22.30-4.jpeg 1280w\" sizes=\"auto, (max-width: 350px) 100vw, 350px\" \/><\/a><\/figure>\n\n\n\n<figure class=\"wp-block-image size-medium\"><a href=\"https:\/\/radiozapatista.org\/wp-content\/uploads\/2026\/03\/WhatsApp-Image-2026-03-08-at-12.22.30.jpeg\"><img loading=\"lazy\" decoding=\"async\" width=\"350\" height=\"263\" data-id=\"53783\" src=\"https:\/\/radiozapatista.org\/wp-content\/uploads\/2026\/03\/WhatsApp-Image-2026-03-08-at-12.22.30-350x263.jpeg\" alt=\"\" class=\"wp-image-53783\" srcset=\"https:\/\/radiozapatista.org\/wp-content\/uploads\/2026\/03\/WhatsApp-Image-2026-03-08-at-12.22.30-350x263.jpeg 350w, https:\/\/radiozapatista.org\/wp-content\/uploads\/2026\/03\/WhatsApp-Image-2026-03-08-at-12.22.30-1024x768.jpeg 1024w, https:\/\/radiozapatista.org\/wp-content\/uploads\/2026\/03\/WhatsApp-Image-2026-03-08-at-12.22.30-768x576.jpeg 768w, https:\/\/radiozapatista.org\/wp-content\/uploads\/2026\/03\/WhatsApp-Image-2026-03-08-at-12.22.30.jpeg 1280w\" sizes=\"auto, (max-width: 350px) 100vw, 350px\" \/><\/a><\/figure>\n\n\n\n<figure class=\"wp-block-image size-medium\"><a href=\"https:\/\/radiozapatista.org\/wp-content\/uploads\/2026\/03\/WhatsApp-Image-2026-03-08-at-12.22.31-1.jpeg\"><img loading=\"lazy\" decoding=\"async\" width=\"350\" height=\"263\" data-id=\"53784\" src=\"https:\/\/radiozapatista.org\/wp-content\/uploads\/2026\/03\/WhatsApp-Image-2026-03-08-at-12.22.31-1-350x263.jpeg\" alt=\"\" class=\"wp-image-53784\" srcset=\"https:\/\/radiozapatista.org\/wp-content\/uploads\/2026\/03\/WhatsApp-Image-2026-03-08-at-12.22.31-1-350x263.jpeg 350w, https:\/\/radiozapatista.org\/wp-content\/uploads\/2026\/03\/WhatsApp-Image-2026-03-08-at-12.22.31-1-1024x768.jpeg 1024w, https:\/\/radiozapatista.org\/wp-content\/uploads\/2026\/03\/WhatsApp-Image-2026-03-08-at-12.22.31-1-768x576.jpeg 768w, https:\/\/radiozapatista.org\/wp-content\/uploads\/2026\/03\/WhatsApp-Image-2026-03-08-at-12.22.31-1.jpeg 1280w\" sizes=\"auto, (max-width: 350px) 100vw, 350px\" \/><\/a><\/figure>\n\n\n\n<figure class=\"wp-block-image size-medium\"><a href=\"https:\/\/radiozapatista.org\/wp-content\/uploads\/2026\/03\/WhatsApp-Image-2026-03-08-at-12.22.31-2.jpeg\"><img loading=\"lazy\" decoding=\"async\" width=\"350\" height=\"263\" data-id=\"53785\" src=\"https:\/\/radiozapatista.org\/wp-content\/uploads\/2026\/03\/WhatsApp-Image-2026-03-08-at-12.22.31-2-350x263.jpeg\" alt=\"\" class=\"wp-image-53785\" srcset=\"https:\/\/radiozapatista.org\/wp-content\/uploads\/2026\/03\/WhatsApp-Image-2026-03-08-at-12.22.31-2-350x263.jpeg 350w, https:\/\/radiozapatista.org\/wp-content\/uploads\/2026\/03\/WhatsApp-Image-2026-03-08-at-12.22.31-2-1024x768.jpeg 1024w, https:\/\/radiozapatista.org\/wp-content\/uploads\/2026\/03\/WhatsApp-Image-2026-03-08-at-12.22.31-2-768x576.jpeg 768w, https:\/\/radiozapatista.org\/wp-content\/uploads\/2026\/03\/WhatsApp-Image-2026-03-08-at-12.22.31-2.jpeg 1280w\" sizes=\"auto, (max-width: 350px) 100vw, 350px\" \/><\/a><\/figure>\n\n\n\n<figure class=\"wp-block-image size-medium\"><a href=\"https:\/\/radiozapatista.org\/wp-content\/uploads\/2026\/03\/WhatsApp-Image-2026-03-08-at-12.22.31.jpeg\"><img loading=\"lazy\" decoding=\"async\" width=\"350\" height=\"263\" data-id=\"53786\" src=\"https:\/\/radiozapatista.org\/wp-content\/uploads\/2026\/03\/WhatsApp-Image-2026-03-08-at-12.22.31-350x263.jpeg\" alt=\"\" class=\"wp-image-53786\" srcset=\"https:\/\/radiozapatista.org\/wp-content\/uploads\/2026\/03\/WhatsApp-Image-2026-03-08-at-12.22.31-350x263.jpeg 350w, https:\/\/radiozapatista.org\/wp-content\/uploads\/2026\/03\/WhatsApp-Image-2026-03-08-at-12.22.31-1024x768.jpeg 1024w, https:\/\/radiozapatista.org\/wp-content\/uploads\/2026\/03\/WhatsApp-Image-2026-03-08-at-12.22.31-768x576.jpeg 768w, https:\/\/radiozapatista.org\/wp-content\/uploads\/2026\/03\/WhatsApp-Image-2026-03-08-at-12.22.31.jpeg 1280w\" sizes=\"auto, (max-width: 350px) 100vw, 350px\" \/><\/a><\/figure>\n\n\n\n<figure class=\"wp-block-image size-medium\"><a href=\"https:\/\/radiozapatista.org\/wp-content\/uploads\/2026\/03\/WhatsApp-Image-2026-03-08-at-12.22.32-1.jpeg\"><img loading=\"lazy\" decoding=\"async\" width=\"350\" height=\"263\" data-id=\"53787\" src=\"https:\/\/radiozapatista.org\/wp-content\/uploads\/2026\/03\/WhatsApp-Image-2026-03-08-at-12.22.32-1-350x263.jpeg\" alt=\"\" class=\"wp-image-53787\" srcset=\"https:\/\/radiozapatista.org\/wp-content\/uploads\/2026\/03\/WhatsApp-Image-2026-03-08-at-12.22.32-1-350x263.jpeg 350w, https:\/\/radiozapatista.org\/wp-content\/uploads\/2026\/03\/WhatsApp-Image-2026-03-08-at-12.22.32-1-1024x768.jpeg 1024w, https:\/\/radiozapatista.org\/wp-content\/uploads\/2026\/03\/WhatsApp-Image-2026-03-08-at-12.22.32-1-768x576.jpeg 768w, https:\/\/radiozapatista.org\/wp-content\/uploads\/2026\/03\/WhatsApp-Image-2026-03-08-at-12.22.32-1.jpeg 1280w\" sizes=\"auto, (max-width: 350px) 100vw, 350px\" \/><\/a><\/figure>\n\n\n\n<figure class=\"wp-block-image size-medium\"><a href=\"https:\/\/radiozapatista.org\/wp-content\/uploads\/2026\/03\/WhatsApp-Image-2026-03-08-at-12.22.32-2.jpeg\"><img loading=\"lazy\" decoding=\"async\" width=\"350\" height=\"263\" data-id=\"53788\" src=\"https:\/\/radiozapatista.org\/wp-content\/uploads\/2026\/03\/WhatsApp-Image-2026-03-08-at-12.22.32-2-350x263.jpeg\" alt=\"\" class=\"wp-image-53788\" srcset=\"https:\/\/radiozapatista.org\/wp-content\/uploads\/2026\/03\/WhatsApp-Image-2026-03-08-at-12.22.32-2-350x263.jpeg 350w, https:\/\/radiozapatista.org\/wp-content\/uploads\/2026\/03\/WhatsApp-Image-2026-03-08-at-12.22.32-2-1024x768.jpeg 1024w, https:\/\/radiozapatista.org\/wp-content\/uploads\/2026\/03\/WhatsApp-Image-2026-03-08-at-12.22.32-2-768x576.jpeg 768w, https:\/\/radiozapatista.org\/wp-content\/uploads\/2026\/03\/WhatsApp-Image-2026-03-08-at-12.22.32-2.jpeg 1280w\" sizes=\"auto, (max-width: 350px) 100vw, 350px\" \/><\/a><\/figure>\n\n\n\n<figure class=\"wp-block-image size-medium\"><a href=\"https:\/\/radiozapatista.org\/wp-content\/uploads\/2026\/03\/WhatsApp-Image-2026-03-08-at-12.22.32.jpeg\"><img loading=\"lazy\" decoding=\"async\" width=\"350\" height=\"263\" data-id=\"53789\" src=\"https:\/\/radiozapatista.org\/wp-content\/uploads\/2026\/03\/WhatsApp-Image-2026-03-08-at-12.22.32-350x263.jpeg\" alt=\"\" class=\"wp-image-53789\" srcset=\"https:\/\/radiozapatista.org\/wp-content\/uploads\/2026\/03\/WhatsApp-Image-2026-03-08-at-12.22.32-350x263.jpeg 350w, https:\/\/radiozapatista.org\/wp-content\/uploads\/2026\/03\/WhatsApp-Image-2026-03-08-at-12.22.32-1024x768.jpeg 1024w, https:\/\/radiozapatista.org\/wp-content\/uploads\/2026\/03\/WhatsApp-Image-2026-03-08-at-12.22.32-768x576.jpeg 768w, https:\/\/radiozapatista.org\/wp-content\/uploads\/2026\/03\/WhatsApp-Image-2026-03-08-at-12.22.32.jpeg 1280w\" sizes=\"auto, (max-width: 350px) 100vw, 350px\" \/><\/a><\/figure>\n\n\n\n<figure class=\"wp-block-image size-medium\"><a href=\"https:\/\/radiozapatista.org\/wp-content\/uploads\/2026\/03\/WhatsApp-Image-2026-03-08-at-12.22.33-1.jpeg\"><img loading=\"lazy\" decoding=\"async\" width=\"350\" height=\"263\" data-id=\"53790\" src=\"https:\/\/radiozapatista.org\/wp-content\/uploads\/2026\/03\/WhatsApp-Image-2026-03-08-at-12.22.33-1-350x263.jpeg\" alt=\"\" class=\"wp-image-53790\" srcset=\"https:\/\/radiozapatista.org\/wp-content\/uploads\/2026\/03\/WhatsApp-Image-2026-03-08-at-12.22.33-1-350x263.jpeg 350w, https:\/\/radiozapatista.org\/wp-content\/uploads\/2026\/03\/WhatsApp-Image-2026-03-08-at-12.22.33-1-1024x768.jpeg 1024w, https:\/\/radiozapatista.org\/wp-content\/uploads\/2026\/03\/WhatsApp-Image-2026-03-08-at-12.22.33-1-768x576.jpeg 768w, https:\/\/radiozapatista.org\/wp-content\/uploads\/2026\/03\/WhatsApp-Image-2026-03-08-at-12.22.33-1.jpeg 1280w\" sizes=\"auto, (max-width: 350px) 100vw, 350px\" \/><\/a><\/figure>\n\n\n\n<figure class=\"wp-block-image size-medium\"><a href=\"https:\/\/radiozapatista.org\/wp-content\/uploads\/2026\/03\/WhatsApp-Image-2026-03-08-at-12.22.33-2.jpeg\"><img loading=\"lazy\" decoding=\"async\" width=\"350\" height=\"263\" data-id=\"53791\" src=\"https:\/\/radiozapatista.org\/wp-content\/uploads\/2026\/03\/WhatsApp-Image-2026-03-08-at-12.22.33-2-350x263.jpeg\" alt=\"\" class=\"wp-image-53791\" srcset=\"https:\/\/radiozapatista.org\/wp-content\/uploads\/2026\/03\/WhatsApp-Image-2026-03-08-at-12.22.33-2-350x263.jpeg 350w, https:\/\/radiozapatista.org\/wp-content\/uploads\/2026\/03\/WhatsApp-Image-2026-03-08-at-12.22.33-2-1024x768.jpeg 1024w, https:\/\/radiozapatista.org\/wp-content\/uploads\/2026\/03\/WhatsApp-Image-2026-03-08-at-12.22.33-2-768x576.jpeg 768w, https:\/\/radiozapatista.org\/wp-content\/uploads\/2026\/03\/WhatsApp-Image-2026-03-08-at-12.22.33-2.jpeg 1280w\" sizes=\"auto, (max-width: 350px) 100vw, 350px\" \/><\/a><\/figure>\n\n\n\n<figure class=\"wp-block-image size-medium\"><a href=\"https:\/\/radiozapatista.org\/wp-content\/uploads\/2026\/03\/WhatsApp-Image-2026-03-08-at-12.22.33-3.jpeg\"><img loading=\"lazy\" decoding=\"async\" width=\"350\" height=\"263\" data-id=\"53792\" src=\"https:\/\/radiozapatista.org\/wp-content\/uploads\/2026\/03\/WhatsApp-Image-2026-03-08-at-12.22.33-3-350x263.jpeg\" alt=\"\" class=\"wp-image-53792\" srcset=\"https:\/\/radiozapatista.org\/wp-content\/uploads\/2026\/03\/WhatsApp-Image-2026-03-08-at-12.22.33-3-350x263.jpeg 350w, https:\/\/radiozapatista.org\/wp-content\/uploads\/2026\/03\/WhatsApp-Image-2026-03-08-at-12.22.33-3-1024x768.jpeg 1024w, https:\/\/radiozapatista.org\/wp-content\/uploads\/2026\/03\/WhatsApp-Image-2026-03-08-at-12.22.33-3-768x576.jpeg 768w, https:\/\/radiozapatista.org\/wp-content\/uploads\/2026\/03\/WhatsApp-Image-2026-03-08-at-12.22.33-3.jpeg 1280w\" sizes=\"auto, (max-width: 350px) 100vw, 350px\" \/><\/a><\/figure>\n\n\n\n<figure class=\"wp-block-image size-medium\"><a href=\"https:\/\/radiozapatista.org\/wp-content\/uploads\/2026\/03\/WhatsApp-Image-2026-03-08-at-12.22.33.jpeg\"><img loading=\"lazy\" decoding=\"async\" width=\"350\" height=\"263\" data-id=\"53793\" src=\"https:\/\/radiozapatista.org\/wp-content\/uploads\/2026\/03\/WhatsApp-Image-2026-03-08-at-12.22.33-350x263.jpeg\" alt=\"\" class=\"wp-image-53793\" srcset=\"https:\/\/radiozapatista.org\/wp-content\/uploads\/2026\/03\/WhatsApp-Image-2026-03-08-at-12.22.33-350x263.jpeg 350w, https:\/\/radiozapatista.org\/wp-content\/uploads\/2026\/03\/WhatsApp-Image-2026-03-08-at-12.22.33-1024x768.jpeg 1024w, https:\/\/radiozapatista.org\/wp-content\/uploads\/2026\/03\/WhatsApp-Image-2026-03-08-at-12.22.33-768x576.jpeg 768w, https:\/\/radiozapatista.org\/wp-content\/uploads\/2026\/03\/WhatsApp-Image-2026-03-08-at-12.22.33.jpeg 1280w\" sizes=\"auto, (max-width: 350px) 100vw, 350px\" \/><\/a><\/figure>\n\n\n\n<figure class=\"wp-block-image size-medium\"><a href=\"https:\/\/radiozapatista.org\/wp-content\/uploads\/2026\/03\/WhatsApp-Image-2026-03-08-at-12.22.34-1.jpeg\"><img loading=\"lazy\" decoding=\"async\" width=\"350\" height=\"263\" data-id=\"53794\" src=\"https:\/\/radiozapatista.org\/wp-content\/uploads\/2026\/03\/WhatsApp-Image-2026-03-08-at-12.22.34-1-350x263.jpeg\" alt=\"\" class=\"wp-image-53794\" srcset=\"https:\/\/radiozapatista.org\/wp-content\/uploads\/2026\/03\/WhatsApp-Image-2026-03-08-at-12.22.34-1-350x263.jpeg 350w, https:\/\/radiozapatista.org\/wp-content\/uploads\/2026\/03\/WhatsApp-Image-2026-03-08-at-12.22.34-1-1024x768.jpeg 1024w, https:\/\/radiozapatista.org\/wp-content\/uploads\/2026\/03\/WhatsApp-Image-2026-03-08-at-12.22.34-1-768x576.jpeg 768w, https:\/\/radiozapatista.org\/wp-content\/uploads\/2026\/03\/WhatsApp-Image-2026-03-08-at-12.22.34-1.jpeg 1280w\" sizes=\"auto, (max-width: 350px) 100vw, 350px\" \/><\/a><\/figure>\n\n\n\n<figure class=\"wp-block-image size-medium\"><a href=\"https:\/\/radiozapatista.org\/wp-content\/uploads\/2026\/03\/WhatsApp-Image-2026-03-08-at-12.22.34.jpeg\"><img loading=\"lazy\" decoding=\"async\" width=\"350\" height=\"263\" data-id=\"53795\" src=\"https:\/\/radiozapatista.org\/wp-content\/uploads\/2026\/03\/WhatsApp-Image-2026-03-08-at-12.22.34-350x263.jpeg\" alt=\"\" class=\"wp-image-53795\" srcset=\"https:\/\/radiozapatista.org\/wp-content\/uploads\/2026\/03\/WhatsApp-Image-2026-03-08-at-12.22.34-350x263.jpeg 350w, https:\/\/radiozapatista.org\/wp-content\/uploads\/2026\/03\/WhatsApp-Image-2026-03-08-at-12.22.34-1024x768.jpeg 1024w, https:\/\/radiozapatista.org\/wp-content\/uploads\/2026\/03\/WhatsApp-Image-2026-03-08-at-12.22.34-768x576.jpeg 768w, https:\/\/radiozapatista.org\/wp-content\/uploads\/2026\/03\/WhatsApp-Image-2026-03-08-at-12.22.34.jpeg 1280w\" sizes=\"auto, (max-width: 350px) 100vw, 350px\" \/><\/a><\/figure>\n\n\n\n<figure class=\"wp-block-image size-medium\"><a href=\"https:\/\/radiozapatista.org\/wp-content\/uploads\/2026\/03\/WhatsApp-Image-2026-03-08-at-12.22.35.jpeg\"><img loading=\"lazy\" decoding=\"async\" width=\"350\" height=\"263\" data-id=\"53796\" src=\"https:\/\/radiozapatista.org\/wp-content\/uploads\/2026\/03\/WhatsApp-Image-2026-03-08-at-12.22.35-350x263.jpeg\" alt=\"\" class=\"wp-image-53796\" srcset=\"https:\/\/radiozapatista.org\/wp-content\/uploads\/2026\/03\/WhatsApp-Image-2026-03-08-at-12.22.35-350x263.jpeg 350w, https:\/\/radiozapatista.org\/wp-content\/uploads\/2026\/03\/WhatsApp-Image-2026-03-08-at-12.22.35-1024x768.jpeg 1024w, https:\/\/radiozapatista.org\/wp-content\/uploads\/2026\/03\/WhatsApp-Image-2026-03-08-at-12.22.35-768x576.jpeg 768w, https:\/\/radiozapatista.org\/wp-content\/uploads\/2026\/03\/WhatsApp-Image-2026-03-08-at-12.22.35.jpeg 1280w\" sizes=\"auto, (max-width: 350px) 100vw, 350px\" \/><\/a><\/figure>\n\n\n\n<figure class=\"wp-block-image size-medium\"><a href=\"https:\/\/radiozapatista.org\/wp-content\/uploads\/2026\/03\/WhatsApp-Image-2026-03-08-at-19.44.21-2.jpeg\"><img loading=\"lazy\" decoding=\"async\" width=\"350\" height=\"263\" data-id=\"53797\" src=\"https:\/\/radiozapatista.org\/wp-content\/uploads\/2026\/03\/WhatsApp-Image-2026-03-08-at-19.44.21-2-350x263.jpeg\" alt=\"\" class=\"wp-image-53797\" srcset=\"https:\/\/radiozapatista.org\/wp-content\/uploads\/2026\/03\/WhatsApp-Image-2026-03-08-at-19.44.21-2-350x263.jpeg 350w, https:\/\/radiozapatista.org\/wp-content\/uploads\/2026\/03\/WhatsApp-Image-2026-03-08-at-19.44.21-2-1024x768.jpeg 1024w, https:\/\/radiozapatista.org\/wp-content\/uploads\/2026\/03\/WhatsApp-Image-2026-03-08-at-19.44.21-2-768x576.jpeg 768w, https:\/\/radiozapatista.org\/wp-content\/uploads\/2026\/03\/WhatsApp-Image-2026-03-08-at-19.44.21-2.jpeg 1280w\" sizes=\"auto, (max-width: 350px) 100vw, 350px\" \/><\/a><\/figure>\n\n\n\n<figure class=\"wp-block-image size-medium\"><a href=\"https:\/\/radiozapatista.org\/wp-content\/uploads\/2026\/03\/WhatsApp-Image-2026-03-08-at-19.44.21-4.jpeg\"><img loading=\"lazy\" decoding=\"async\" width=\"350\" height=\"263\" data-id=\"53798\" src=\"https:\/\/radiozapatista.org\/wp-content\/uploads\/2026\/03\/WhatsApp-Image-2026-03-08-at-19.44.21-4-350x263.jpeg\" alt=\"\" class=\"wp-image-53798\" srcset=\"https:\/\/radiozapatista.org\/wp-content\/uploads\/2026\/03\/WhatsApp-Image-2026-03-08-at-19.44.21-4-350x263.jpeg 350w, https:\/\/radiozapatista.org\/wp-content\/uploads\/2026\/03\/WhatsApp-Image-2026-03-08-at-19.44.21-4-1024x768.jpeg 1024w, https:\/\/radiozapatista.org\/wp-content\/uploads\/2026\/03\/WhatsApp-Image-2026-03-08-at-19.44.21-4-768x576.jpeg 768w, https:\/\/radiozapatista.org\/wp-content\/uploads\/2026\/03\/WhatsApp-Image-2026-03-08-at-19.44.21-4.jpeg 1280w\" sizes=\"auto, (max-width: 350px) 100vw, 350px\" \/><\/a><\/figure>\n<\/figure>\n\n\n\n<figure class=\"wp-block-gallery has-nested-images columns-4 is-cropped wp-block-gallery-2 is-layout-flex wp-block-gallery-is-layout-flex\">\n<figure class=\"wp-block-image size-medium\"><a href=\"https:\/\/radiozapatista.org\/wp-content\/uploads\/2026\/03\/WhatsApp-Image-2026-03-08-at-19.44.21-7.jpeg\"><img loading=\"lazy\" decoding=\"async\" width=\"225\" height=\"300\" data-id=\"53806\" src=\"https:\/\/radiozapatista.org\/wp-content\/uploads\/2026\/03\/WhatsApp-Image-2026-03-08-at-19.44.21-7-225x300.jpeg\" alt=\"\" class=\"wp-image-53806\" srcset=\"https:\/\/radiozapatista.org\/wp-content\/uploads\/2026\/03\/WhatsApp-Image-2026-03-08-at-19.44.21-7-225x300.jpeg 225w, https:\/\/radiozapatista.org\/wp-content\/uploads\/2026\/03\/WhatsApp-Image-2026-03-08-at-19.44.21-7-768x1024.jpeg 768w, https:\/\/radiozapatista.org\/wp-content\/uploads\/2026\/03\/WhatsApp-Image-2026-03-08-at-19.44.21-7.jpeg 960w\" sizes=\"auto, (max-width: 225px) 100vw, 225px\" \/><\/a><\/figure>\n\n\n\n<figure class=\"wp-block-image size-medium\"><a href=\"https:\/\/radiozapatista.org\/wp-content\/uploads\/2026\/03\/WhatsApp-Image-2026-03-08-at-19.44.21-15.jpeg\"><img loading=\"lazy\" decoding=\"async\" width=\"225\" height=\"300\" data-id=\"53800\" src=\"https:\/\/radiozapatista.org\/wp-content\/uploads\/2026\/03\/WhatsApp-Image-2026-03-08-at-19.44.21-15-225x300.jpeg\" alt=\"\" class=\"wp-image-53800\" srcset=\"https:\/\/radiozapatista.org\/wp-content\/uploads\/2026\/03\/WhatsApp-Image-2026-03-08-at-19.44.21-15-225x300.jpeg 225w, https:\/\/radiozapatista.org\/wp-content\/uploads\/2026\/03\/WhatsApp-Image-2026-03-08-at-19.44.21-15-768x1024.jpeg 768w, https:\/\/radiozapatista.org\/wp-content\/uploads\/2026\/03\/WhatsApp-Image-2026-03-08-at-19.44.21-15.jpeg 960w\" sizes=\"auto, (max-width: 225px) 100vw, 225px\" \/><\/a><\/figure>\n\n\n\n<figure class=\"wp-block-image size-medium\"><a href=\"https:\/\/radiozapatista.org\/wp-content\/uploads\/2026\/03\/WhatsApp-Image-2026-03-08-at-19.44.21-16.jpeg\"><img loading=\"lazy\" decoding=\"async\" width=\"225\" height=\"300\" data-id=\"53801\" src=\"https:\/\/radiozapatista.org\/wp-content\/uploads\/2026\/03\/WhatsApp-Image-2026-03-08-at-19.44.21-16-225x300.jpeg\" alt=\"\" class=\"wp-image-53801\" srcset=\"https:\/\/radiozapatista.org\/wp-content\/uploads\/2026\/03\/WhatsApp-Image-2026-03-08-at-19.44.21-16-225x300.jpeg 225w, https:\/\/radiozapatista.org\/wp-content\/uploads\/2026\/03\/WhatsApp-Image-2026-03-08-at-19.44.21-16-768x1024.jpeg 768w, https:\/\/radiozapatista.org\/wp-content\/uploads\/2026\/03\/WhatsApp-Image-2026-03-08-at-19.44.21-16.jpeg 960w\" sizes=\"auto, (max-width: 225px) 100vw, 225px\" \/><\/a><\/figure>\n\n\n\n<figure class=\"wp-block-image size-medium\"><a href=\"https:\/\/radiozapatista.org\/wp-content\/uploads\/2026\/03\/WhatsApp-Image-2026-03-08-at-19.44.21-17.jpeg\"><img loading=\"lazy\" decoding=\"async\" width=\"225\" height=\"300\" data-id=\"53802\" src=\"https:\/\/radiozapatista.org\/wp-content\/uploads\/2026\/03\/WhatsApp-Image-2026-03-08-at-19.44.21-17-225x300.jpeg\" alt=\"\" class=\"wp-image-53802\" srcset=\"https:\/\/radiozapatista.org\/wp-content\/uploads\/2026\/03\/WhatsApp-Image-2026-03-08-at-19.44.21-17-225x300.jpeg 225w, https:\/\/radiozapatista.org\/wp-content\/uploads\/2026\/03\/WhatsApp-Image-2026-03-08-at-19.44.21-17-768x1024.jpeg 768w, https:\/\/radiozapatista.org\/wp-content\/uploads\/2026\/03\/WhatsApp-Image-2026-03-08-at-19.44.21-17.jpeg 960w\" sizes=\"auto, (max-width: 225px) 100vw, 225px\" \/><\/a><\/figure>\n\n\n\n<figure class=\"wp-block-image size-medium\"><a href=\"https:\/\/radiozapatista.org\/wp-content\/uploads\/2026\/03\/WhatsApp-Image-2026-03-08-at-19.44.21-18.jpeg\"><img loading=\"lazy\" decoding=\"async\" width=\"225\" height=\"300\" data-id=\"53803\" src=\"https:\/\/radiozapatista.org\/wp-content\/uploads\/2026\/03\/WhatsApp-Image-2026-03-08-at-19.44.21-18-225x300.jpeg\" alt=\"\" class=\"wp-image-53803\" srcset=\"https:\/\/radiozapatista.org\/wp-content\/uploads\/2026\/03\/WhatsApp-Image-2026-03-08-at-19.44.21-18-225x300.jpeg 225w, https:\/\/radiozapatista.org\/wp-content\/uploads\/2026\/03\/WhatsApp-Image-2026-03-08-at-19.44.21-18-768x1024.jpeg 768w, https:\/\/radiozapatista.org\/wp-content\/uploads\/2026\/03\/WhatsApp-Image-2026-03-08-at-19.44.21-18.jpeg 960w\" sizes=\"auto, (max-width: 225px) 100vw, 225px\" \/><\/a><\/figure>\n\n\n\n<figure class=\"wp-block-image size-medium\"><a href=\"https:\/\/radiozapatista.org\/wp-content\/uploads\/2026\/03\/WhatsApp-Image-2026-03-08-at-12.22.29-1.jpeg\"><img loading=\"lazy\" decoding=\"async\" width=\"225\" height=\"300\" data-id=\"53804\" src=\"https:\/\/radiozapatista.org\/wp-content\/uploads\/2026\/03\/WhatsApp-Image-2026-03-08-at-12.22.29-1-225x300.jpeg\" alt=\"\" class=\"wp-image-53804\" srcset=\"https:\/\/radiozapatista.org\/wp-content\/uploads\/2026\/03\/WhatsApp-Image-2026-03-08-at-12.22.29-1-225x300.jpeg 225w, https:\/\/radiozapatista.org\/wp-content\/uploads\/2026\/03\/WhatsApp-Image-2026-03-08-at-12.22.29-1-768x1024.jpeg 768w, https:\/\/radiozapatista.org\/wp-content\/uploads\/2026\/03\/WhatsApp-Image-2026-03-08-at-12.22.29-1.jpeg 960w\" sizes=\"auto, (max-width: 225px) 100vw, 225px\" \/><\/a><\/figure>\n\n\n\n<figure class=\"wp-block-image size-medium\"><a href=\"https:\/\/radiozapatista.org\/wp-content\/uploads\/2026\/03\/WhatsApp-Image-2026-03-08-at-19.44.21-13.jpeg\"><img loading=\"lazy\" decoding=\"async\" width=\"225\" height=\"300\" data-id=\"53799\" src=\"https:\/\/radiozapatista.org\/wp-content\/uploads\/2026\/03\/WhatsApp-Image-2026-03-08-at-19.44.21-13-225x300.jpeg\" alt=\"\" class=\"wp-image-53799\" srcset=\"https:\/\/radiozapatista.org\/wp-content\/uploads\/2026\/03\/WhatsApp-Image-2026-03-08-at-19.44.21-13-225x300.jpeg 225w, https:\/\/radiozapatista.org\/wp-content\/uploads\/2026\/03\/WhatsApp-Image-2026-03-08-at-19.44.21-13-768x1024.jpeg 768w, https:\/\/radiozapatista.org\/wp-content\/uploads\/2026\/03\/WhatsApp-Image-2026-03-08-at-19.44.21-13.jpeg 960w\" sizes=\"auto, (max-width: 225px) 100vw, 225px\" \/><\/a><\/figure>\n\n\n\n<figure class=\"wp-block-image size-medium\"><a href=\"https:\/\/radiozapatista.org\/wp-content\/uploads\/2026\/03\/WhatsApp-Image-2026-03-08-at-19.44.21-3.jpeg\"><img loading=\"lazy\" decoding=\"async\" width=\"225\" height=\"300\" data-id=\"53805\" src=\"https:\/\/radiozapatista.org\/wp-content\/uploads\/2026\/03\/WhatsApp-Image-2026-03-08-at-19.44.21-3-225x300.jpeg\" alt=\"\" class=\"wp-image-53805\" srcset=\"https:\/\/radiozapatista.org\/wp-content\/uploads\/2026\/03\/WhatsApp-Image-2026-03-08-at-19.44.21-3-225x300.jpeg 225w, https:\/\/radiozapatista.org\/wp-content\/uploads\/2026\/03\/WhatsApp-Image-2026-03-08-at-19.44.21-3-768x1024.jpeg 768w, https:\/\/radiozapatista.org\/wp-content\/uploads\/2026\/03\/WhatsApp-Image-2026-03-08-at-19.44.21-3.jpeg 960w\" sizes=\"auto, (max-width: 225px) 100vw, 225px\" \/><\/a><\/figure>\n\n\n\n<figure class=\"wp-block-image size-medium\"><a href=\"https:\/\/radiozapatista.org\/wp-content\/uploads\/2026\/03\/WhatsApp-Image-2026-03-08-at-19.44.21-9.jpeg\"><img loading=\"lazy\" decoding=\"async\" width=\"225\" height=\"300\" data-id=\"53807\" src=\"https:\/\/radiozapatista.org\/wp-content\/uploads\/2026\/03\/WhatsApp-Image-2026-03-08-at-19.44.21-9-225x300.jpeg\" alt=\"\" class=\"wp-image-53807\" srcset=\"https:\/\/radiozapatista.org\/wp-content\/uploads\/2026\/03\/WhatsApp-Image-2026-03-08-at-19.44.21-9-225x300.jpeg 225w, https:\/\/radiozapatista.org\/wp-content\/uploads\/2026\/03\/WhatsApp-Image-2026-03-08-at-19.44.21-9-768x1024.jpeg 768w, https:\/\/radiozapatista.org\/wp-content\/uploads\/2026\/03\/WhatsApp-Image-2026-03-08-at-19.44.21-9.jpeg 960w\" sizes=\"auto, (max-width: 225px) 100vw, 225px\" \/><\/a><\/figure>\n\n\n\n<figure class=\"wp-block-image size-medium\"><a href=\"https:\/\/radiozapatista.org\/wp-content\/uploads\/2026\/03\/WhatsApp-Image-2026-03-08-at-19.44.21-11.jpeg\"><img loading=\"lazy\" decoding=\"async\" width=\"225\" height=\"300\" data-id=\"53808\" src=\"https:\/\/radiozapatista.org\/wp-content\/uploads\/2026\/03\/WhatsApp-Image-2026-03-08-at-19.44.21-11-225x300.jpeg\" alt=\"\" class=\"wp-image-53808\" srcset=\"https:\/\/radiozapatista.org\/wp-content\/uploads\/2026\/03\/WhatsApp-Image-2026-03-08-at-19.44.21-11-225x300.jpeg 225w, https:\/\/radiozapatista.org\/wp-content\/uploads\/2026\/03\/WhatsApp-Image-2026-03-08-at-19.44.21-11-768x1024.jpeg 768w, https:\/\/radiozapatista.org\/wp-content\/uploads\/2026\/03\/WhatsApp-Image-2026-03-08-at-19.44.21-11.jpeg 960w\" sizes=\"auto, (max-width: 225px) 100vw, 225px\" \/><\/a><\/figure>\n<\/figure>\n","protected":false},"excerpt":{"rendered":"<p>La Plaza de la Paz en San Crist\u00f3bal de Las Casas empez\u00f3 a recibir a las mujeres desde temprano, las organizadoras nos convocaron para las 10 de la ma\u00f1ana, el sol estaba ya presente y las mujeres empezaron a llegar listas para marchar. Algunas llegaron con sus creatividades para compartirlas, otras con sus tambores, otras [&hellip;]<\/p>\n","protected":false},"author":1,"featured_media":53814,"comment_status":"open","ping_status":"closed","sticky":false,"template":"","format":"standard","meta":{"footnotes":""},"categories":[1,957,6,949,961,190],"tags":[917,682,1580,41,295],"class_list":["post-53760","post","type-post","status-publish","format-standard","has-post-thumbnail","hentry","category-audio","category-autonomia","category-chiapas","category-fotorreportaje","category-mujeres","category-radiozapatista","tag-chiapas","tag-desaparicion-forzada","tag-feminicidio","tag-mujeres","tag-san-cristobal-de-las-casas"],"_links":{"self":[{"href":"https:\/\/radiozapatista.org\/index.php?rest_route=\/wp\/v2\/posts\/53760","targetHints":{"allow":["GET"]}}],"collection":[{"href":"https:\/\/radiozapatista.org\/index.php?rest_route=\/wp\/v2\/posts"}],"about":[{"href":"https:\/\/radiozapatista.org\/index.php?rest_route=\/wp\/v2\/types\/post"}],"author":[{"embeddable":true,"href":"https:\/\/radiozapatista.org\/index.php?rest_route=\/wp\/v2\/users\/1"}],"replies":[{"embeddable":true,"href":"https:\/\/radiozapatista.org\/index.php?rest_route=%2Fwp%2Fv2%2Fcomments&post=53760"}],"version-history":[{"count":9,"href":"https:\/\/radiozapatista.org\/index.php?rest_route=\/wp\/v2\/posts\/53760\/revisions"}],"predecessor-version":[{"id":53817,"href":"https:\/\/radiozapatista.org\/index.php?rest_route=\/wp\/v2\/posts\/53760\/revisions\/53817"}],"wp:featuredmedia":[{"embeddable":true,"href":"https:\/\/radiozapatista.org\/index.php?rest_route=\/wp\/v2\/media\/53814"}],"wp:attachment":[{"href":"https:\/\/radiozapatista.org\/index.php?rest_route=%2Fwp%2Fv2%2Fmedia&parent=53760"}],"wp:term":[{"taxonomy":"category","embeddable":true,"href":"https:\/\/radiozapatista.org\/index.php?rest_route=%2Fwp%2Fv2%2Fcategories&post=53760"},{"taxonomy":"post_tag","embeddable":true,"href":"https:\/\/radiozapatista.org\/index.php?rest_route=%2Fwp%2Fv2%2Ftags&post=53760"}],"curies":[{"name":"wp","href":"https:\/\/api.w.org\/{rel}","templated":true}]}}