{"id":53731,"date":"2026-03-04T13:14:03","date_gmt":"2026-03-04T19:14:03","guid":{"rendered":"https:\/\/radiozapatista.org\/?p=53731"},"modified":"2026-03-04T13:14:41","modified_gmt":"2026-03-04T19:14:41","slug":"cipog-ez-denuncia-asesinato-por-parte-del-grupo-criminal-los-ardillos-en-complicidad-de-autoridades-locales","status":"publish","type":"post","link":"https:\/\/radiozapatista.org\/?p=53731","title":{"rendered":"CIPOG-EZ denuncia asesinato por parte del grupo criminal Los Ardillos en complicidad con autoridades locales"},"content":{"rendered":"\n<h4 class=\"wp-block-heading has-text-align-center\"><a href=\"https:\/\/www.congresonacionalindigena.org\/2026\/03\/04\/comunicado-del-cipog-ez-pueblos-autoridades-comunitarias-ejidales-y-comunales-de-guerrero-por-el-asesinato-del-ing-tomas-augusto-lozano-analco-y-de-francisco-bonilla-ciudadanos-de-la-casa-de-los\/\">Comunicado del CIPOG-EZ, pueblos, autoridades comunitarias, ejidales y comunales de Guerrero por el asesinato del Ing. Tom\u00e1s Augusto Lozano Analco y de Francisco Bonilla, ciudadanos de la Casa de los Pueblos del municipio de Ayutla de Los Libres, Guerrero<\/a><\/h4>\n\n\n\n<p>AL EJERCITO ZAPATISTA DE LIBERACI\u00d3N NACIONAL<br>AL CONGRESO NACIONAL INDIGENA<br>AL CONSEJO INDIGENA DE GOBIERNO<br>A LAS REDES DE RESISTENCIA Y REBELD\u00cdA<br>A LA SEXTA NACIONAL E INTERNACIONAL<br>A LA EUROPA INSUMISA<br>A LA MISI\u00d3N CIVIL DE OBSERVACI\u00d3N \u2013 SEXTA<br>A LOS ORGANISMOS NACIONALES E INTERNACIONALES DE DERECHOS HUMANOS<br>A LOS MEDIOS DE COMUNICACI\u00d3N LIBRES E INDEPENDIENTES<\/p>\n\n\n\n<p class=\"has-text-align-right\">04 de marzo de 2026<\/p>\n\n\n\n<p>Como pueblos y autoridades denunciamos la violencia que sigue creciendo en nuestro estado de Guerrero. Condenamos el asesinato del Ing. Tom\u00e1s Augusto Lozano Analco, y de Francisco Bonilla, ciudadanos de la Casa de los Pueblos del municipio de Ayutla de Los Libres, Guerrero.<\/p>\n\n\n\n<p>Los dos ciudadanos fueron atacados a balazos a las 19:00 horas el d\u00eda 03 de marzo de 2026, cuando hombres armados del grupo criminal \u00abLos Ardillos\u00bb rafaguearon la camioneta en la que viajaban, despu\u00e9s del puente Omitl\u00e1n, cerca de Tierra Colorada, en el municipio de Juan R. Escudero, sobre la v\u00eda que comunica con Tecoanapa y Ayutla de Los Libres.<\/p>\n\n\n\n<p>Responsabilizamos directamente al grupo criminal \u00abLos Ardillos\u00bb por estos asesinatos. Se\u00f1alamos directamente a Daniel Rosas Mart\u00ednez, quien se autonombra coordinador de comisarios de la zona rural de Acapulco, Tecoanapa y Tierra Colorada, pero qui\u00e9n act\u00faa como operador de \u00abLos Ardillos\u00bb en la regi\u00f3n, obligando a comunidades a participar en narco-bloqueos en la Autopista del Sol y manteniendo el control en la regi\u00f3n a trav\u00e9s del terror.<\/p>\n\n\n\n<p>Adem\u00e1s, denunciamos la complicidad directa de autoridades locales con \u201cLos Ardillos\u201d, como el director de la polic\u00eda de Juan R. Escudero, C\u00e9sar Ram\u00edrez, al igual que el presidente municipal, \u00d3scar S\u00e1nchez Luna.<\/p>\n\n\n\n<p>La expansi\u00f3n territorial de \u00abLos Ardillos\u00bb, as\u00ed como su control de municipios y carreteras, ocurre con el permiso y la complicidad del Estado. Frente a los ojos de la Guardia Nacional y el Ejercito Mexicano, los criminales se mueven libremente, instalan retenes, bloquean carreteras y asesinan y desaparecen personas a plena luz del d\u00eda, con total impunidad. En lugar de desarticular a \u00abLos Ardillos\u00bb, funcionarios del gobierno federal y estatal se sientan con ellos p\u00fablicamente para negociar y ceden a sus demandas de criminalizar a quienes defendemos la vida.<\/p>\n\n\n\n<p>\u00abLos Ardillos\u00bb son responsables del asesinato de 70 integrantes del CIPOG-EZ, la desaparici\u00f3n de 25 m\u00e1s, as\u00ed como el asesinato de los 13 polic\u00edas comunitarios de El Cortijo, todos crimenes que siguen impunes. Adem\u00e1s, han asesinado, torturado y desaparecido menores de edad, campesinos, comerciantes, ganaderos, transportistas, pol\u00edticos, personas de la tercera edad, hombres y mujeres. En los \u00faltimos d\u00edas, tambi\u00e9n han lanzado ataques violentos con drones contra las comunidades de El Charco, Tlayolapa y Ochoapa, donde los pueblos se organizan para defender su territorio frente a la violencia narco-paramilitar. Esta ola de violencia no es nueva; forma parte de la guerra de exterminio que viven nuestros pueblos ind\u00edgenas, afrodescendientes y campesinos de Guerrero, y que se ha intensificado en los \u00faltimos 25 a\u00f1os.<\/p>\n\n\n\n<p>Responsabilizamos a los tres niveles de gobierno por permitir la expansi\u00f3n de esta organizaci\u00f3n criminal. El Estado mexicano ha dado luz verde a asesinatos, desapariciones y bloqueos, mientras quienes defendemos la vida y la madre tierra somos perseguidos y asesinados. El Estado sigue haciendo caso omiso, desprecia y discrimina a nuestros pueblos ind\u00edgenas, violando nuestra cultura, nuestra lengua y nuestra forma de vida comunitaria mientras protege a los criminales que nos matan.<\/p>\n\n\n\n<p>Exigimos justicia para todas las v\u00edctimas y la desarticulaci\u00f3n de las organizaciones criminales que operan con impunidad en nuestro estado, as\u00ed como una investigaci\u00f3n que sancione a los responsables de estos crimenes. Convocamos al pueblo en general a una movilizaci\u00f3n urgente para defender a la vida, nuestros pueblos y territorios y nuestro sistema de seguridad comunitaria.<\/p>\n\n\n\n<p>Llamamos tambi\u00e9n a las redes nacionales e internacionales, pueblos organizados, organizaciones sociales y organismos de derechos humanos a mantenerse al pendiente de la situaci\u00f3n.<\/p>\n\n\n\n<p>Hacemos responsable al Estado mexicano de la guerra de exterminio que viven nuestros pueblos y de cualquier agresi\u00f3n, atentado o persecuci\u00f3n contra nuestras comunidades, asambleas y sistemas de seguridad comunitaria, as\u00ed como contra los integrantes y promotores del CIPOG-EZ, quienes luchamos por la vida.<\/p>\n\n\n\n<p class=\"has-text-align-center\"><strong>\u00a1NO NOS RENDIMOS, NO NOS VENDEMOS Y NO CLAUDICAMOS!<\/strong><br><strong>\u00a1VIVAN LOS PUEBLOS QUE LUCHAN Y RESISTEN!<\/strong><\/p>\n\n\n\n<p class=\"has-text-align-center\"><strong>Atte.<\/strong><br><strong>PUEBLOS Y AUTORIDADES COMUNITARIAS, EJIDALES Y COMUNALES <\/strong><br><strong>DE 85 COMUNIDADES DE AYUTLA\u00a0<\/strong><br><strong>PUEBLOS Y AUTORIDADES COMUNITARIAS, EJIDALES Y COMUNALES DE LA MONTA\u00d1A ALTA, MONTA\u00d1A BAJA Y COSTA CHICA DEL ESTADO DE GUERRERO<\/strong><br><strong>CONSEJO INDIGENA Y POPULAR DE GUERRERO \u2013 EMILIANO ZAPATA<\/strong><\/p>\n","protected":false},"excerpt":{"rendered":"<p>Comunicado del CIPOG-EZ, pueblos, autoridades comunitarias, ejidales y comunales de Guerrero por el asesinato del Ing. Tom\u00e1s Augusto Lozano Analco y de Francisco Bonilla, ciudadanos de la Casa de los Pueblos del municipio de Ayutla de Los Libres, Guerrero AL EJERCITO ZAPATISTA DE LIBERACI\u00d3N NACIONALAL CONGRESO NACIONAL INDIGENAAL CONSEJO INDIGENA DE GOBIERNOA LAS REDES DE [&hellip;]<\/p>\n","protected":false},"author":1,"featured_media":42356,"comment_status":"open","ping_status":"closed","sticky":false,"template":"","format":"standard","meta":{"footnotes":""},"categories":[957,1024,943,954],"tags":[1269,77,198,912,87,483,511],"class_list":["post-53731","post","type-post","status-publish","format-standard","has-post-thumbnail","hentry","category-autonomia","category-cni-temas","category-cni","category-mexico","tag-cipog-ez","tag-guerrero","tag-impunidad","tag-narcoestado","tag-represion","tag-tierra-y-territorio","tag-violencia"],"_links":{"self":[{"href":"https:\/\/radiozapatista.org\/index.php?rest_route=\/wp\/v2\/posts\/53731","targetHints":{"allow":["GET"]}}],"collection":[{"href":"https:\/\/radiozapatista.org\/index.php?rest_route=\/wp\/v2\/posts"}],"about":[{"href":"https:\/\/radiozapatista.org\/index.php?rest_route=\/wp\/v2\/types\/post"}],"author":[{"embeddable":true,"href":"https:\/\/radiozapatista.org\/index.php?rest_route=\/wp\/v2\/users\/1"}],"replies":[{"embeddable":true,"href":"https:\/\/radiozapatista.org\/index.php?rest_route=%2Fwp%2Fv2%2Fcomments&post=53731"}],"version-history":[{"count":2,"href":"https:\/\/radiozapatista.org\/index.php?rest_route=\/wp\/v2\/posts\/53731\/revisions"}],"predecessor-version":[{"id":53733,"href":"https:\/\/radiozapatista.org\/index.php?rest_route=\/wp\/v2\/posts\/53731\/revisions\/53733"}],"wp:featuredmedia":[{"embeddable":true,"href":"https:\/\/radiozapatista.org\/index.php?rest_route=\/wp\/v2\/media\/42356"}],"wp:attachment":[{"href":"https:\/\/radiozapatista.org\/index.php?rest_route=%2Fwp%2Fv2%2Fmedia&parent=53731"}],"wp:term":[{"taxonomy":"category","embeddable":true,"href":"https:\/\/radiozapatista.org\/index.php?rest_route=%2Fwp%2Fv2%2Fcategories&post=53731"},{"taxonomy":"post_tag","embeddable":true,"href":"https:\/\/radiozapatista.org\/index.php?rest_route=%2Fwp%2Fv2%2Ftags&post=53731"}],"curies":[{"name":"wp","href":"https:\/\/api.w.org\/{rel}","templated":true}]}}