{"id":53403,"date":"2026-01-31T00:00:14","date_gmt":"2026-01-31T06:00:14","guid":{"rendered":"https:\/\/radiozapatista.org\/?p=53403"},"modified":"2026-01-31T00:00:16","modified_gmt":"2026-01-31T06:00:16","slug":"alerta-urgente-agresion-a-miembros-del-cipog-ez","status":"publish","type":"post","link":"https:\/\/radiozapatista.org\/?p=53403","title":{"rendered":"\u00a1ALERTA URGENTE! Agresi\u00f3n a miembros del CIPOG-EZ"},"content":{"rendered":"\n<p>30 DE ENERO DE 2026<\/p>\n\n\n\n<p>\u00a1ALERTA URGENTE!<\/p>\n\n\n\n<p>La ma\u00f1ana del d\u00eda de hoy 30 de enero de 2026, nos reunimos con las Polic\u00edas Ciudadanas, la Coordinadora Regional de Autoridades Comunitarias de los Pueblos Fundadores, la Uni\u00f3n de Pueblos y Organizaciones del Estado de Guerrero en calidad de observadores y defensores derechos humanos acompa\u00f1ados de autoridades comunitarias para atender las demandas de los desplazados y familiares de v\u00edctimas y nos dirigimos a la comunidad del Terrero comunidad atacada por los ardillos desde hace 6 a\u00f1os de donde fueron desplazadas m\u00e1s de 300 personas. Llegando a la comunidad de La Estrella Guerrero, municipio de Tecoanapa, fuimos agredidos con armas de alto poder, logramos repeler el ataque y avanzar, pero m\u00e1s adelante, en Rancho Viejo, fuimos emboscados por los ardillos y atacados con drones y armas de alto poder. En la movilizaci\u00f3n se encuentran 3 observadores de DDHH de la Misi\u00f3n Civil de Observaci\u00f3n-Sexta y Promotores integrados al Mecanismo Federal de Protecci\u00f3n. Los ataques se prolongaron desde las 11 de la ma\u00f1ana y hasta el momento contin\u00faan.<\/p>\n\n\n\n<p>Dejamos muy claro que para esta acci\u00f3n de acompa\u00f1amiento a los habitantes del Terrero, solicitamos el acompa\u00f1amiento de la Guardia Nacional, as\u00ed como de otros elementos de seguridad del Estado, pero no se presentaron, fue hasta hasta las 5 de la tarde que salimos de la zona de riesgo que nos encontramos con el ej\u00e9rcito y la Marina, a pesar de tener conocimiento de los desplazados y del nivel de riesgo de la movilizaci\u00f3n. Por lo que responsabilizamos al Estado de cualquier situaci\u00f3n que pueda suceder en contra de nuestras vidas.<\/p>\n\n\n\n<p>Los \u00faltimos 10 a\u00f1os, hemos venido denunciando al grupo narco-paramilitar los ardillos, creado por la familia Ortega Jim\u00e9nez, siendo Bernardo Ortega su m\u00e1ximo l\u00edder y parte de la clase pol\u00edtica del estado de Guerrero que junto a sus hermanos Celso e Iv\u00e1n Ortega, controlan a este grupo delincuencial que opera con total impunidad por sus v\u00ednculos pol\u00edticos que se se han extendido y enraizado en todos los cargos p\u00fablicos de municipios completos del estado. Entre presidentes y presidentas municipales, fiscales, polic\u00edas estatales y municipales, operan con toda libertad en el estado, asesinando, desplazando, descuartizando y cometiendo vilezas tales como la ocurrida aquel a\u00f1o de 2020 cuando le prendieron fuego a 10 m\u00fasicos que como la mayor parte de la poblaci\u00f3n, iban a trabajar para llevar el alimento a casa. Los asesinos son los ardillos, criminales relacionados con la clase pol\u00edtica, que cobran derecho de piso, extorsionan, secuestran. A pesar de lo anterior, el Estado ha sido omiso, ha ignorado el dolor de los pueblos.<\/p>\n\n\n\n<p>Su expansi\u00f3n no es s\u00f3lo a nivel de influencias entre la clase pol\u00edtica y las corporaciones de \u201cjusticia\u201d, sino territorial. En los \u00faltimos a\u00f1os han desplazado a cientos de pueblos y comunidades y ocurre el mismo fen\u00f3meno hasta la fecha, no hay autoridad ni corporaci\u00f3n del Estado que les ponga un alto. Es por lo anterior que nosotros como pueblos en Resistencia dijimos \u00a1YA BASTA! El pasado 22 de enero nos articulamos con las Polic\u00edas Ciudadanas, la Coordinadora Regional de Autoridades Comunitarias de los Pueblos Fundadores, la Uni\u00f3n de Pueblos y Organizaciones del Estado de Guerrero y decidimos luchar en com\u00fan con otras organizaciones y recuperar los territorios que los ardillos han ocupado \u00bfTenemos el derecho a tomar la justicia en nuestras manos cuando la \u00fanica salida que nos ofrece el Estado es la muerte?<\/p>\n\n\n\n<p>Nos pide el mal gobierno prudencia y no violencia, cuando lo nuestro es solo una respuesta desesperada al desprecio con el que nos trata. Nosotros le hemos pedido justicia, le hemos pedido que haga su trabajo pero nuestra palabra solo se encuentra con o\u00eddos sordos.<\/p>\n\n\n\n<p>Les pedimos hermanos y hermanas de M\u00e9xico y del mundo que puedan estar atentos a la situaci\u00f3n y que exijan en la medida de sus posibilidades y desde sus geograf\u00edas al mal gobierno de M\u00e9xico que pare la guerra en nuestros territorios. Nosotros aqu\u00ed seguimos y no nos rendimos.<\/p>\n\n\n\n<p>Atentamente:<\/p>\n\n\n\n<p>Concejo Ind\u00edgena y Popular de Guerrero Emiliano Zapata.<\/p>\n","protected":false},"excerpt":{"rendered":"<p>30 DE ENERO DE 2026 \u00a1ALERTA URGENTE! La ma\u00f1ana del d\u00eda de hoy 30 de enero de 2026, nos reunimos con las Polic\u00edas Ciudadanas, la Coordinadora Regional de Autoridades Comunitarias de los Pueblos Fundadores, la Uni\u00f3n de Pueblos y Organizaciones del Estado de Guerrero en calidad de observadores y defensores derechos humanos acompa\u00f1ados de autoridades [&hellip;]<\/p>\n","protected":false},"author":21,"featured_media":53404,"comment_status":"open","ping_status":"closed","sticky":false,"template":"","format":"standard","meta":{"footnotes":""},"categories":[957,51,826,958,954,935],"tags":[58,53,567,147,23,545,87,148,27,483],"class_list":["post-53403","post","type-post","status-publish","format-standard","has-post-thumbnail","hentry","category-autonomia","category-autor","category-medios-libres-2","category-megaproyectos","category-mexico","category-temas","tag-derechos-humanos","tag-justicia","tag-megaproyectos","tag-militarizacion","tag-paramilitares","tag-pueblos-indigenas","tag-represion","tag-resistencia","tag-solidaridad","tag-tierra-y-territorio"],"_links":{"self":[{"href":"https:\/\/radiozapatista.org\/index.php?rest_route=\/wp\/v2\/posts\/53403","targetHints":{"allow":["GET"]}}],"collection":[{"href":"https:\/\/radiozapatista.org\/index.php?rest_route=\/wp\/v2\/posts"}],"about":[{"href":"https:\/\/radiozapatista.org\/index.php?rest_route=\/wp\/v2\/types\/post"}],"author":[{"embeddable":true,"href":"https:\/\/radiozapatista.org\/index.php?rest_route=\/wp\/v2\/users\/21"}],"replies":[{"embeddable":true,"href":"https:\/\/radiozapatista.org\/index.php?rest_route=%2Fwp%2Fv2%2Fcomments&post=53403"}],"version-history":[{"count":1,"href":"https:\/\/radiozapatista.org\/index.php?rest_route=\/wp\/v2\/posts\/53403\/revisions"}],"predecessor-version":[{"id":53405,"href":"https:\/\/radiozapatista.org\/index.php?rest_route=\/wp\/v2\/posts\/53403\/revisions\/53405"}],"wp:featuredmedia":[{"embeddable":true,"href":"https:\/\/radiozapatista.org\/index.php?rest_route=\/wp\/v2\/media\/53404"}],"wp:attachment":[{"href":"https:\/\/radiozapatista.org\/index.php?rest_route=%2Fwp%2Fv2%2Fmedia&parent=53403"}],"wp:term":[{"taxonomy":"category","embeddable":true,"href":"https:\/\/radiozapatista.org\/index.php?rest_route=%2Fwp%2Fv2%2Fcategories&post=53403"},{"taxonomy":"post_tag","embeddable":true,"href":"https:\/\/radiozapatista.org\/index.php?rest_route=%2Fwp%2Fv2%2Ftags&post=53403"}],"curies":[{"name":"wp","href":"https:\/\/api.w.org\/{rel}","templated":true}]}}