{"id":53396,"date":"2026-01-29T14:50:46","date_gmt":"2026-01-29T20:50:46","guid":{"rendered":"https:\/\/radiozapatista.org\/?p=53396"},"modified":"2026-03-16T09:07:13","modified_gmt":"2026-03-16T15:07:13","slug":"por-la-vida-y-la-dignidad-del-pueblo-de-iran-pronunciamiento-de-grupos-colectivos-y-personas-desde-los-distintos-rincones-en-resistencia-y-rebeldia-en-el-mundo","status":"publish","type":"post","link":"https:\/\/radiozapatista.org\/?p=53396","title":{"rendered":"POR LA VIDA Y LA DIGNIDAD DEL PUEBLO DE IR\u00c1N | Pronunciamiento de grupos, colectivos y personas, desde los distintos rincones en resistencia y rebeld\u00eda en el mundo"},"content":{"rendered":"<p class=\"has-text-align-center\"><strong>Pronunciamiento de grupos, colectivos y personas, desde los distintos rincones en resistencia y rebeld\u00eda en el mundo.<br>POR LA VIDA Y LA DIGNIDAD DEL PUEBLO DE IR\u00c1N<\/strong><\/p>\n\n\n\n<p>Vivimos una tormenta. No es nueva ni pasajera. Es la tormenta del capitalismo, del imperialismo, del patriarcado y de los Estados que administran la muerte mientras hablan de orden, estabilidad o seguridad. En esa tormenta, los de arriba se disputan territorios, recursos y poder; los de abajo ponen los cuerpos, las vidas, el miedo y la esperanza.<\/p>\n\n\n\n<p>En Ir\u00e1n, hoy, esa tormenta golpea con especial crudeza. El pueblo iran\u00ed se ha vuelto a movilizar contra el r\u00e9gimen de la Rep\u00fablica Isl\u00e1mica que no ha dudado en llevar a cabo una represi\u00f3n violenta contra quienes salen a las calles. Estas movilizaciones no son un hecho aislado ni una reacci\u00f3n moment\u00e1nea: son el resultado acumulado de d\u00e9cadas de opresi\u00f3n pol\u00edtica, explotaci\u00f3n econ\u00f3mica, violencia patriarcal, represi\u00f3n sistem\u00e1tica y negaci\u00f3n de derechos. Son luchas que nacen desde abajo, desde la vida cotidiana asfixiada, desde quienes ya no pueden ni quieren seguir sobreviviendo en silencio.<\/p>\n\n\n\n<p>Arriba, los gobiernos y las potencias miden la situaci\u00f3n en clave geopol\u00edtica. Calculan ventajas, equilibrios regionales, rutas energ\u00e9ticas, alianzas convenientes. Arriba, el crimen se normaliza, se justifica o se oculta con discursos de \u201cestabilidad\u201d, \u201cseguridad\u201d o \u201crealismo pol\u00edtico\u201d. Arriba, incluso quienes se presentan como enemigos del r\u00e9gimen iran\u00ed no dudan en legitimar la masacre, cuando esta sirve a sus intereses.<\/p>\n\n\n\n<p>Abajo, en cambio, el pueblo iran\u00ed lucha por la vida.<\/p>\n\n\n\n<p>Abajo est\u00e1n las mujeres que desaf\u00edan cotidianamente el control patriarcal.<\/p>\n\n\n\n<p>Abajo est\u00e1n las y los trabajadores empobrecidos por pol\u00edticas neoliberales.<\/p>\n\n\n\n<p>Abajo est\u00e1n las disidencias sexuales, las minor\u00edas religiosas, los pueblos oprimidos, quienes habitan las periferias golpeadas por la crisis del agua, de la vivienda y del empleo.<\/p>\n\n\n\n<p>Abajo est\u00e1n quienes han salido a las calles una y otra vez, muchas veces con las manos vac\u00edas, sin organizaciones amplias \u2014destruidas por la represi\u00f3n\u2014 y aun as\u00ed han avanzado m\u00e1s lejos que cualquier oposici\u00f3n institucional.<\/p>\n\n\n\n<p>Denunciamos con firmeza la manipulaci\u00f3n externa de estas protestas. Ninguna potencia extranjera, ning\u00fan gobierno del norte global, ning\u00fan proyecto imperial tiene derecho a usar el sufrimiento del pueblo iran\u00ed como ficha en su tablero. Esa instrumentalizaci\u00f3n no solo tergiversa las luchas reales, sino que pone en mayor peligro a quienes resisten, al convertirlos en pretexto para una represi\u00f3n a\u00fan m\u00e1s brutal.<\/p>\n\n\n\n<p>Reafirmamos el derecho inalienable de los pueblos a la autodeterminaci\u00f3n. La libertad no se exporta ni se negocia entre Estados. Ninguna intervenci\u00f3n imperial ha tra\u00eddo jam\u00e1s justicia ni dignidad a los pueblos que dice \u201cliberar\u201d. Lo sabemos por la historia, y lo confirman una y otra vez las ruinas que dejan a su paso.<\/p>\n\n\n\n<p>Hay quienes, desde fuera, miran hacia arriba y no hacia abajo: quienes justifican al r\u00e9gimen iran\u00ed en nombre de un supuesto antiimperialismo, ignorando que ese mismo r\u00e9gimen aplica contra su pueblo l\u00f3gicas de ocupaci\u00f3n, apartheid, saqueo y neoliberalismo; y quienes promueven alternativas reaccionarias, autoritarias y dependientes, que prometen salvaci\u00f3n mientras reproducen la dominaci\u00f3n.<\/p>\n\n\n\n<p>Son falsos binarismos. Arriba contra arriba. Poder contra poder. Abajo queda el pueblo, atrapado entre dos fuerzas que se dicen opuestas, pero act\u00faan alineadas.<\/p>\n\n\n\n<p>Nuestra posici\u00f3n es clara: no estamos con los gobiernos, estamos con los pueblos. No con los Estados, sino con quienes resisten. No con las \u00e9lites, sino con quienes luchan por vivir.<\/p>\n\n\n\n<p>Hoy, mientras el pueblo iran\u00ed enfrenta el corte de comunicaciones, el estado de sitio y la militarizaci\u00f3n de la vida cotidiana, hacemos un llamado a escuchar las advertencias de nuestros compa\u00f1eros zapatistas: la tormenta es global; quien crea que no le toca, que no va con \u00e9l o con ella, se equivoca. Frente a esta tormenta, no hay salvadores ni soluciones desde arriba. Lo que hay es la posibilidad \u2014urgente\u2014 de unir las luchas de abajo, de reconocernos en el destino compartido de quienes resisten al capital, al imperialismo y a todas las formas de dominaci\u00f3n.<\/p>\n\n\n\n<p>Extendemos nuestra mano al pueblo iran\u00ed.<\/p>\n\n\n\n<p>No para tutelarlo.<\/p>\n\n\n\n<p>No para hablar por \u00e9l.<\/p>\n\n\n\n<p>Sino para decir: no est\u00e1n solos.<\/p>\n\n\n\n<p>Porque la lucha en Ir\u00e1n es tambi\u00e9n la lucha por la vida en todas partes. Y porque s\u00f3lo desde abajo, juntas y juntos, podremos enfrentar la tormenta e imaginar el d\u00eda despu\u00e9s.<\/p>\n\n\n\n<p><em>Para a\u00f1adir su firma, escribir a <a href=\"mailto:declaracion.iran@gmail.com\">declaracion.iran@gmail.com<\/a><\/em><\/p>\n\n\n\n<p><strong>Firmas:<\/strong><\/p>\n\n\n\n<p>Ej\u00e9rcito Zapatista de Liberaci\u00f3n Nacional \u2013 EZLN&nbsp;&nbsp;&nbsp;&nbsp;&nbsp;&nbsp;&nbsp;&nbsp;&nbsp;&nbsp;&nbsp;&nbsp;&nbsp;<br>Congreso Nacional Ind\u00edgena \u2013 Concejo Ind\u00edgena de Gobierno<br>\u0391\u03bd\u03c4\u03b9\u03b5\u03be\u03bf\u03c5\u03c3\u03b9\u03b1\u03c3\u03c4\u03b9\u03ba\u03ae \u039a\u03af\u03bd\u03b7\u03c3\u03b7 \u2013 Antiauthoritarian Movement. Greece<br>Acci\u00f3n Alternativa para la Calidad de Vida. Grecia<br>Alerta Feminista. Francia<br>Ambasada Rog, Ljubljana. Eslovenia<br>AmericaSol 12, Aveyron. France<br>Antiavtoritarna platforma. Eslovenia<br>Antsetik Ts\u2019unun<br>Asamblea Libertaria Autoorganizada Paliacate Zapatista. Grecia<br>Asamblea Nacional por el Agua, la Vida y el Territorio. M\u00e9xico<br>Asociaci\u00f3n Cultural Ambiental de la pen\u00ednsula de Mani. Grecia<br>Asociaci\u00f3n mexicana para la cooperaci\u00f3n en Chiapas AMECOCH<br>Assemblea No Guerra, Palermo. Italia<br>Associazione Jambo. Italia<br>Associazione Ya Basta! Milano. Italia<br>Ateneo Libertario \u2013 Milano. Italia<br>Autogestione in Movimento-Fuorimercato. Italia<br>Batec Zapatista, Barcelona, Catalunya<br>Brigada Ricardo Flores Mag\u00f3n, La Paz, B.C.Sur, M\u00e9xico<br>Cafe Libertad Kollektiv. Alemania<br>Caf\u00e8 Rebeld\u00eda-Infoespai, Barcelona, Catalunya<br>CafeZ. B\u00e9lgica<br>Caracoleras De Olba, Teruel. Estado Espa\u00f1ol<br>Carea. Alemania<br>Carovane Migranti. Italia<br>Casa dei Popoli, Genova. Italia<br>Casa Madiba Network, Rimini. Italia<br>Casa Ojal\u00e1 \u06a9\u0627\u0633\u0627 \u0627\u0648\u062e\u0627\u0644\u0627. \/ M\u00e9xico<br>Centro de Documentaci\u00f3n sobre Zapatismo (CEDOZ). Estado Espa\u00f1ol<br>Centro studi per l\u2019Autogestione. Italia<br>Circolo Libertario \u00abEmiliano Zapata\u00bb, Pordenone. Italia<br>Citizens Summons, Bonn. Alemania<br>Colectivo Abya Yala. Mallorca<br>Colectivo Armadillo Suomi. Finlandia<br>Colectivo Calendario Zapatista. Grecia<br>Colectivo La Insurgente, Jobel. Chiapas<br>Colectivo Zapatista de Lugano. Suiza<br>Collettivo UtopiA di Marigliano, Napoli. Italia<br>Comitato Chiapas \u00abMaribel\u00bb \u2013 Bergamo. Italia<br>Comitato di Base No Muos \u2013 Palermo. Italia<br>Comitato piazza Carlo Giuliani. Italia<br>Comit\u00e9 de mujeres Chiapas-Kurdist\u00e1n<br>Comit\u00e9 de Solidaridad con Kurdist\u00e1n-CDMX<br>Comunidad Okupa de Prosfygika, Atenas. Grecia<br>Confederaci\u00f3n General del Trabajo (CGT). Estado Espa\u00f1ol<br>Confederazione sindacale nazionale USI 1912. Italia<br>Cooperazione Rebelde Napoli. Italia<br>Coro Libertario \u00abLa Rojinegra\u00bb. Departamento Hautes-Pyr\u00e9n\u00e9es 65. Francia<br>CSA Intifada Empoli. Italia<br>CSPCL, Paris. Francia<br>de:criminalize e.V.<br>El Grupo de La Puerta, Puebla\/CDMX<br>El Tekpatl peri\u00f3dico cr\u00edtico y de combate.<br>Empleados de la Cooperativa VIO.ME, Tesal\u00f3nica. Grecia<br>Espacio de Lucha contra el olvido y la represi\u00f3n (Elcor)<br>Federazione Anarchica Siciliana<br>Feminists for Jina<br>Frankfurt International. Alemania<br>Frente de Acci\u00f3n por Palestina Gudar-Javalambre, Teruel. Estado Espa\u00f1ol<br>Gemeinsame K\u00e4mpfen \u2013 Feministische Organisierung f\u00fcr Selbstbestimmung und Demokratische Autonomie<br>Geo-graf\u00edas Conunitarias, Puebla. M\u00e9xico<br>Grupo de Trabajo No Estamos Todxs.<br>Grupo Tlali Nantli<br>Gruppe B.A.S.T.A. M\u00fcnster. Alemania<br>Gruppo Anarchico Bakunin \u2013 FAI Roma e Lazio<br>Ibili fundazioa, Pa\u00eds Vasco<br>Iniziativa Libertaria \u2013 Pordenone\/Italy<br>Instituto Cultural Aut\u00f3nomo Rub\u00e9n Jaramillo M\u00e9nez<br>Interventionistische Linke (iL). Alemania<br>Kolectivo Txiapasekin. Pa\u00eds Vasco.<br>Komite Internazionalistak, Ermua. Pais Vasco<br>La Vida, zapatisticni kro\u017eek, Ljubljana. Eslovenia<br>Laboratorio Popular de Medios Libres<br>Lumaltik Herriak. Pa\u00eds Vasco<br>Lxs Hijxs del Ma\u00edz Pinto, Tlaxcala<br>Mexicogruppen IF. Dinamarca<br>Mexiko-Solidarit\u00e4t \u00d6sterreich. Alemania<br>Mujeres y disidencias de la Sexta en la otra Europa y Abya Yala<br>Mujeres y la Sexta \u2013 Abya Yala<br>M\u00fcnchen International. Deutschland<br>Murga Los Quijotes de la Fuente Viva<br>Mut Vitz 13, Marsella. Francia<br>Mut Vitz 31 Toulouse. Francia<br>Nodo de Derechos Humanos (NODHO) \u2013 M\u00e9xico<br>Nodo Solidale Roma\/M\u00e9xico<br>\u00d6kumenische B\u00fcro f\u00fcr Frieden und Gerechtigkeit e.V.<br>Partito della Rifondazione Comunista \u2013 Federazione di Genova<br>Peri\u00f3dico La Flor, In X\u00f3chitl In Cuicatl<br>Publicaciones de l@s Extranjer@s, Tesalonica. Grecia<br>Pueblos Unidos de la Regi\u00f3n Cholulteca y de los volcanes<br>Radio Zapatista Sudcaliforniana, La Paz, Baja California Sur, M\u00e9xico<br>Ra\u00edces en resistencia, Tlatelolco, Ciudad de M\u00e9xico<br>Red de Resistencia y Disidencia Sexual y de G\u00e9nero<br>Red de Resistencias y Rebeldias AJMAQ<br>Red de Solidaridad con Chiapas. Buenos Aires \u2013 Argentina<br>Red Sindical Internacional de Solidaridad y de luchas. \u00c1frica, las Am\u00e9ricas, Europa y Medio Oriente<br>Red Universitaria Anticapitalista \u2013 M\u00e9xico<br>Red Ya-Basta-Netz (Alemania)<br>Redazione di Comune<br>Resistencias Enlazando Dignidad \u2013 Movimiento y Coraz\u00f3n Zapatista<br>Revista Viento Sur (Estado Espa\u00f1ol)<br>Sicilia Libertaria \u2013 Giornale Anarchico<br>SICILIEZAPATISTE Sicilia, Italia<br>Solidarit\u00e4tskomitee Mexiko-Salzburg, Alemania.<br>Solidarit\u00e9 avec les Travailleurs en Iran \u2013 SSTI<br>Tatawelo. Italia<br>Tejiendo Organizaci\u00f3n Revolucionaria \u2013 TOR. M\u00e9xico<br>Terra Insumisa Alcamo\/Sicilia Sud Globale, Sizilien, Italia<br>Uni\u00f3n de Sindicatos Solidaires, Francia<br>Uni\u00f3n Popular Apizaquense Democr\u00e1tica Independiente (UPADI)<br>Vendaval, cooperativa panadera y algo m\u00e1s, CDMX.<br>Void Network. Atenas, Londres, Nueva York, R\u00edo de Janeiro.<br>Y Retiemble! Madrid<br>Ya Basta! \u00cad\u00ee bese! (Noreste de Italia)<br>20zln. Italia<\/p>\n\n\n\n<p><strong>Figuras p\u00fablicas<br><\/strong><br>Bernard Duterme. Centre tricontinental \u2013 CETRI<br>Carlos Taibo, Madrid.<br>Diego Enrique Osorno, periodista y director de cine, M\u00e9xico<br>Jaime Pastor, redactor de la Revista Viento Sur. Estado Espa\u00f1ol<br>Luciana Kaplan, directora de cine, productora y guionista.<br>M\u00e1rgara Mill\u00e1n, Red de feminismos descoloniales, M\u00e9xico<br>Miguel Urb\u00e1n, ex-eurodiputado y miembro de Anticapitalistas. Estado Espa\u00f1ol<br>Orly Noi (Mojgan), Periodista y traductor, Luchadora por los derechos humanos (Jerusal\u00e9n, Israel)<br>Oscar Olivera, Luchador social por el agua y vida (Cochabamba, Bolivia)<br>Ra\u00fal Zibechi. Periodista. Uruguay<br>Valentina Leduc. Documentalista independiente. M\u00e9xico.<\/p>\n\n\n\n<p><strong>Personales<br><\/strong><br>Areti Potsiou, Grecia<br>Asma-Esmeralda AbdAllah-Alvarez Ram\u00edrez<br>Azize Aslan, Kurdist\u00e1n-M\u00e9xico<br>Blanca Estrella Ruiz<br>Carlos Andrade<br>Carmen Diaz Aranda Luque<br>Clara Ferri<br>Claudia Mora. Suiza<br>Claudio Garc\u00eda Ehrenfeld, Investigador y docente. Instituto de Investigaciones Filol\u00f3gicas. UNAM<br>Dani\u00e8le Jumet \u2013 Belgique (Belgica)<br>Diana Itzu Luna<br>Eirini Koumparouli, Grecia<br>Elisa Berdini<br>Francisca Urias Hermosillo<br>Giorgos Moschos, Grecia<br>Jos\u00e9 Agust\u00edn Maldonado Loyola<br>Lotte Heinl.<br>Lydia L. Lorenz (Grecia)<br>Michelle Solano<br>Mimma Grillo, Siciliezapatiste, Italia<br>Nantik Meche, Chiapas, M\u00e9xico.<br>Nesar Mohammadi, de Ir\u00e1n desde CDMX<br>Nikolaos Koutsias, Grecia<br>Nofret Berenice Hern\u00e1ndez Vilchis<br>Pepe Mej\u00eda. Periodista. Madrid. Estado Espa\u00f1ol<br>Silvana Rabinovich, UNAM, M\u00e9xico<br>Sonja Santiana Cruz, Sic\u00f3loga, Alemania\/Ecuador<\/p>","protected":false},"excerpt":{"rendered":"<p>Pronunciamiento de grupos, colectivos y personas, desde los distintos rincones en resistencia y rebeld\u00eda en el mundo.POR LA VIDA Y LA DIGNIDAD DEL PUEBLO DE IR\u00c1N Vivimos una tormenta. No es nueva ni pasajera. Es la tormenta del capitalismo, del imperialismo, del patriarcado y de los Estados que administran la muerte mientras hablan de orden, [&hellip;]<\/p>\n","protected":false},"author":21,"featured_media":53397,"comment_status":"open","ping_status":"closed","sticky":false,"template":"","format":"standard","meta":{"footnotes":""},"categories":[957,51,118,958,953],"tags":[58,53,567,147,545,148,27,483],"class_list":["post-53396","post","type-post","status-publish","format-standard","has-post-thumbnail","hentry","category-autonomia","category-autor","category-ezln","category-megaproyectos","category-mundo","tag-derechos-humanos","tag-justicia","tag-megaproyectos","tag-militarizacion","tag-pueblos-indigenas","tag-resistencia","tag-solidaridad","tag-tierra-y-territorio"],"_links":{"self":[{"href":"https:\/\/radiozapatista.org\/index.php?rest_route=\/wp\/v2\/posts\/53396","targetHints":{"allow":["GET"]}}],"collection":[{"href":"https:\/\/radiozapatista.org\/index.php?rest_route=\/wp\/v2\/posts"}],"about":[{"href":"https:\/\/radiozapatista.org\/index.php?rest_route=\/wp\/v2\/types\/post"}],"author":[{"embeddable":true,"href":"https:\/\/radiozapatista.org\/index.php?rest_route=\/wp\/v2\/users\/21"}],"replies":[{"embeddable":true,"href":"https:\/\/radiozapatista.org\/index.php?rest_route=%2Fwp%2Fv2%2Fcomments&post=53396"}],"version-history":[{"count":4,"href":"https:\/\/radiozapatista.org\/index.php?rest_route=\/wp\/v2\/posts\/53396\/revisions"}],"predecessor-version":[{"id":53855,"href":"https:\/\/radiozapatista.org\/index.php?rest_route=\/wp\/v2\/posts\/53396\/revisions\/53855"}],"wp:featuredmedia":[{"embeddable":true,"href":"https:\/\/radiozapatista.org\/index.php?rest_route=\/wp\/v2\/media\/53397"}],"wp:attachment":[{"href":"https:\/\/radiozapatista.org\/index.php?rest_route=%2Fwp%2Fv2%2Fmedia&parent=53396"}],"wp:term":[{"taxonomy":"category","embeddable":true,"href":"https:\/\/radiozapatista.org\/index.php?rest_route=%2Fwp%2Fv2%2Fcategories&post=53396"},{"taxonomy":"post_tag","embeddable":true,"href":"https:\/\/radiozapatista.org\/index.php?rest_route=%2Fwp%2Fv2%2Ftags&post=53396"}],"curies":[{"name":"wp","href":"https:\/\/api.w.org\/{rel}","templated":true}]}}