{"id":53392,"date":"2026-01-28T14:37:30","date_gmt":"2026-01-28T20:37:30","guid":{"rendered":"https:\/\/radiozapatista.org\/?p=53392"},"modified":"2026-01-28T14:38:53","modified_gmt":"2026-01-28T20:38:53","slug":"frente-a-la-guerra-que-recorre-al-mundo-a-nuestro-pais-y-a-nuestro-estadoorganicemonos","status":"publish","type":"post","link":"https:\/\/radiozapatista.org\/?p=53392","title":{"rendered":"Frente a la guerra que recorre al mundo, a nuestro pa\u00eds y a nuestro estado:\u00a1Organic\u00e9monos!"},"content":{"rendered":"\n<p><strong>AL EJERCITO ZAPATISTA <\/strong><strong>DE LIBERACI\u00d3<\/strong><strong>N NACIONAL<\/strong><\/p>\n\n\n\n<p><strong>AL CONGRESO NACIONAL IND\u00cd<\/strong><strong>GENA-CONC<\/strong><strong>EJO IND\u00cd<\/strong><strong>GENA DE GOBIERNO<\/strong><\/p>\n\n\n\n<p><strong>A LA SEXTA NACIONAL E INTERNACIONAL<\/strong><\/p>\n\n\n\n<p><strong>A LAS REDES DE RESISTENCIA Y REBELD\u00cd<\/strong><strong>A<\/strong><\/p>\n\n\n\n<p><strong>A LA EUROPA INSUMISA<\/strong><\/p>\n\n\n\n<p><strong>A LOS ORGANISMOS DE DERECHOS HUMANOS NACIONALES E INTERNACIONALES<\/strong><\/p>\n\n\n\n<p><strong>A LA MISI\u00d3<\/strong><strong>N CIVIL DE OBSERVACI\u00d3<\/strong><strong>N SEXTA<\/strong><\/p>\n\n\n\n<p><strong>A LOS MEDIOS DE COMUNICACI\u00d3<\/strong><strong>N LIBRES E INDEPENDIENTES<\/strong><\/p>\n\n\n\n<p><strong>AL PUEBLO DE GUERRERO<\/strong><\/p>\n\n\n\n<p><strong>AL PUEBLO DE M<\/strong><strong>\u00c9<\/strong><strong>XICO Y DEL MUNDO<\/strong><\/p>\n\n\n\n<p><strong>27 de enero de&nbsp; 2026.<\/strong><\/p>\n\n\n\n<p>Hermanos y hermanas, la guerra que se despliega por el mundo es la misma que se vive en M\u00e9xico. A los muertos que se cuentan por miles, se suman nuestros muertos. En este nuevo reparto mundial y reconfiguraci\u00f3n territorial, el capitalismo golpea con m\u00e1s violencia para apropiarse de todo, aunque para esto tenga que pasar por encima de la simulaci\u00f3n que el mismo capitalismo afirma que existe: la soberan\u00eda de los Estados naci\u00f3n, las leyes nacionales e internacionales, los derechos humanos, de las minor\u00edas, de los pueblos originarios, de las mujeres y las infancias. Ni soberan\u00eda, ni leyes, ni respeto por la vida en ninguna de sus formas, todo es ganancia a cualquier costo; las m\u00e1scaras se caen y el capitalismo se muestra tal cual, es la guerra y la muerte contra la humanidad y contra la vida.<\/p>\n\n\n\n<p>En el estado de Guerrero los asesinatos son parte de la vida diaria, el Estado no existe como representaci\u00f3n de la voluntad popular y las leyes son letra muerta. Desde hace ya muchos a\u00f1os nuestro estado est\u00e1 gobernado por los capitalistas, sean las empresas mineras que saquean los bienes naturales o sean los grupos delincuenciales que envenenan a nuestros j\u00f3venes y atemorizan a toda la poblaci\u00f3n; el estado simula existir para guardar la apariencia de ser una parte m\u00e1s de un pa\u00eds en orden, con progreso y desarrollo \u00a1vaya mentira! Entonces podemos ver la fotograf\u00eda de la presidentA, Claudia Sheinbaum con la gobernadora del estado de Guerrero Evelyn Salgado, terminan el desayuno, ambas sonriendo, se abrazan, posan, mientras el pa\u00eds sigue creciendo sus fosas clandestinas, mientras las madres buscadoras mantienen las esperanza de encontrar a sus hijos con vida cavando los cerros y monta\u00f1as, mientras las fronteras se llenan de criminales que desplazan a pueblos enteros, sean los criminales de los c\u00e1rteles o sean los criminales del mundo, Donald Trump y sus secuaces que con benepl\u00e1cito y burla miran como tienen a la clase pol\u00edtica del mundo de rodillas, incluyendo a la mexicana.<\/p>\n\n\n\n<p>Mientras all\u00e1 arriba contin\u00faan con su simulaci\u00f3n, ac\u00e1 abajo se resiente la realidad, nuestro pueblo de Guerrero se encuentra controlado por el crimen organizado. Vivimos entre la violencia diaria con cobro de piso, extorsiones, desapariciones, feminicidios y amenazas. Nuestra gente tiene que abandonar sus casas y migrar, no hay trabajo, hay mucha pobreza y nadie nos protege. Todos los d\u00edas asesinan a transportistas, periodistas, defensores del pueblo y del territorio, a polic\u00edas comunitarios, a funcionarios y a cualquier ciudadano. Aqu\u00ed ya no hay seguridad ni justicia, solo violencia e impunidad. Mientras all\u00e1 arriba sonr\u00eden como si nada pasara, ac\u00e1 abajo hemos bloqueado, marchado, dialogado, firmado convenios que nunca se han cumplido por el gobierno del estado de Guerrero pero todo sigue igual. Seguimos viendo como grupos del crimen organizado como \u2018Los Ardillos\u2019 siguen operando, robando recursos municipales, controlando diputados, polic\u00edas, ministeriales y expandiendo su terror, desplazando y sometiendo a m\u00e1s y m\u00e1s pueblos. Por m\u00e1s de treinta a\u00f1os han operado en la monta\u00f1a baja y zona centro de nuestro estado con total impunidad. Controlando a los municipios de Tixtla, Chilapa de \u00c1lvarez, Chilpancingo, Atlixtac, Jose Joaqu\u00edn de Herrera, Acatepec, Quechultenango, Juan R. Escudero, Tecoanapa, Acapulco entre otros.<\/p>\n\n\n\n<p>Mientras arriba se debaten entre qu\u00e9 ropa van a usar para el desayuno y la foto con la presidentA, aqu\u00ed abajo nos preguntamos \u00bfqu\u00e9 destino queda para nosotros? \u00bfa caso tendremos que aceptar la muerte por hambre, por las balas del crimen, por enfermedad a falta de hospitales, que nuestros hijos e hijas en alg\u00fan momento de sus vidas sean desaparecidos, ser desplazados por la violencia, ser extorsionados y pagar el cobro de piso? \u00bfno tenemos el derecho de querer vivir dignamente? \u00bfno es correcto a caso luchar por la defensa de la vida y el territorio?<\/p>\n\n\n\n<p>Es por lo anterior que tomamos la decisi\u00f3n de articularnos con otras personas de buen coraz\u00f3n, para defender la vida y el territorio, porque desde hace muchos a\u00f1os decidimos gritar \u00a1YA BASTA! Porque no toleramos la mentira de los malos gobiernos, que cada sexenio prometen que todo ser\u00e1 mejor pero sus palabras solo contienen mentiras. Decidimos articularnos con la Uni\u00f3n de Pueblos y Organizaciones del Estado de Guerrero (UPOEG), porque la violencia que se vive hoy, se va a triplicar en nuestro estado, tal como lo vemos en el mundo entero. Aunque cada organizaci\u00f3n mantiene sus principios y organizaci\u00f3n propias, esta coordinaci\u00f3n es por la seguridad y la vida de nuestras comunidades, hoy m\u00e1s que nunca toca encontrarnos en la diferencia, porque las balas que matan no distinguen de qu\u00e9 organizaci\u00f3n eres, a qu\u00e9 pueblo perteneces, cu\u00e1l es tu profesi\u00f3n, las balas que disparan los delincuentes y que el Estado solo mira pasar, siguen arrebatando la vida de nuestros j\u00f3venes, de comerciantes, ind\u00edgenas, mujeres.<\/p>\n\n\n\n<p>Es por esto que llamamos al pueblo de Guerrero, a los j\u00f3venes, mujeres y hombres, madres y padres, abuelas y abuelos; campesinos y campesinas, pescadores, estudiantes, comerciantes, periodistas, transportistas, ganaderos, empresarios, maestr@s, artesan@s, trabajadores, autoridades comunales, ejidales y comisari@s, acad\u00e9mic@s, sacerdotes, m\u00e9dic@s, enfermer@s, comunidades ind\u00edgenas y afromexicanas, colectivos y organizaciones sociales, defensores de derechos humanos, madres y padres buscadores, desplazados y familiares de v\u00edctimas, al pueblo todo, a encontrarnos y a caminar juntos por la defensa de la vida y de nuestras comunidades. A denunciar a este mal gobierno que solo habla mientras los grupos delincuenciales operan con absoluta impunidad en todo nuestro estado. Los llamamos a estar juntos y juntas en esta lucha com\u00fan por la vida.<\/p>\n\n\n\n<p>Nosotros no somos los generadores de violencia, los culpables son quienes la han permitido crecer en nuestros pueblos y municipios, apoder\u00e1ndose y corrompiendo a funcionarios, polic\u00edas, ministeriales y fiscales. Es decir, la violencia existe en cada funcionario p\u00fablico, como Francisco Rodr\u00edguez Cisneros, que cuando denunciamos o nos manifestamos, en vez de actuar y desmantelar a estos grupos criminales, voltean a descalificarnos, llam\u00e1ndonos \u201cgeneradores de violencia\u201d y permite que los grupos criminales se sigan expandiendo y multiplicando.<\/p>\n\n\n\n<p>Una cosa le pedimos a este mal gobierno al menos desde hace 8 a\u00f1os: desmantelar a los grupos del crimen organizado y demostrar con acciones que realmente ha llegado el cambio con la Cuarta Transformaci\u00f3n. Que nos demuestre al pueblo de Guerrero que no son los mismos delincuentes del PRI, del PRD o del PAN. Pero no pueden demostrar nada, porque son los mismos. Hoy est\u00e1n m\u00e1s preocupados por el mundial de futbol 2026 que se jugar\u00e1 en el pa\u00eds del asesino Donald Trump, en Canad\u00e1-patio-de-enfrente y en M\u00e9xico-patio-trasero; les preocupa mucho que vayamos a la Ciudad de M\u00e9xico a manifestarnos, volantear, bloquear, boicotear o cualquier acci\u00f3n que afecte el desarrollo del mundial, pero \u00bfno les interesa que nos maten?<\/p>\n\n\n\n<p>Nuestras demandas est\u00e1n en sus escritorios desde hace muchos a\u00f1os: seguridad, justicia, desarticulaci\u00f3n de los grupos delincuenciales desde los funcionarios p\u00fablicos, justicia para nuestros asesinados, libertad a nuestros presos pol\u00edticos y el respeto a la autodeterminaci\u00f3n, autonom\u00eda, libre organizaci\u00f3n y sistemas normativos propios de nuestros pueblos ind\u00edgenas y afromexicanos, as\u00ed como el pleno reconocimiento de nuestras autoridades comunitarias y mecanismos de seguridad comunitaria. Su respuesta ha sido el desprecio y el respaldo a los grupos criminales, por eso actuamos.<\/p>\n\n\n\n<p>De nuestra parte lo decimos con mucha claridad, estamos obligados, por el amor a nuestro pueblo y territorio, a defender nuestras vidas, las de nuestras familias, hijos e hijas, y a ejercer nuestro derecho como pueblos ind\u00edgenas y afromexicanos, reconocido en la Constituci\u00f3n mexicana y en convenios internacionales, a organizarnos a trav\u00e9s de nuestras asambleas comunitarias en defensa de la vida, la seguridad, nuestra madre tierra y el desarrollo integral de nuestros pueblos. Pero como parte de la vida que habita este planeta, tenemos el deber de luchar por la vida y por la defensa del territorio y eso haremos, esto somos, estamos convencidos y lo defenderemos hasta la muerte.<\/p>\n\n\n\n<p><strong>No nos rendimos, no nos vendemos, no claudicamos.<\/strong><\/p>\n\n\n\n<p><strong>Atentamente:<\/strong><\/p>\n\n\n\n<p><strong>Concejo Ind\u00ed<\/strong><strong>gena y Popular de Guerrero Emiliano Zapata<\/strong><\/p>\n","protected":false},"excerpt":{"rendered":"<p>AL EJERCITO ZAPATISTA DE LIBERACI\u00d3N NACIONAL AL CONGRESO NACIONAL IND\u00cdGENA-CONCEJO IND\u00cdGENA DE GOBIERNO A LA SEXTA NACIONAL E INTERNACIONAL A LAS REDES DE RESISTENCIA Y REBELD\u00cdA A LA EUROPA INSUMISA A LOS ORGANISMOS DE DERECHOS HUMANOS NACIONALES E INTERNACIONALES A LA MISI\u00d3N CIVIL DE OBSERVACI\u00d3N SEXTA A LOS MEDIOS DE COMUNICACI\u00d3N LIBRES E INDEPENDIENTES AL [&hellip;]<\/p>\n","protected":false},"author":21,"featured_media":53394,"comment_status":"open","ping_status":"closed","sticky":false,"template":"","format":"standard","meta":{"footnotes":""},"categories":[957,51,826,958,954,935],"tags":[58,53,567,147,545,87,148,27,483],"class_list":["post-53392","post","type-post","status-publish","format-standard","has-post-thumbnail","hentry","category-autonomia","category-autor","category-medios-libres-2","category-megaproyectos","category-mexico","category-temas","tag-derechos-humanos","tag-justicia","tag-megaproyectos","tag-militarizacion","tag-pueblos-indigenas","tag-represion","tag-resistencia","tag-solidaridad","tag-tierra-y-territorio"],"_links":{"self":[{"href":"https:\/\/radiozapatista.org\/index.php?rest_route=\/wp\/v2\/posts\/53392","targetHints":{"allow":["GET"]}}],"collection":[{"href":"https:\/\/radiozapatista.org\/index.php?rest_route=\/wp\/v2\/posts"}],"about":[{"href":"https:\/\/radiozapatista.org\/index.php?rest_route=\/wp\/v2\/types\/post"}],"author":[{"embeddable":true,"href":"https:\/\/radiozapatista.org\/index.php?rest_route=\/wp\/v2\/users\/21"}],"replies":[{"embeddable":true,"href":"https:\/\/radiozapatista.org\/index.php?rest_route=%2Fwp%2Fv2%2Fcomments&post=53392"}],"version-history":[{"count":1,"href":"https:\/\/radiozapatista.org\/index.php?rest_route=\/wp\/v2\/posts\/53392\/revisions"}],"predecessor-version":[{"id":53395,"href":"https:\/\/radiozapatista.org\/index.php?rest_route=\/wp\/v2\/posts\/53392\/revisions\/53395"}],"wp:featuredmedia":[{"embeddable":true,"href":"https:\/\/radiozapatista.org\/index.php?rest_route=\/wp\/v2\/media\/53394"}],"wp:attachment":[{"href":"https:\/\/radiozapatista.org\/index.php?rest_route=%2Fwp%2Fv2%2Fmedia&parent=53392"}],"wp:term":[{"taxonomy":"category","embeddable":true,"href":"https:\/\/radiozapatista.org\/index.php?rest_route=%2Fwp%2Fv2%2Fcategories&post=53392"},{"taxonomy":"post_tag","embeddable":true,"href":"https:\/\/radiozapatista.org\/index.php?rest_route=%2Fwp%2Fv2%2Ftags&post=53392"}],"curies":[{"name":"wp","href":"https:\/\/api.w.org\/{rel}","templated":true}]}}