{"id":53389,"date":"2026-01-28T14:18:02","date_gmt":"2026-01-28T20:18:02","guid":{"rendered":"https:\/\/radiozapatista.org\/?p=53389"},"modified":"2026-01-28T14:18:04","modified_gmt":"2026-01-28T20:18:04","slug":"justicia-y-libertad-para-nuestros-hermanos-y-hermanas-de-la-comunidad-de-eloxochitlan-de-flores-magon","status":"publish","type":"post","link":"https:\/\/radiozapatista.org\/?p=53389","title":{"rendered":"Justicia y libertad para nuestros hermanos y hermanas de la comunidad de Eloxochitl\u00e1n de Flores Mag\u00f3n"},"content":{"rendered":"\n<p>JUSTICIA Y LIBERTAD PARA NUESTROS HERMANOS Y HERMANAS DE LA COMUNIDAD DE ELOXOCHITL\u00c1N DE FLORES MAG\u00d3N<\/p>\n\n\n\n<p>A nuestras hermanas y hermanos del pueblo mazateco de Eloxochitl\u00e1n de Flores Mag\u00f3n, Oaxaca,<\/p>\n\n\n\n<p>A la Asamblea Comunitaria de Eloxochitl\u00e1n de Flores Mag\u00f3n.<\/p>\n\n\n\n<p>A los pueblos de M\u00e9xico y del mundo,<\/p>\n\n\n\n<p>A los organismos y colectivos defensores de derechos humanos,<\/p>\n\n\n\n<p>A las Redes de Resistencia y Rebeld\u00eda,<\/p>\n\n\n\n<p>A la Sexta Nacional e Internacional,<\/p>\n\n\n\n<p>A l@s firmantes de Una Declaraci\u00f3n por la Vida en los cinco continentes,<\/p>\n\n\n\n<p>A la Europa Insumisa, Digna y Rebelde.<\/p>\n\n\n\n<p>Como pocas comunidades originarias en este pa\u00eds, la comunidad mazateca, y tambi\u00e9n municipio, de Eloxochitl\u00e1n de Flores Mag\u00f3n, Oaxaca, ha vivido en los \u00faltimos a\u00f1os la guerra de exterminio y la represi\u00f3n masiva del Estado mexicano en toda su intensidad, por la simple raz\u00f3n de defender lo que le resulta sagrado: su autonom\u00eda para gobernarse por s\u00ed misma de acuerdo con sus formas de organizaci\u00f3n propias; y su territorio, particularmente el R\u00edo Xang\u00e1 Nd\u00e1 Ge; un r\u00edo en peligro de morir debido a la brutal explotaci\u00f3n de los materiales p\u00e9treos que se guardan en su lecho por parte del cacique local Manuel Zepeda Cort\u00e9s, expresidente municipal de Eloxochitl\u00e1n, y su hija Elisa Zepeda Lagunas, actual diputada local por Morena y protegida del gobernador Salom\u00f3n Jara Cruz.<\/p>\n\n\n\n<p>Eloxochitl\u00e1n es una comunidad que sufre la violencia de estado por defender su libertad y su coraz\u00f3n: el R\u00edo Xang\u00e1 Nd\u00e1 Ge que con sus brazos abiertos da la vida al pueblo mazateco.<\/p>\n\n\n\n<p>Hist\u00f3ricamente la comunidad de Eloxochitl\u00e1n, heredera de la milenaria rebeld\u00eda de mujeres y hombres como los hermanos Flores Mag\u00f3n, ha resistido contra la imposici\u00f3n de familias caciquiles por parte de intereses externos con el prop\u00f3sito de controlar pol\u00edticamente y despojar a dicha comunidad. As\u00ed las cosas, desde el a\u00f1o 2011 la comunidad sostiene la lucha y la denuncia contra la extracci\u00f3n de materiales p\u00e9treos del R\u00edo Xang\u00e1 Nd\u00e1 Ge, un brazo del gran R\u00edo Petlapa, a manos del cacique local Manuel Zepeda Cort\u00e9s y su hija, la diputada Elisa Zepeda Lagunas.<\/p>\n\n\n\n<p>El 14 de diciembre de 2014, durante una asamblea para la renovaci\u00f3n anual del Alcalde, un cargo tradicional encargado de regular cuestiones de posesi\u00f3n y uso de la tierra, se suscit\u00f3 un enfrentamiento armado provocado por el grupo caciquil de Manuel Zepeda Cort\u00e9s con la finalidad de reprimir y desarticular la organizaci\u00f3n comunitaria que hab\u00eda resistido los embates constantes del caciquismo. En este hecho resultaron heridas de bala seis personas de la Asamblea Comunitaria; asimismo, Manuel Zepeda Lagunas, hijo del cacique, fue aprehendido por portaci\u00f3n de arma de fuego y entregado a la agencia del Ministerio P\u00fablico. Al d\u00eda siguiente, el Procurador General de Oaxaca anunci\u00f3 el fallecimiento del detenido, mismo que se encontraba bajo custodia del Ministerio P\u00fablico; hasta la fecha, las condiciones de su fallecimiento no han sido esclarecidas, por otro lado, la balacera qued\u00f3 en total impunidad.<\/p>\n\n\n\n<p>A ra\u00edz de lo ocurrido, el Ministerio P\u00fablico acus\u00f3 injustamente de homicidio y tentativa de homicidio a 36 integrantes de la Asamblea Comunitaria de Eloxochitl\u00e1n y desde diciembre de 2014, y m\u00e1s de 50 hermanos y hermanas de la comunidad se les acus\u00f3 con cuatro procesos penales indistintamente, han vivido la represi\u00f3n estatal a partir de la fabricaci\u00f3n de diversos delitos de alto impacto y han vivido prisi\u00f3n pol\u00edtica, desplazamiento forzado, persecuci\u00f3n, tortura, detenciones arbitrarias, y violencia contra mujeres, ni\u00f1as y ni\u00f1os.<\/p>\n\n\n\n<p>Valientemente, las mujeres de la comunidad tomaron la decisi\u00f3n de enfrentar la criminalizaci\u00f3n a trav\u00e9s de distintas acciones legales acompa\u00f1adas de movilizaci\u00f3n y de la solidaridad de hombres y mujeres de buen coraz\u00f3n. De este modo han ido ganando la libertad de sus presos pol\u00edticos y el retorno de varias familias desplazadas; logrando las \u00faltimas liberaciones, tras m\u00e1s de 9 a\u00f1os de prisi\u00f3n preventiva, en junio del a\u00f1o 2024.<\/p>\n\n\n\n<p>A m\u00e1s de una d\u00e9cada de lucha, la comunidad enfrenta la utilizaci\u00f3n del sistema judicial como instrumento de tortura, para mantenerla en persecuci\u00f3n pese a haber ganado la mayor\u00eda de las libertades en todos sus procesos; como ejemplos est\u00e1n las revocaciones ilegales que hace el Tribunal Superior de Oaxaca, respecto de libertades que cuentan con antecedentes ganados en instancias m\u00e1s altas, la anteposici\u00f3n de cuestiones administrativas de parte de algunos jueces de Boca del R\u00edo, Veracruz, para evadir estudios de fondo en los juicios de amparo, en lugar de resolver sobre la ilegalidad de la persecuci\u00f3n; en suma, la omisi\u00f3n del Poder Judicial de la Federaci\u00f3n para terminar con la criminalizaci\u00f3n de Eloxochitl\u00e1n.<\/p>\n\n\n\n<p>Actualmente sus exigencias son las siguientes:<\/p>\n\n\n\n<p>La libertad absolutoria para Miguel \u00c1ngel Peralta Betanzos, defensor comunitario sentenciado injustamente a 50 a\u00f1os de prisi\u00f3n y actualmente exiliado de su comunidad. El \u00faltimo recurso legal disponible para recuperar su libertad est\u00e1 por resolverse.<\/p>\n\n\n\n<p>Amparo ya y el regreso en libertad a su comunidad, tras m\u00e1s de diez a\u00f1os de desplazamiento forzado, de 14 compa\u00f1eros y sus familias: Ranulfo Vidauria, Jaime Vidauria, Artemio Vidauria, Jacob Betanzos, Lucio Rosales, Rogelio L\u00f3pez, Wilfrido Salazar, Jorge Betanzos, Rub\u00e9n Cerqueda, Francisco Jorge Betanzos, Carlos Pachecho, Omar Hugo Morales, Isa\u00edas Gallardo y Braulio Cerqueda.<\/p>\n\n\n\n<p>Amparo ya y la cancelaci\u00f3n de las \u00f3rdenes de aprehensi\u00f3n existentes en contra de las compa\u00f1eras Martha, Alicia, Br\u00edgida, Eusebia, Hilda, Teresa y Refugia; y de 200 \u00f3rdenes de aprehensi\u00f3n en contra de 56 comuneros que alevosamente fueron reactivadas en marzo de este a\u00f1o.<\/p>\n\n\n\n<p>Cierre de los procesos penales y la libertad sin condiciones de Hermino Monfil, Jaime Betanzos, Fernando Gavito, Francisco Dur\u00e1n y Alfredo Bola\u00f1os, quienes siguen sujetos a proceso en el juzgado de Huautla de Jim\u00e9nez.<\/p>\n\n\n\n<p>Justicia para David Peralta, fotoperiodista comunitario agredido el 3 de abril de 2025 por el cacique Manuel Zepeda, por documentar la devastaci\u00f3n ambiental provocada al R\u00edo Xang\u00e1 Nd\u00e1 Ge.<\/p>\n\n\n\n<p>Alto a la destrucci\u00f3n y extracci\u00f3n de materiales p\u00e9treos del R\u00edo Xang\u00e1 Nd\u00e1 Ge y protecci\u00f3n de la Madre Tierra.<\/p>\n\n\n\n<p>Hermanas y hermanos pertenecientes a la Asamblea Comunitaria de Eloxochitl\u00e1n:<\/p>\n\n\n\n<p>Nosotros como ustedes, somos pueblos originarios que nacimos, al igual que nuestros padres y abuelos, en estas tierras acosadas desde hace muchos siglos por la violenta ambici\u00f3n del poderoso. Hoy somos ustedes en su tierna y amorosa lucha por cuidar de su coraz\u00f3n, el R\u00edo Xang\u00e1 Nd\u00e1 Ge; hoy nos reconocemos en ustedes y en su firme resistencia a la guerra de exterminio que nos hacen los capitalistas; en su inquebrantable decisi\u00f3n por cuidar de la Tierra y de la vida.<\/p>\n\n\n\n<p>Hoy somos ustedes en ese dolor que los atenaza, pero sobre todo, somos ustedes en la terca rebeld\u00eda que los lleva a pelear por su libertad y la de su pueblo. En su digna lucha se representan las luchas de todos nuestros pueblos contra el olvido, contra la opresi\u00f3n y contra la maldad de los capitalistas y sus capataces.<\/p>\n\n\n\n<p>Exigimos justicia y la inmediata libertad incondicional de nuestras hermanas y hermanos pertenecientes a la Asamblea Comunitaria de Eloxochitl\u00e1n de Flores Mag\u00f3n, el retorno de las familias desplazadas y de los exiliados y que se ponga fin a la extracci\u00f3n de materiales p\u00e9treos del R\u00edo Xang\u00e1 Nd\u00e1 Ge.<\/p>\n\n\n\n<p>Llamamos a los pueblos originarios, a las comunidades en resistencia y a la sociedad consciente a levantar la voz emitiendo comunicados, haciendo acciones, murales, ceremonias y palabras que exijan justicia. En la libertad de nuestros hermanos y hermanas de Eloxochitl\u00e1n y en el cuidado de su territorio, esta guardada la esperanza de un mundo nuevo, donde el capital no gobierne, donde la vida valga m\u00e1s que el dinero y donde los pueblos florezcamos libres.<\/p>\n\n\n\n<p>Seguir\u00e1 siendo la fuerza de los pueblos la que arranque la libertad de nuestros presos, la que sostenga la dignidad ante esta guerra de exterminio y exija justicia a cada momento. Abrazamos a nuestros hermanos y hermanas que luchan y resisten incansablemente por la libertad, la justicia, la vida y el cuidado de Nuestra Madre Tierra.<\/p>\n\n\n\n<p>ATENTAMENTE<\/p>\n\n\n\n<p>ENERO DE 2026<\/p>\n\n\n\n<p>POR LA RECONSTITUCI\u00d3N INTEGRAL DE NUESTROS PUEBLOS<\/p>\n\n\n\n<p>NUNCA M\u00c1S UN M\u00c9XICO SIN NOSOTROS<\/p>\n\n\n\n<p>CONGRESO NACIONAL IND\u00cdGENA<\/p>\n\n\n\n<p><\/p>\n","protected":false},"excerpt":{"rendered":"<p>JUSTICIA Y LIBERTAD PARA NUESTROS HERMANOS Y HERMANAS DE LA COMUNIDAD DE ELOXOCHITL\u00c1N DE FLORES MAG\u00d3N A nuestras hermanas y hermanos del pueblo mazateco de Eloxochitl\u00e1n de Flores Mag\u00f3n, Oaxaca, A la Asamblea Comunitaria de Eloxochitl\u00e1n de Flores Mag\u00f3n. A los pueblos de M\u00e9xico y del mundo, A los organismos y colectivos defensores de derechos [&hellip;]<\/p>\n","protected":false},"author":21,"featured_media":53390,"comment_status":"open","ping_status":"closed","sticky":false,"template":"","format":"standard","meta":{"footnotes":""},"categories":[957,51,943,1024,958,954,935],"tags":[58,1570,53,567,147,918,23,545,87,148,27,483],"class_list":["post-53389","post","type-post","status-publish","format-standard","has-post-thumbnail","hentry","category-autonomia","category-autor","category-cni","category-cni-temas","category-megaproyectos","category-mexico","category-temas","tag-derechos-humanos","tag-eloxochitlan-de-flores-magon","tag-justicia","tag-megaproyectos","tag-militarizacion","tag-oaxaca","tag-paramilitares","tag-pueblos-indigenas","tag-represion","tag-resistencia","tag-solidaridad","tag-tierra-y-territorio"],"_links":{"self":[{"href":"https:\/\/radiozapatista.org\/index.php?rest_route=\/wp\/v2\/posts\/53389","targetHints":{"allow":["GET"]}}],"collection":[{"href":"https:\/\/radiozapatista.org\/index.php?rest_route=\/wp\/v2\/posts"}],"about":[{"href":"https:\/\/radiozapatista.org\/index.php?rest_route=\/wp\/v2\/types\/post"}],"author":[{"embeddable":true,"href":"https:\/\/radiozapatista.org\/index.php?rest_route=\/wp\/v2\/users\/21"}],"replies":[{"embeddable":true,"href":"https:\/\/radiozapatista.org\/index.php?rest_route=%2Fwp%2Fv2%2Fcomments&post=53389"}],"version-history":[{"count":1,"href":"https:\/\/radiozapatista.org\/index.php?rest_route=\/wp\/v2\/posts\/53389\/revisions"}],"predecessor-version":[{"id":53391,"href":"https:\/\/radiozapatista.org\/index.php?rest_route=\/wp\/v2\/posts\/53389\/revisions\/53391"}],"wp:featuredmedia":[{"embeddable":true,"href":"https:\/\/radiozapatista.org\/index.php?rest_route=\/wp\/v2\/media\/53390"}],"wp:attachment":[{"href":"https:\/\/radiozapatista.org\/index.php?rest_route=%2Fwp%2Fv2%2Fmedia&parent=53389"}],"wp:term":[{"taxonomy":"category","embeddable":true,"href":"https:\/\/radiozapatista.org\/index.php?rest_route=%2Fwp%2Fv2%2Fcategories&post=53389"},{"taxonomy":"post_tag","embeddable":true,"href":"https:\/\/radiozapatista.org\/index.php?rest_route=%2Fwp%2Fv2%2Ftags&post=53389"}],"curies":[{"name":"wp","href":"https:\/\/api.w.org\/{rel}","templated":true}]}}