{"id":53382,"date":"2026-01-26T13:44:13","date_gmt":"2026-01-26T19:44:13","guid":{"rendered":"https:\/\/radiozapatista.org\/?p=53382"},"modified":"2026-01-26T13:44:14","modified_gmt":"2026-01-26T19:44:14","slug":"declaratoria-del-encuentro-de-pueblos-en-defensa-del-agua-y-el-bosque-san-mateo-ozolco-puebla-25-enero-2026","status":"publish","type":"post","link":"https:\/\/radiozapatista.org\/?p=53382","title":{"rendered":"Declaratoria del Encuentro de pueblos en defensa del agua y el bosque, San Mateo Ozolco, Puebla 25 enero 2026"},"content":{"rendered":"\n<p>Reunidos en la plaza principal de San Mateo Ozolco, pueblo originario nahuatl de los volcanes, la comunidad de San Mateo Ozolco, acuerpados y unidos con las comunidades de San Pedro Yanhuitlalpan, San Nicolas de los Ranchos, San Lucas Atzala, San Andr\u00e9s Calpan, Nealtican, Santa Mar\u00eda Acuexcomac, Santa Mar\u00eda Zacatepec, San Miguel Xoxtla, San Pedro Cholula, San Andr\u00e9s Cholula, San Rafael Comac, San Bernardino Tlaxcalancingo, todas de la regi\u00f3n cholulteca y de los volcanes, as\u00ed como tambi\u00e9n acuerpados por la Uni\u00f3n de Pueblos y Fraccionamientos contra el Basurero y en Defensa del Agua, los compa\u00f1eros de la comunidad otomi residente en la ciudad de M\u00e9xico del Congreso Nacional Ind\u00edgena, de la Asamblea Nacional por el Agua y la Vida, as\u00ed como individuos, estudiantes, organizaciones y colectivos de la ciudad de Puebla y compa\u00f1eros de la regi\u00f3n Libres Oriental.<\/p>\n\n\n\n<p>Nos hemos encontrado primero para pedir perd\u00f3n a la monta\u00f1a, a la Madre Tierra, por no haberla defendido antes, m\u00e1s a tiempo, pedirle perd\u00f3n por haberla explotado, hecho da\u00f1o, y le hemos prometido que la vamos a cuidar y defender.<\/p>\n\n\n\n<p>En el Encuentro escuchamos y conocimos las necesidades y dolores de Ozolco y lo que los amenaza, con la tala de \u00e1rboles que estaba realizando un descendiente de hacendados de apellido Aizpuru y de la necesidad de estar pendiente del bosque y defenderlo todas y todos.<\/p>\n\n\n\n<p>El bosque es nuestra bendici\u00f3n, el patrimonio que nos deja la madre naturaleza, nuestras abuelas y abuelos, debemos cuidarlo y defenderlo, y aunque tambi\u00e9n lo aprovechamos, es a peque\u00f1a escala y con el ramaje o \u00e1rboles viejos, porque cada arbol tarda en llegar a su altura en 50 a\u00f1os y tiene de vida otros 50 o 60 a\u00f1os m\u00e1s que sigue creciendo a los lados, nosotros sembramos hoy un \u00e1rbol en nuestro bosque y ma\u00f1ana cuando seamos viejos, apenas lo vamos a ver j\u00f3ven.<\/p>\n\n\n\n<p>Hasta ahora la tala no autorizada por el pueblo de Ozolco se mantiene detenida y el pueblo estar\u00e1 atento de que as\u00ed se mantenga hasta que se cancele. Y tambi\u00e9n sabemos y lo vivimos que la defensa del bosque no es solo no dejar cortar, sino ver las enfermedades del bosque, apagar las chamusquizas, correr a cazadores, respetar el ciclo de reforestaci\u00f3n propio del bosque y reforestar, vigilarlo.<\/p>\n\n\n\n<p>Vimos la actitud nuevamente negativa de la presidenta auxiliar que fue con pol\u00edcias armados a reclamar porque no se le hab\u00eda notificado del evento, cuando no quiso recibir previamente el documento de notificaci\u00f3n de la comunidad y tambi\u00e9n al municipio se le notific\u00f3 y se le pidi\u00f3 notificara a la Presidenta tambi\u00e9n, sin embargo la Presidenta hizo uso de la policia municipal de Calpan para amedrentar a los organizadores del evento de la comunidad y a los pueblos invitados.<\/p>\n\n\n\n<p>Escuchamos los problemas del agua que tienen los pueblos de Nealtican, Santa Mar\u00eda Acuexcomac y Xoxtla, que ya conocemos porque somos comunidades vecinas y estamos conscientes de la injusticia que viven por el saqueo del agua para la ciudad de Puebla y el incumplimiento del Gobierno de los Acuerdos que tuvieron con las comunidades en 1994 y 1997, del intercambio de presos por el agua que le hicieron a Nealtican y de la problem\u00e1tica del basurero y la basura, de las aguas negras en San Lucas Atzala y que el gobierno no hace nada por ayudarnos y defendernos a los pueblos ante privados que quieren explotar el bosque y el agua.<\/p>\n\n\n\n<p>Escuchamos de la lucha contra el gasoducto en la faldas del volc\u00e1n Popocat\u00e9petl y del asesinato del compa\u00f1ero defensor Samir Flores Soberanes, una gran persona del Estado de Morelos que fue asesinado para que se pudieran terminar los trabajos del Proyecto Integral Morelos y muriera la organizaci\u00f3n, pero que la organizaci\u00f3n no muri\u00f3 porque Samir vive ahora m\u00e1s en los pueblos y se van a realizar las Jornadas en su memoria y por la autodeterminaci\u00f3n de los pueblos del 19 al 22 de febrero a los cuales nos invitaron a participar.<\/p>\n\n\n\n<p>Escuchamos de la criminalizaci\u00f3n a los carboneros de nuestros pueblos, como en San Pedro Yancuitlalpan. Es el colmo que a los pueblos los quieren meter a la carcel por aprovechar unas ramas de su bosque, pero a los extranjeros les dejan talar arboles sanos igual de 100 a\u00f1os de edad, que de 50, 20 o 10, como la familia Aizpuru. Los permisos del gobierno son pura continuidad de privilegios, no protegen, ni regulan nada.<\/p>\n\n\n\n<p>En el Encuentro nos preguntamos: \u00bfC\u00f3mo obtuvo la propiedad ese tal Aizpuru? \u00bfQui\u00e9n se la vendi\u00f3? Y vemos que nadie le vendi\u00f3 la tierra a la familia Aizpuru, el ahora descendiente de los hacendados, viene heredando lo \u201cque quedo\u201d de la Hacienda Buenavista, hacienda que ten\u00eda tomada las tierras y aguas de los pueblos originarios en la conquista, pero que en la revoluci\u00f3n mexicana, se le recogi\u00f3 para darle la tierra a sus leg\u00edtimos due\u00f1os, pero no todo se recogi\u00f3 y se reparti\u00f3. En Ozolco y la regi\u00f3n de las monta\u00f1as Iztacihuatl y Popocat\u00e9petl hay una deuda de justicia y de tierra.<\/p>\n\n\n\n<p>Nos preguntamos: \u00bfSi la revoluci\u00f3n fue para desaparecer la hacienda, porque el gobierno no recogi\u00f3 toda la Hacienda Buenavista a los Aizpuru y se la dio a los pueblos, como deber\u00eda de ser? Hoy tenemos problemas con ellos porque no respetan el bosque, lo ven como mercanc\u00eda y para el pueblo ha sido un sitio sagrado desde nuestros abuelos y abuelas.<\/p>\n\n\n\n<p>Despu\u00e9s de escuchar los testimonios de algunos de los pueblos invitados, nos acercamos mas y nos preguntamos tambi\u00e9n: \u00bfQui\u00e9n gobierna y manda en nuestros pueblos? Y dijimos que los pueblos, pero luego reflexionamos y vimos que los que realmente gobiernan o deciden, son las autoridades, los caciques y hasta el crimen organizado en muchas partes de nuestro pa\u00eds y que no debe ser as\u00ed, que el pueblo es el que debe mandar. Y al preguntarnos \u00bfC\u00f3mo nos organizamos para defender el bosque, el agua y la vida? Vemos que con educaci\u00f3n a nuestros hijos, buscando la uni\u00f3n del pueblo para defender y la uni\u00f3n con otros pueblos.<\/p>\n\n\n\n<p>Por lo que el ACUERDO GENERAL de esta ASAMBLEA ES NI UN ARBOL MAS, NI UN POZO PROFUNDO M\u00c1S y que vamos a estar unidos para hacer valer esa ley de los pueblos, que es una ley para preservar la vida.<\/p>\n\n\n\n<p>Que se respete la din\u00e1mica de los pueblos que han sabido cuidar y aprovechar el bosque, as\u00ed como el agua. Siempre reflexionando el pueblo y siendo autocr\u00edtico de su actuar.<\/p>\n\n\n\n<p>Estaremos acompa\u00f1andonos en nuestras luchas y estaremos presente en la Asamblea del 30 aniversario del Congreso Nacional Ind\u00edgena.<\/p>\n\n\n\n<p>Nos volveremos a encontrar los pueblos de la regi\u00f3n Izta-Popo e invitados el pr\u00f3ximo 12 de abril en San Lucas Atzala para seguir conformando una uni\u00f3n de ejidos y comunidades de la regi\u00f3n de las monta\u00f1as Iztacihuatl y Popocat\u00e9petl.<\/p>\n\n\n\n<p>San Mateo Ozolco a 25 de enero de 2026<\/p>\n\n\n\n<figure class=\"wp-block-gallery has-nested-images columns-default is-cropped wp-block-gallery-1 is-layout-flex wp-block-gallery-is-layout-flex\">\n<figure class=\"wp-block-image size-large\"><img loading=\"lazy\" decoding=\"async\" width=\"1024\" height=\"576\" data-id=\"53383\" src=\"https:\/\/radiozapatista.org\/wp-content\/uploads\/2026\/01\/20260126_105514-1024x576.jpg\" alt=\"\" class=\"wp-image-53383\" srcset=\"https:\/\/radiozapatista.org\/wp-content\/uploads\/2026\/01\/20260126_105514-1024x576.jpg 1024w, https:\/\/radiozapatista.org\/wp-content\/uploads\/2026\/01\/20260126_105514-350x197.jpg 350w, https:\/\/radiozapatista.org\/wp-content\/uploads\/2026\/01\/20260126_105514-768x432.jpg 768w, https:\/\/radiozapatista.org\/wp-content\/uploads\/2026\/01\/20260126_105514-1536x864.jpg 1536w, https:\/\/radiozapatista.org\/wp-content\/uploads\/2026\/01\/20260126_105514.jpg 1600w\" sizes=\"auto, (max-width: 1024px) 100vw, 1024px\" \/><\/figure>\n\n\n\n<figure class=\"wp-block-image size-large\"><img loading=\"lazy\" decoding=\"async\" width=\"1024\" height=\"576\" data-id=\"53385\" src=\"https:\/\/radiozapatista.org\/wp-content\/uploads\/2026\/01\/20260126_105519-1024x576.jpg\" alt=\"\" class=\"wp-image-53385\" srcset=\"https:\/\/radiozapatista.org\/wp-content\/uploads\/2026\/01\/20260126_105519-1024x576.jpg 1024w, https:\/\/radiozapatista.org\/wp-content\/uploads\/2026\/01\/20260126_105519-350x197.jpg 350w, https:\/\/radiozapatista.org\/wp-content\/uploads\/2026\/01\/20260126_105519-768x432.jpg 768w, https:\/\/radiozapatista.org\/wp-content\/uploads\/2026\/01\/20260126_105519-1536x864.jpg 1536w, https:\/\/radiozapatista.org\/wp-content\/uploads\/2026\/01\/20260126_105519.jpg 1600w\" sizes=\"auto, (max-width: 1024px) 100vw, 1024px\" \/><\/figure>\n\n\n\n<figure class=\"wp-block-image size-large\"><img loading=\"lazy\" decoding=\"async\" width=\"1024\" height=\"768\" data-id=\"53384\" src=\"https:\/\/radiozapatista.org\/wp-content\/uploads\/2026\/01\/20260126_105522-1024x768.jpg\" alt=\"\" class=\"wp-image-53384\" srcset=\"https:\/\/radiozapatista.org\/wp-content\/uploads\/2026\/01\/20260126_105522-1024x768.jpg 1024w, https:\/\/radiozapatista.org\/wp-content\/uploads\/2026\/01\/20260126_105522-350x263.jpg 350w, https:\/\/radiozapatista.org\/wp-content\/uploads\/2026\/01\/20260126_105522-768x576.jpg 768w, https:\/\/radiozapatista.org\/wp-content\/uploads\/2026\/01\/20260126_105522-1536x1152.jpg 1536w, https:\/\/radiozapatista.org\/wp-content\/uploads\/2026\/01\/20260126_105522.jpg 1600w\" sizes=\"auto, (max-width: 1024px) 100vw, 1024px\" \/><\/figure>\n\n\n\n<figure class=\"wp-block-image size-large\"><img loading=\"lazy\" decoding=\"async\" width=\"1024\" height=\"576\" data-id=\"53386\" src=\"https:\/\/radiozapatista.org\/wp-content\/uploads\/2026\/01\/20260126_105526-1024x576.jpg\" alt=\"\" class=\"wp-image-53386\" srcset=\"https:\/\/radiozapatista.org\/wp-content\/uploads\/2026\/01\/20260126_105526-1024x576.jpg 1024w, https:\/\/radiozapatista.org\/wp-content\/uploads\/2026\/01\/20260126_105526-350x197.jpg 350w, https:\/\/radiozapatista.org\/wp-content\/uploads\/2026\/01\/20260126_105526-768x432.jpg 768w, https:\/\/radiozapatista.org\/wp-content\/uploads\/2026\/01\/20260126_105526-1536x864.jpg 1536w, https:\/\/radiozapatista.org\/wp-content\/uploads\/2026\/01\/20260126_105526.jpg 2048w\" sizes=\"auto, (max-width: 1024px) 100vw, 1024px\" \/><\/figure>\n<\/figure>\n","protected":false},"excerpt":{"rendered":"<p>Reunidos en la plaza principal de San Mateo Ozolco, pueblo originario nahuatl de los volcanes, la comunidad de San Mateo Ozolco, acuerpados y unidos con las comunidades de San Pedro Yanhuitlalpan, San Nicolas de los Ranchos, San Lucas Atzala, San Andr\u00e9s Calpan, Nealtican, Santa Mar\u00eda Acuexcomac, Santa Mar\u00eda Zacatepec, San Miguel Xoxtla, San Pedro Cholula, [&hellip;]<\/p>\n","protected":false},"author":21,"featured_media":53387,"comment_status":"open","ping_status":"closed","sticky":false,"template":"","format":"standard","meta":{"footnotes":""},"categories":[957,826,958,954,935],"tags":[58,53,567,147,545,87,148,483],"class_list":["post-53382","post","type-post","status-publish","format-standard","has-post-thumbnail","hentry","category-autonomia","category-medios-libres-2","category-megaproyectos","category-mexico","category-temas","tag-derechos-humanos","tag-justicia","tag-megaproyectos","tag-militarizacion","tag-pueblos-indigenas","tag-represion","tag-resistencia","tag-tierra-y-territorio"],"_links":{"self":[{"href":"https:\/\/radiozapatista.org\/index.php?rest_route=\/wp\/v2\/posts\/53382","targetHints":{"allow":["GET"]}}],"collection":[{"href":"https:\/\/radiozapatista.org\/index.php?rest_route=\/wp\/v2\/posts"}],"about":[{"href":"https:\/\/radiozapatista.org\/index.php?rest_route=\/wp\/v2\/types\/post"}],"author":[{"embeddable":true,"href":"https:\/\/radiozapatista.org\/index.php?rest_route=\/wp\/v2\/users\/21"}],"replies":[{"embeddable":true,"href":"https:\/\/radiozapatista.org\/index.php?rest_route=%2Fwp%2Fv2%2Fcomments&post=53382"}],"version-history":[{"count":1,"href":"https:\/\/radiozapatista.org\/index.php?rest_route=\/wp\/v2\/posts\/53382\/revisions"}],"predecessor-version":[{"id":53388,"href":"https:\/\/radiozapatista.org\/index.php?rest_route=\/wp\/v2\/posts\/53382\/revisions\/53388"}],"wp:featuredmedia":[{"embeddable":true,"href":"https:\/\/radiozapatista.org\/index.php?rest_route=\/wp\/v2\/media\/53387"}],"wp:attachment":[{"href":"https:\/\/radiozapatista.org\/index.php?rest_route=%2Fwp%2Fv2%2Fmedia&parent=53382"}],"wp:term":[{"taxonomy":"category","embeddable":true,"href":"https:\/\/radiozapatista.org\/index.php?rest_route=%2Fwp%2Fv2%2Fcategories&post=53382"},{"taxonomy":"post_tag","embeddable":true,"href":"https:\/\/radiozapatista.org\/index.php?rest_route=%2Fwp%2Fv2%2Ftags&post=53382"}],"curies":[{"name":"wp","href":"https:\/\/api.w.org\/{rel}","templated":true}]}}