{"id":53377,"date":"2026-01-22T23:11:40","date_gmt":"2026-01-23T05:11:40","guid":{"rendered":"https:\/\/radiozapatista.org\/?p=53377"},"modified":"2026-01-22T23:11:41","modified_gmt":"2026-01-23T05:11:41","slug":"pronunciamiento-urgente-exigimos-medidas-inmediatas-de-proteccion-para-el-companero-carlos-beas-y-el-equipo-de-ucizoni","status":"publish","type":"post","link":"https:\/\/radiozapatista.org\/?p=53377","title":{"rendered":"Pronunciamiento urgente |  Exigimos medidas inmediatas de protecci\u00f3n para el compa\u00f1ero Carlos Beas y el equipo de UCIZONI"},"content":{"rendered":"\n<p>A los medios de comunicaci\u00f3n<\/p>\n\n\n\n<p>A la opini\u00f3n p\u00fablica nacional e internacional<\/p>\n\n\n\n<p>A las organizaciones sociales, de derechos humanos y solidarias<\/p>\n\n\n\n<p>Al Congreso Nacional Ind\u00edgena (CNI)<\/p>\n\n\n\n<p>A los pueblos ind\u00edgenas de M\u00e9xico y del mundo<\/p>\n\n\n\n<p>Exigimos medidas inmediatas de protecci\u00f3n para el compa\u00f1ero Carlos Beas y el equipo de UCIZONI<\/p>\n\n\n\n<p>Las organizaciones, colectivos y personas firmantes manifestamos nuestra profunda preocupaci\u00f3n ante los hechos de hostigamiento, intimidaci\u00f3n y amenazas ocurridos en los \u00faltimos d\u00edas contra el compa\u00f1ero Carlos Beas, defensor de derechos humanos, as\u00ed como contra el equipo de la Uni\u00f3n de Comunidades Ind\u00edgenas de la Zona Norte del Istmo (UCIZONI).<\/p>\n\n\n\n<p>Exigimos de manera inmediata la implementaci\u00f3n de medidas de protecci\u00f3n eficaces para salvaguardar la integridad f\u00edsica y psicol\u00f3gica de Carlos Beas y de todas y todos los integrantes de UCIZONI.<\/p>\n\n\n\n<p>Asimismo, se\u00f1alamos como responsables al Gobierno del Estado de Oaxaca y al Gobierno Federal, a quienes hacemos directamente responsables en caso de que ocurra cualquier agresi\u00f3n adicional contra Carlos Beas o el equipo de UCIZONI, ya sea por acci\u00f3n u omisi\u00f3n.<\/p>\n\n\n\n<p>Hechos recientes<\/p>\n\n\n\n<p>Compartimos algunos de los incidentes ocurridos en los \u00faltimos d\u00edas:<\/p>\n\n\n\n<p>\u2022 Jueves 15 de enero de 2026, aproximadamente a las 22:15 horas, se escuch\u00f3 una r\u00e1faga de metralleta en la parte trasera vecina del domicilio de Carlos Beas, ubicado en la colonia Rinc\u00f3n Viejo, Santa Mar\u00eda Petapa, Oaxaca.<\/p>\n\n\n\n<p>\u2022 S\u00e1bado 17 de enero, un individuo armado fue visto en dos ocasiones afuera del mismo domicilio. Al ser abordado, simul\u00f3 estar en estado de ebriedad y se retir\u00f3; sin embargo, fue claramente visible que portaba un arma en la cintura.<\/p>\n\n\n\n<p>\u2022 Martes 20 de enero, alrededor de las 9:40 horas, dos individuos se presentaron en las oficinas de UCIZONI, afirmando ser supuestos empleados de la Fiscal\u00eda General de la Rep\u00fablica (FGR). Preguntaron por tres personas desconocidas para entregar una notificaci\u00f3n. Se negaron a identificarse y no acreditaron su car\u00e1cter oficial.<\/p>\n\n\n\n<p>Contexto de riesgo<\/p>\n\n\n\n<p>Informamos tambi\u00e9n que el domingo 18 de enero, una comisi\u00f3n de personas afectadas por las obras del Ferrocarril del Istmo de Tehuantepec, vecinas y vecinos del ejido Mogo\u00f1e Viejo, Guichicovi, dio a conocer que se alcanz\u00f3 un acuerdo con el FIT y la SICT, mediante el cual dichas instancias se desistieron de las denuncias penales interpuestas contra 14 campesinos y campesinas ayuujk, as\u00ed como contra tres integrantes de UCIZONI.<\/p>\n\n\n\n<p>Aunado a ello, tras el descarrilamiento del Ferrocarril del Istmo de Tehuantepec ocurrido el pasado 28 de diciembre, se ha registrado una creciente presencia de periodistas nacionales e internacionales en la regi\u00f3n, lo que incrementa la tensi\u00f3n y el riesgo para quienes defienden los derechos colectivos y el territorio.<\/p>\n\n\n\n<p>Exigencias<\/p>\n\n\n\n<p>Ante esta grave situaci\u00f3n, exigimos:<\/p>\n\n\n\n<p>1. La implementaci\u00f3n inmediata de medidas de protecci\u00f3n integrales y efectivas para Carlos Beas y el equipo de UCIZONI.<\/p>\n\n\n\n<p>2. El cese inmediato de todo acto de hostigamiento, intimidaci\u00f3n y vigilancia.<\/p>\n\n\n\n<p>3. Una investigaci\u00f3n pronta, seria e imparcial de los hechos denunciados.<\/p>\n\n\n\n<p>4. Garant\u00edas reales para el ejercicio de la defensa de los derechos humanos y del territorio en el Istmo de Tehuantepec.<\/p>\n\n\n\n<p>La defensa del territorio y de los derechos de los pueblos ind\u00edgenas no es un delito.<\/p>\n\n\n\n<p>El Estado tiene la obligaci\u00f3n de proteger la vida y la integridad de quienes defienden los derechos humanos.<\/p>\n\n\n\n<p>\u00a1Alto a la criminalizaci\u00f3n y a las amenazas contra UCIZONI!<\/p>\n\n\n\n<p>\u00a1Protecci\u00f3n inmediata para Carlos Beas!<\/p>\n\n\n\n<p>Atentamente,<\/p>\n\n\n\n<p>(y organizaciones, colectivos y personas firmantes)<\/p>\n\n\n\n<p>Centro de Formaci\u00f3n Para la Autonom\u00eda Teocentli, MAIZ (Movimiento Agrario Ind\u00edgena Zapatista ), colectivo Huitzil Urbano,<\/p>\n\n\n\n<p>Colectiva T\u00ebkaamp\u00eb Ayuuk Tox\u00ebjk tambi\u00e9n firma,<\/p>\n\n\n\n<p>proyecto migala, cooperativa Nutze, Raices del Camell\u00f3n en Resistencia (Xalapa, Veracruz)<\/p>\n\n\n\n<p>Coyotes del Cerro de la Galaxia (Xalapa y Banderilla, ejidal), Ollin Quetza, AC, Laboratorio Popular de Medios Libres, Mujeres Luchando por la Autonom\u00eda, Geo-grafias Comunitarias (Puebla),<\/p>\n\n\n\n<p>CDH Tepeyac del Istmo de Tehuantepec. A. C., Frente de Pueblos en Defensa de la Tierra y el Agua Morelos, Puebla, Tlaxcala, Colectivo guamachil, Je\u2019 Xo\u2019o el Ombligo<\/p>\n\n\n\n<p>Del Barrio News, Comit\u00e9 Ixtepecano en Defensa de la Vida y el Territorio, Colectiva Mujeres que Luchan por la Vida, Veracruz, Radio comunitaria ind\u00edgena Zacatepec XHSBE, Tequio Jur\u00eddico A.C., Grupo Latinoamericano de Estudios Formacion y Acci\u00f3n (Glefas), las desplazadas de San Juan Copala, COMIT\u00c9 DE VECINAS Y VECINOS EN DEFENSA DEL R\u00cdO COTAXTLA, Comunidad Ind\u00edgena Nahua Milpa Alta CNI, Consejo de Bienes Comunales Ind\u00edgena Nahua Tlacotenco, Guardia Comunal Tlacotenco. Guardia Comunal Tona, Escuela Comunal Casa del Arte Tlaixco ,ILANCUEITL danza de las Tlacualeras, Servicios para una Educaci\u00f3n Alternativa AC EDUCA, Frente Popular Revolucionario. Red Unidos por los Derechos Humanos y CNI Totonacapan, Centro de Apoyo al Movimiento Popular Oaxaque\u00f1o, A.C., Pueblos Unidos de la Regi\u00f3n Cholulteca y de los Volcanes, El Tekpatl peri\u00f3dico cr\u00edtico y de combate, Peri\u00f3dico la Flor In Xochitl In Cuicatl, Colectivo Tokalihtik Santa Cruz Tequila Veracruz M\u00e9xico, Se suma la Uni\u00f3n de Pueblos y Fraccionamientos en contra del basurero y en defensa del agua de la regi\u00f3n Cholulteca, C\u00e9lula Ana Mar\u00eda Hern\u00e1ndez del Partido de los Comunistas, Firma Perifoneo Prieto Popular a nombre de Cholollan Radio Comunitaria, Grupo de Trabajo \u00abFronteras, regionalizaci\u00f3n y globalizaci\u00f3n\u00bb del Consejo Latinoamericano de Ciencias Sociales., Red Mexicana de Acci\u00f3n frente al Libre Comercio, Observatorio Ciudadano Comunitario del Agua y Medio Ambiente de los Valles Centrales de Oaxaca (OCCAMA) Perifoneo Prieto Popular, Cholollan Radio Comunitaria, Hip\u00f3lito Rodr\u00edguez Herrero, acad\u00e9mico, Isabel Ceballos Rinc\u00f3n, artista, Comit\u00e9 en defensa del agua de san Miguel Xoxtla, Cultura Errante, Coatepec, Veracruz<\/p>\n\n\n\n<p>Promotora CNTE-Veracruz, Grupo de Apoyo para el Desarrollo de las Comunidades Mixes del Estado de Oaxaca.<\/p>\n\n\n\n<p>Uni\u00f3n Nacional de Trabajadores Agricolas de Oaxaca, Asociaci\u00f3n de productos ecologista tatexco , APETAC, Consejo Regional Ind\u00edgena y popular de Xpujil ( Cripx) Resistencia Civil de Candelaria, red mexicana de periodistas ambientales, Me red de guardianes de la naturaleza, Jorge Salazar Garc\u00eda, Veracruz, Red de Radios Ind\u00edgenas y Comunitaria del Sureste Mexicano, Bruno Baronet, PUCARL Comit\u00e9 de Patronatos del R\u00edo Carneros,. Xalapa. El Ecologista Universal, Veracruz<\/p>\n\n\n\n<p>Urbanizaci\u00f3n Salvaje<\/p>\n\n\n\n<p>Asamblea Veracruzana de Iniciativas y Defensa Ambiental, LAVIDA.<\/p>\n\n\n\n<p><\/p>\n","protected":false},"excerpt":{"rendered":"<p>A los medios de comunicaci\u00f3n A la opini\u00f3n p\u00fablica nacional e internacional A las organizaciones sociales, de derechos humanos y solidarias Al Congreso Nacional Ind\u00edgena (CNI) A los pueblos ind\u00edgenas de M\u00e9xico y del mundo Exigimos medidas inmediatas de protecci\u00f3n para el compa\u00f1ero Carlos Beas y el equipo de UCIZONI Las organizaciones, colectivos y personas [&hellip;]<\/p>\n","protected":false},"author":21,"featured_media":53378,"comment_status":"open","ping_status":"closed","sticky":false,"template":"","format":"standard","meta":{"footnotes":""},"categories":[957,51,826,958,954,935],"tags":[58,53,567,147,23,545,27,483],"class_list":["post-53377","post","type-post","status-publish","format-standard","has-post-thumbnail","hentry","category-autonomia","category-autor","category-medios-libres-2","category-megaproyectos","category-mexico","category-temas","tag-derechos-humanos","tag-justicia","tag-megaproyectos","tag-militarizacion","tag-paramilitares","tag-pueblos-indigenas","tag-solidaridad","tag-tierra-y-territorio"],"_links":{"self":[{"href":"https:\/\/radiozapatista.org\/index.php?rest_route=\/wp\/v2\/posts\/53377","targetHints":{"allow":["GET"]}}],"collection":[{"href":"https:\/\/radiozapatista.org\/index.php?rest_route=\/wp\/v2\/posts"}],"about":[{"href":"https:\/\/radiozapatista.org\/index.php?rest_route=\/wp\/v2\/types\/post"}],"author":[{"embeddable":true,"href":"https:\/\/radiozapatista.org\/index.php?rest_route=\/wp\/v2\/users\/21"}],"replies":[{"embeddable":true,"href":"https:\/\/radiozapatista.org\/index.php?rest_route=%2Fwp%2Fv2%2Fcomments&post=53377"}],"version-history":[{"count":1,"href":"https:\/\/radiozapatista.org\/index.php?rest_route=\/wp\/v2\/posts\/53377\/revisions"}],"predecessor-version":[{"id":53379,"href":"https:\/\/radiozapatista.org\/index.php?rest_route=\/wp\/v2\/posts\/53377\/revisions\/53379"}],"wp:featuredmedia":[{"embeddable":true,"href":"https:\/\/radiozapatista.org\/index.php?rest_route=\/wp\/v2\/media\/53378"}],"wp:attachment":[{"href":"https:\/\/radiozapatista.org\/index.php?rest_route=%2Fwp%2Fv2%2Fmedia&parent=53377"}],"wp:term":[{"taxonomy":"category","embeddable":true,"href":"https:\/\/radiozapatista.org\/index.php?rest_route=%2Fwp%2Fv2%2Fcategories&post=53377"},{"taxonomy":"post_tag","embeddable":true,"href":"https:\/\/radiozapatista.org\/index.php?rest_route=%2Fwp%2Fv2%2Ftags&post=53377"}],"curies":[{"name":"wp","href":"https:\/\/api.w.org\/{rel}","templated":true}]}}