{"id":53357,"date":"2026-01-19T21:55:10","date_gmt":"2026-01-20T03:55:10","guid":{"rendered":"https:\/\/radiozapatista.org\/?p=53357"},"modified":"2026-03-16T08:23:28","modified_gmt":"2026-03-16T14:23:28","slug":"convocatoria-a-las-jornadas-nacionales-e-internacionales-justicia-para-samir-y-autodeterminacion-para-los-pueblos-del-19-al-22-de-febrero-de-2026","status":"publish","type":"post","link":"https:\/\/radiozapatista.org\/?p=53357","title":{"rendered":"Convocatoria a las Jornadas Nacionales e Internacionales Justicia para Samir y autodeterminaci\u00f3n para los pueblos. Del 19 al 22 de febrero de 2026"},"content":{"rendered":"\n<p><strong>Convocatoria a las Jornadas Nacionales e Internacionales<br><\/strong><strong>Justicia para Samir y autodeterminaci\u00f3n para los pueblos<\/strong><\/p>\n\n\n\n<p><strong><em>\u201cLa justicia desde abajo solo se construir\u00e1 con memoria, rebeld\u00eda y organizaci\u00f3n\u201d<\/em><\/strong><\/p>\n\n\n\n<p>Del 19 al 22 de febrero de 2026 o como sus calendarios les acomoden<\/p>\n\n\n\n<p><strong>CONSIDERANDO<\/strong><\/p>\n\n\n\n<p>Que el 20 de febrero de 2019 fue asesinado afuera de su casa nuestro compa\u00f1ero Samir Flores Soberanes, defensor del territorio, comunicador ind\u00edgena y referente de lucha para muchas de nosotras y nosotros, por su tenacidad, humildad, creatividad, dignidad, compromiso\u2026 originario de la comunidad de Amilcingo, Morelos, nacido el 2 de agosto de 1982.<\/p>\n\n\n\n<p>Que fue asesinado 3 d\u00edas antes de la consulta impuesta por L\u00f3pez Obrador para justificar la conclusi\u00f3n del Proyecto Integral Morelos en lugar de su cancelaci\u00f3n, como lo hab\u00eda prometido en campa\u00f1a en el a\u00f1o de 2014 en Yecapixtla, Anenecuilco y Tepoztlan. Lo que constituye una sangrienta traici\u00f3n de las promesas de campa\u00f1a de un presidente que prometi\u00f3 acatar la desici\u00f3n de los pueblos y perseguir&nbsp; la justicia por encima de cualquier privigelio, pero que termin\u00f3 fundando el nuevo nido de los prianistas, morenistas y anexas, impulsando un goberno extractivista y capitalista.<\/p>\n\n\n\n<p>Que 10 d\u00edas antes de su asesinato, Samir fue se\u00f1alado junto a otr@s compa\u00f1er@s por L\u00f3pez Obrador en el Almeal, como \u201cradicales de izquierda que para mi (\u00e9l), no son m\u00e1s que conservadores\u2026&nbsp; ambientalistas financiados por los yanquis\u2026 quienes se oponen al pueblo y gobierno bueno\u2026 fueron los que no votaron por mi\u2026 promovieron el no voto\u201d. Generando un discurso de odio que fue la sentencia de muerte para nuestro compa\u00f1ero Samir.<\/p>\n\n\n\n<p>Que en M\u00e9xico vivimos en un narcoestado que, contrario a las declaraciones de los gobiernos de la 4T y ahora de Trump, son auspiciados y patrocinados por el gran capital para mantener el control de los territorios de los pueblos y justificar la militarizaci\u00f3n, invasi\u00f3n y despojo del capitalismo extractivista.<\/p>\n\n\n\n<p>Que la guerra esta en todas partes, con diferentes niveles pero el causante siempre es el mismo, el capital que despoja para convertir la muerte y destrucci\u00f3n en ganancia, lo demuestra la invasi\u00f3n a Venezuela, el asesinato de Carlos Manzo y la implementaci\u00f3n del \u201cPlan Michoacan por la Paz y la Justicia\u201d que no ha hecho mas que exacerbar la militarizaci\u00f3n y control del crimen organizado en Michoacan, los ataques con drones a la comunidad de Santa Mar\u00eda Ostula, los ataques contra la comunidad wirarika de San Lorenzo Azqueltan y el asesinato del compa\u00f1ero Marcos Aguilar, los ataques al CIPOG-EZ, la guerra contra las comunidades zapatistas y el despojo de sus tierras, entre muchos otros casos que se pueden mencionar en M\u00e9xico, el continente y el mundo.<\/p>\n\n\n\n<p>Que la f\u00f3rmula del capital <em>narcotr\u00e1fico\/militarizaci\u00f3n\/despojo<\/em> es la verdadera estrategia de la \u201cnueva\u201d <em>Doctrina Donroe<\/em>, <em>Am\u00e9rica para el capital gringo<\/em>, doctrinas colonialistas que se acompa\u00f1an en Oriente con justificaciones fundamentalistas de Irak para controlar el territorio de Palestina o de Rusia sobre Ucrania. Pretendiendo nuevamente repartirse el planera diversas potencias de Estado, bajo el pretexto de tener el derecho del mas fuerte y respetarse sus corrales entre ellos donde adentro seremos peones y piezas desechables, desaparecibles, despojadas, destruidas y reconstruidas para servir al capital.<\/p>\n\n\n\n<p>Que es este narcoestado el que mando asesinar a Samir, bajo una red que involucra al expresidente Lopez Obrador, el delegado federal Hugo Erik Flores, Manuel Bartlett como director de la CFE, el gobernador en turno Cuauhtemoc Blanco, el gobernador que hab\u00eda salido Graco Ramirez y su instrumento de divisi\u00f3n en Amilcingo, Humberto Sandoval, el fiscal de Morelos Uriel Carmona, el presidente municipal de Temoac Valentin Lavin y la ex tesorera municipal Angelina N, alias La Patrona, estos dos ultimos vinculados a la c\u00e9lula criminal Los Aparicio, quien presuntamente fueron los autores materiales del asesinato de Samir y que estan vinculados al Cartel Jalisco Nueva Generaci\u00f3n, el cartel que creci\u00f3 en todo el pa\u00eds con la llegada de L\u00f3pez Obrador al poder. Red narcopol\u00edtica que favoreci\u00f3 con el asesinato de Samir a las empresas transnacionales Elecnor, Enagas, Bonatti, Saint Gobain, Gas Natural del Noreste y ahora la empresa gringa Macquarie, entre otras.<\/p>\n\n\n\n<p>Que frente a esta estrategia local y global de terror, saqueo y destrucci\u00f3n los pueblos de M\u00e9xico y del mundo hemos luchado con memoria, rebeld\u00eda y organizaci\u00f3n para defender y fortalecer nuestra autodeterminaci\u00f3n, ese derecho natural e inalienable de los pueblos de decidir sobre su destino, las bases que occidente llama derecho internacional. Por lo que&nbsp; frente a los intereses de poderes que quieren dominar y socavar la vida como la conocemos, apropi\u00e1ndose del petroleo, litio, oro, agua y todos los bienes naturales que existen en la tierra y que los pueblos los hemos cuidado y preservado por siglos. Condenamos la intervenci\u00f3n yanqui contra Venezuela y exigimos el respeto a la autodeterminaci\u00f3n de los pueblos.<\/p>\n\n\n\n<p>Que al cumplirse 7 a\u00f1os del asesinato de nuestro compa\u00f1ero Samir Flores y 30 de la fundaci\u00f3n del Congreso Nacional Ind\u00edgena es preciso hacer un esfuerzo por juntar nuestras voces, cabezas y corazones para seguir trazando el mejor camino a la construcci\u00f3n de la justicia desde abajo y el respeto a la autodeterminaci\u00f3n de los pueblos, porque de arriba solo vendra guerra, muerte, despojo y destrucci\u00f3n, y de nosotros la justicia desde abajo y los caminos de vida, por lo que<\/p>\n\n\n\n<p><strong>CONVOCAMOS<\/strong><\/p>\n\n\n\n<p>A los pueblos, organizaciones, colectivos, grupos, artistas, acad\u00e9micos, mujeres feministas, familiares de desaparecid@s y asesinad@s, familiares de pres@s pol\u00edtic@s y a todas y todos en lo individual y lo colectivo a juntarnos este <strong><em>19, 20, 21 y 22 de febrero a las Jornadas Nacionales e Internacionales \u201cJusticia para Samir y autodeterminaci\u00f3n para los pueblos\u201d<\/em><\/strong>, a realizarse en cada uno de sus territorios donde proponemos como agenda com\u00fan:<\/p>\n\n\n\n<p><strong>19 de febrero.<\/strong> Para nombrar a nuestr@s muert@s, desaparecidas y desaparecidos, presas y presos injustamente y gritar en comun el sistema de injusticia al que nos quieren condicionar.<\/p>\n\n\n\n<p><strong>20 de febrero.<\/strong> Para conmemorar con vida y dignidad a nuestro compa\u00f1ero Samir Flores Soberanes. Se convoca a la realizaci\u00f3n de murales art\u00edsticos y comunitarios, canciones, actos culturales, acciones, propaganda y difusi\u00f3n sobre quien era Samir y porque luchan los pueblos del volc\u00e1n, de M\u00e9xico y del mundo.<\/p>\n\n\n\n<p><strong>21 y 22 de febrero.<\/strong> Para denunciar los megaproyectos y realizar acciones en defensa de la vida<\/p>\n\n\n\n<p>Les invitamos a suscribir esta convocatoria y registrar sus actividades al correo electronico cnicomunicacion@gmail.com, antes del 10 de febrero para su difusi\u00f3n conjunta.<\/p>\n\n\n\n<p>Frente de Pueblos en Defensa de la Tierra y el Agua Morelos, Puebla, Tlaxcala<br>Congreso Nacional Ind\u00edgena<br>Ej\u00e9rcito Zapatista de Liberaci\u00f3n Nacional<\/p>\n\n\n<div class=\"wp-block-image\">\n<figure class=\"aligncenter\"><img decoding=\"async\" src=\"https:\/\/i0.wp.com\/enlacezapatista.ezln.org.mx\/wp-content\/uploads\/2026\/01\/signal-2026-01-14-01-09-12-246.jpg?resize=494%2C640&amp;ssl=1\" alt=\"\" class=\"wp-image-25813\"\/><\/figure>\n<\/div>","protected":false},"excerpt":{"rendered":"<p>Convocatoria a las Jornadas Nacionales e InternacionalesJusticia para Samir y autodeterminaci\u00f3n para los pueblos \u201cLa justicia desde abajo solo se construir\u00e1 con memoria, rebeld\u00eda y organizaci\u00f3n\u201d Del 19 al 22 de febrero de 2026 o como sus calendarios les acomoden CONSIDERANDO Que el 20 de febrero de 2019 fue asesinado afuera de su casa nuestro [&hellip;]<\/p>\n","protected":false},"author":21,"featured_media":53358,"comment_status":"open","ping_status":"closed","sticky":false,"template":"","format":"standard","meta":{"footnotes":""},"categories":[957,51,1024,118,955,958,954,935],"tags":[58,53,567,147,545,87,148,483],"class_list":["post-53357","post","type-post","status-publish","format-standard","has-post-thumbnail","hentry","category-autonomia","category-autor","category-cni-temas","category-ezln","category-ezln-temas","category-megaproyectos","category-mexico","category-temas","tag-derechos-humanos","tag-justicia","tag-megaproyectos","tag-militarizacion","tag-pueblos-indigenas","tag-represion","tag-resistencia","tag-tierra-y-territorio"],"_links":{"self":[{"href":"https:\/\/radiozapatista.org\/index.php?rest_route=\/wp\/v2\/posts\/53357","targetHints":{"allow":["GET"]}}],"collection":[{"href":"https:\/\/radiozapatista.org\/index.php?rest_route=\/wp\/v2\/posts"}],"about":[{"href":"https:\/\/radiozapatista.org\/index.php?rest_route=\/wp\/v2\/types\/post"}],"author":[{"embeddable":true,"href":"https:\/\/radiozapatista.org\/index.php?rest_route=\/wp\/v2\/users\/21"}],"replies":[{"embeddable":true,"href":"https:\/\/radiozapatista.org\/index.php?rest_route=%2Fwp%2Fv2%2Fcomments&post=53357"}],"version-history":[{"count":1,"href":"https:\/\/radiozapatista.org\/index.php?rest_route=\/wp\/v2\/posts\/53357\/revisions"}],"predecessor-version":[{"id":53359,"href":"https:\/\/radiozapatista.org\/index.php?rest_route=\/wp\/v2\/posts\/53357\/revisions\/53359"}],"wp:featuredmedia":[{"embeddable":true,"href":"https:\/\/radiozapatista.org\/index.php?rest_route=\/wp\/v2\/media\/53358"}],"wp:attachment":[{"href":"https:\/\/radiozapatista.org\/index.php?rest_route=%2Fwp%2Fv2%2Fmedia&parent=53357"}],"wp:term":[{"taxonomy":"category","embeddable":true,"href":"https:\/\/radiozapatista.org\/index.php?rest_route=%2Fwp%2Fv2%2Fcategories&post=53357"},{"taxonomy":"post_tag","embeddable":true,"href":"https:\/\/radiozapatista.org\/index.php?rest_route=%2Fwp%2Fv2%2Ftags&post=53357"}],"curies":[{"name":"wp","href":"https:\/\/api.w.org\/{rel}","templated":true}]}}