{"id":53160,"date":"2025-12-23T14:16:56","date_gmt":"2025-12-23T20:16:56","guid":{"rendered":"https:\/\/radiozapatista.org\/?p=53160"},"modified":"2025-12-23T14:16:57","modified_gmt":"2025-12-23T20:16:57","slug":"comunicado-urgente-sobre-la-violenta-agresion-sufrida-por-comuneras-y-comuneros-de-milpa-alta-en-el-intento-del-gobierno-de-la-ciudad-de-mexico-para-imponer-en-sus-tierras-un-proyecto-de-cablebus","status":"publish","type":"post","link":"https:\/\/radiozapatista.org\/?p=53160","title":{"rendered":"Comunicado urgente sobre la violenta agresi\u00f3n sufrida por comuneras y comuneros de Milpa Alta en el intento del gobierno de la ciudad de M\u00e9xico para imponer en sus tierras un proyecto de cableb\u00fas"},"content":{"rendered":"\n<p>A los pueblos de M\u00e9xico y del mundo,<\/p>\n\n\n\n<p>A los organismos y colectivos defensores de derechos humanos,<\/p>\n\n\n\n<p>A las Redes de Resistencia y Rebeld\u00eda,<\/p>\n\n\n\n<p>A la Sexta Nacional e Internacional,<\/p>\n\n\n\n<p>A l@s firmantes de Una Declaraci\u00f3n por la Vida en los cinco continentes,<\/p>\n\n\n\n<p>A la Europa Insumisa, Digna y Rebelde,<\/p>\n\n\n\n<p>A los medios libres e independientes,<\/p>\n\n\n\n<p>Con indignaci\u00f3n denunciamos que este 21 de diciembre de 2025, comuneras y comuneros de la Comunidad Nahua de Milpa Alta fueron brutalmente agredidos por un grupo de choque que opera al interior de la comunidad y que es encabezado por LUIS LINARES CASTRO, corrupto pseudodirigente agrario en dicha comunidad que se ha enriquecido administrando para su beneficio los recursos y brigadas forestales del programa altepetl bienestar para el bosque manejado por el Gobierno de la Ciudad de M\u00e9xico.<\/p>\n\n\n\n<p>Lo anterior ocurri\u00f3 cuando un numeroso grupo de comuneros y comuneras de los nueve pueblos que integran la Comunidad Nahua de Milpa Alta se manifestaron para tratar de frenar una consulta simulada que este siniestro sujeto y el Gobierno de la Ciudad de M\u00e9xico, organizaron en el pueblo de San Francisco Tecoxpa (uno de los nueve pueblos que integran la Comunidad) para intentar imponer un proyecto del transporte colectivo cableb\u00fas en las tierras de Milpa Alta. En estos acontecimientos fueron brutalmente golpeadas cinco comuneras por un violento grupo de hombres que pertenecen a las brigadas forestales de JOS\u00c9 LUIS LINARES; del mismo modo, cinco comuneros resultaron tambi\u00e9n lesionados, algunos incluso con fracturas.<\/p>\n\n\n\n<p>Ante estos hechos indignantes que est\u00e1n generando confrontaci\u00f3n y violencia al interior de la Comunidad de Milpa Alta y que se originan en el intento del Gobierno de la Ciudad de M\u00e9xico por tratar de imponer un proyecto de infraestructura en el territorio de la Comunidad para forzar el despojo de sus tierras comunales y su integraci\u00f3n forzada a la mancha urbana; ante las consultas simuladas orquestadas desde los gobiernos en complicidad con caciques y grupos de choque serviles a sus intereses, EXIGIMOS EL CASTIGO INMEDIATO DE JOS\u00c9 LUIS LINARES CASTRO Y SU GRUPO DE CHOQUE, Y DE TODOS LOS FUNCIONARIOS DE GOBIERNO INVOLUCRADOS EN LOS HECHOS VIOLENTOS ANTES DENUNCIADOS, AS\u00cd COMO LA CANCELACI\u00d3N DEL PROYECTO DE TRANSPORTE COLECTIVO CABLEB\u00daS EN LAS TIERRAS Y TERRITORIOS DE LA COMUNIDAD DE MILPA ALTA.<\/p>\n\n\n\n<p>Llamamos a los pueblos originarios, a las comunidades en resistencia y a la sociedad consciente, a levantar la voz exigiendo justicia para la Comunidad Ind\u00edgena Nahua de Milpa Alta porque su lucha en defensa de la Madre Tierra es la lucha por a vida.<\/p>\n\n\n\n<p><strong>ATENTAMENTE<\/strong><\/p>\n\n\n\n<p><strong>DICIEMBRE DE 2025.<\/strong><\/p>\n\n\n\n<p><strong>POR LA RECONSTITUCI\u00d3N INTEGRAL DE NUESTROS PUEBLOS<\/strong><\/p>\n\n\n\n<p><strong>NUNCA M\u00c1S UN M\u00c9XICO SIN NOSOTROS<\/strong><\/p>\n\n\n\n<p><strong>CONGRESO NACIONAL IND\u00cdGENA \u2013 CONCEJO IND\u00cdGENA DE GOBIERNO<\/strong><\/p>\n\n\n\n<p><\/p>\n","protected":false},"excerpt":{"rendered":"<p>A los pueblos de M\u00e9xico y del mundo, A los organismos y colectivos defensores de derechos humanos, A las Redes de Resistencia y Rebeld\u00eda, A la Sexta Nacional e Internacional, A l@s firmantes de Una Declaraci\u00f3n por la Vida en los cinco continentes, A la Europa Insumisa, Digna y Rebelde, A los medios libres e [&hellip;]<\/p>\n","protected":false},"author":21,"featured_media":53161,"comment_status":"open","ping_status":"closed","sticky":false,"template":"","format":"standard","meta":{"footnotes":""},"categories":[957,51,943,958,954,935],"tags":[58,53,567,147,545,87,148,27,483],"class_list":["post-53160","post","type-post","status-publish","format-standard","has-post-thumbnail","hentry","category-autonomia","category-autor","category-cni","category-megaproyectos","category-mexico","category-temas","tag-derechos-humanos","tag-justicia","tag-megaproyectos","tag-militarizacion","tag-pueblos-indigenas","tag-represion","tag-resistencia","tag-solidaridad","tag-tierra-y-territorio"],"_links":{"self":[{"href":"https:\/\/radiozapatista.org\/index.php?rest_route=\/wp\/v2\/posts\/53160","targetHints":{"allow":["GET"]}}],"collection":[{"href":"https:\/\/radiozapatista.org\/index.php?rest_route=\/wp\/v2\/posts"}],"about":[{"href":"https:\/\/radiozapatista.org\/index.php?rest_route=\/wp\/v2\/types\/post"}],"author":[{"embeddable":true,"href":"https:\/\/radiozapatista.org\/index.php?rest_route=\/wp\/v2\/users\/21"}],"replies":[{"embeddable":true,"href":"https:\/\/radiozapatista.org\/index.php?rest_route=%2Fwp%2Fv2%2Fcomments&post=53160"}],"version-history":[{"count":1,"href":"https:\/\/radiozapatista.org\/index.php?rest_route=\/wp\/v2\/posts\/53160\/revisions"}],"predecessor-version":[{"id":53162,"href":"https:\/\/radiozapatista.org\/index.php?rest_route=\/wp\/v2\/posts\/53160\/revisions\/53162"}],"wp:featuredmedia":[{"embeddable":true,"href":"https:\/\/radiozapatista.org\/index.php?rest_route=\/wp\/v2\/media\/53161"}],"wp:attachment":[{"href":"https:\/\/radiozapatista.org\/index.php?rest_route=%2Fwp%2Fv2%2Fmedia&parent=53160"}],"wp:term":[{"taxonomy":"category","embeddable":true,"href":"https:\/\/radiozapatista.org\/index.php?rest_route=%2Fwp%2Fv2%2Fcategories&post=53160"},{"taxonomy":"post_tag","embeddable":true,"href":"https:\/\/radiozapatista.org\/index.php?rest_route=%2Fwp%2Fv2%2Ftags&post=53160"}],"curies":[{"name":"wp","href":"https:\/\/api.w.org\/{rel}","templated":true}]}}