{"id":53151,"date":"2025-12-20T14:42:49","date_gmt":"2025-12-20T20:42:49","guid":{"rendered":"https:\/\/radiozapatista.org\/?p=53151"},"modified":"2025-12-20T14:42:51","modified_gmt":"2025-12-20T20:42:51","slug":"cuatro-anos-de-impunidad-de-las-graves-violaciones-a-los-derechos-humanos-hacia-familias-de-la-comunidad-nueva-palestina","status":"publish","type":"post","link":"https:\/\/radiozapatista.org\/?p=53151","title":{"rendered":"Cuatro a\u00f1os de impunidad de las graves violaciones a los derechos humanos hacia familias de la comunidad Nueva Palestina"},"content":{"rendered":"\n<p>San Crist\u00f3bal de Las Casas, Chiapas<\/p>\n\n\n\n<p>17 de diciembre del 2025<\/p>\n\n\n\n<p><strong>Bolet\u00edn No. 12<\/strong><\/p>\n\n\n\n<p><strong>4 a\u00f1os de impunidad de las graves violaciones a los derechos humanos hacia familias de la comunidad Nueva Palestina<\/strong><\/p>\n\n\n\n<ul class=\"wp-block-list\">\n<li><strong>Sin la reparaci\u00f3n integral del da\u00f1o causado por el desplazamiento forzado y la continua criminalizaci\u00f3n de las personas defensoras, no hay\u00a0justicia ni\u00a0paz.<\/strong><\/li>\n<\/ul>\n\n\n\n<p>Entre los d\u00edas 15 y 16 de diciembre de 2021, la familia extensa Velasco Garc\u00eda sufri\u00f3 una serie de agresiones tumultuarias en la comunidad Nueva Palestina, del municipio de Ocosingo, Chiapas. Derivado de estos hechos se encuentran desplazadas 34 personas (22 de ellas ni\u00f1as, ni\u00f1os y adolescentes), adem\u00e1s de haberse cometido graves violaciones a derechos humanos como privaciones arbitrarias de la libertad, tortura sexual y tratos crueles inhumanos o degradantes, y la desaparici\u00f3n forzada de Fredy G\u00f3mez S\u00e1ntiz (Fredy).<\/p>\n\n\n\n<p>A cuatro a\u00f1os de haberse cumplido estas m\u00faltiples violaciones a derechos humanos el Centro de Derechos Humanos Fray Bartolom\u00e9 de Las Casas (Frayba) se\u00f1ala el abandono y la falta de atenci\u00f3n de los gobiernos federal, estatal y local para resarcir los derechos de las familias Mayas Tseltales y Tsotsiles.<\/p>\n\n\n\n<p>El atentado hacia las familias ocurri\u00f3 debido a que Versa\u00edn Velasco Garc\u00eda (Versa\u00edn) hab\u00eda acudido a la Fiscal\u00eda de Justicia Ind\u00edgena y a la Delegaci\u00f3n de Gobierno Estatal, del municipio de Ocosingo, Chiapas para denunciar la detenci\u00f3n ilegal comunitaria de cinco j\u00f3venes a quienes se amenazaba de ser linchados por ser acusados del delito de robo.<\/p>\n\n\n\n<p>Su movilizaci\u00f3n gener\u00f3 el descontento entre las autoridades de la comunidad, polic\u00edas comunitarios y civiles armados quienes incentivaron abiertamente el linchamiento de Versa\u00edn y su familia, bajo el argumento de que \u201cse dedica a defender delincuentes\u201d.<\/p>\n\n\n\n<p>Las agresiones tumultuarias fueron cometidas la noche del 15 de diciembre y durante el d\u00eda del 16 de diciembre, las cu\u00e1les dejaron una secuela de graves violaciones a derechos humanos que se contin\u00faan perpetuado a 4 a\u00f1os de los hechos.<\/p>\n\n\n\n<p>A lo anterior se suma la persecuci\u00f3n y criminalizaci\u00f3n que realiza la Fiscal\u00eda General del Estado (FGE) al defensor de derechos humanos Versa\u00edn, quien fue detenido arbitrariamente el 10 de enero del 2022. La FGE lo acus\u00f3 de los delitos de homicidio en grado de tentativa y homicidio calificado, y bajo un proceso judicial lleno de irregularidades y de notables violaciones procesales en su juicio, finalmente fue sentenciado el 12 de enero del 2024 por el Juez de Enjuiciamiento del Distrito Judicial de Ocosingo quien lo conden\u00f3 a 58 a\u00f1os y 4 meses de prisi\u00f3n, decisi\u00f3n que fue apelada y en junio del 2024, el Tribunal de Alzada de San Crist\u00f3bal de Las Casas, confirm\u00f3 la sentencia.<\/p>\n\n\n\n<p>A la fecha contin\u00faa desaparecido el joven Fredy y sobreviven en desplazamiento forzado interno 34 personas, sin atenci\u00f3n humanitaria emergente y sin acceso a la justicia. Parad\u00f3jicamente la FGE lejos de garantizar verdad y justicia para las familias, las persigue e incentiva la impunidad para las personas responsables de las violaciones sistem\u00e1ticas.<\/p>\n\n\n\n<p>Lo anterior es as\u00ed, ya que, en el caso de la desaparici\u00f3n de Fredy, despu\u00e9s de 3 a\u00f1os y medio, se pudo judicializar la investigaci\u00f3n y consecuentemente la emisi\u00f3n de \u00f3rdenes de aprehensi\u00f3n, sin embargo, a la fecha no se han ejecutado, lo que evidencia la impunidad institucionalizada.<\/p>\n\n\n\n<p>Desde el Frayba hacemos un llamado urgente a las autoridades federales y estatales para que en el \u00e1mbito de sus responsabilidades de manera efectiva brinden un plan de atenci\u00f3n integral que incluya:<\/p>\n\n\n\n<ul class=\"wp-block-list\">\n<li>Atenci\u00f3n humanitaria a las familias mientras el desplazamiento forzado interno contin\u00fae y no exista una soluci\u00f3n definitiva;<\/li>\n\n\n\n<li>Se garantice investigaciones imparciales y exhaustivas por las denuncias se\u00f1aladas en la Unidad de Investigaci\u00f3n del Delito de Tortura dependiente de la Fiscal\u00eda de Derechos Humanos, y la en la Fiscal\u00eda de Justicia Ind\u00edgena.<\/li>\n\n\n\n<li>Garantizar la b\u00fasqueda, dando con la suerte y paradero del joven Fredy G\u00f3mez S\u00e1ntiz.<\/li>\n\n\n\n<li>Castigo a las personas responsables de los delitos y de las graves violaciones a derechos humanos.<\/li>\n\n\n\n<li>Libertad inmediata del Defensor de Derechos Humanos Versa\u00edn Velasco Garc\u00eda.<\/li>\n<\/ul>\n\n\n\n<p>Mientras las familias contin\u00faen desplazadas y se criminalice a los defensores de derechos humanos, no exista verdad y justicia para las familias que buscan a sus desaparecidos, en Chiapas no habr\u00e1 transformaci\u00f3n ni paz para los pueblos y comunidades.<\/p>\n\n\n\n<p><a href=\"https:\/\/frayba.org.mx\/sites\/default\/files\/2025-12\/251217_boletin_12_nva-palestina_f_1.pdf\">Descarga el Bolet\u00edn No. 12 en PDF <\/a>(248.56 KB)<\/p>\n","protected":false},"excerpt":{"rendered":"<p>San Crist\u00f3bal de Las Casas, Chiapas 17 de diciembre del 2025 Bolet\u00edn No. 12 4 a\u00f1os de impunidad de las graves violaciones a los derechos humanos hacia familias de la comunidad Nueva Palestina Entre los d\u00edas 15 y 16 de diciembre de 2021, la familia extensa Velasco Garc\u00eda sufri\u00f3 una serie de agresiones tumultuarias en [&hellip;]<\/p>\n","protected":false},"author":21,"featured_media":53152,"comment_status":"open","ping_status":"closed","sticky":false,"template":"","format":"standard","meta":{"footnotes":""},"categories":[957,51,6,55,954,935],"tags":[58,53,147,23,545,87,148,27],"class_list":["post-53151","post","type-post","status-publish","format-standard","has-post-thumbnail","hentry","category-autonomia","category-autor","category-chiapas","category-frayba","category-mexico","category-temas","tag-derechos-humanos","tag-justicia","tag-militarizacion","tag-paramilitares","tag-pueblos-indigenas","tag-represion","tag-resistencia","tag-solidaridad"],"_links":{"self":[{"href":"https:\/\/radiozapatista.org\/index.php?rest_route=\/wp\/v2\/posts\/53151","targetHints":{"allow":["GET"]}}],"collection":[{"href":"https:\/\/radiozapatista.org\/index.php?rest_route=\/wp\/v2\/posts"}],"about":[{"href":"https:\/\/radiozapatista.org\/index.php?rest_route=\/wp\/v2\/types\/post"}],"author":[{"embeddable":true,"href":"https:\/\/radiozapatista.org\/index.php?rest_route=\/wp\/v2\/users\/21"}],"replies":[{"embeddable":true,"href":"https:\/\/radiozapatista.org\/index.php?rest_route=%2Fwp%2Fv2%2Fcomments&post=53151"}],"version-history":[{"count":1,"href":"https:\/\/radiozapatista.org\/index.php?rest_route=\/wp\/v2\/posts\/53151\/revisions"}],"predecessor-version":[{"id":53153,"href":"https:\/\/radiozapatista.org\/index.php?rest_route=\/wp\/v2\/posts\/53151\/revisions\/53153"}],"wp:featuredmedia":[{"embeddable":true,"href":"https:\/\/radiozapatista.org\/index.php?rest_route=\/wp\/v2\/media\/53152"}],"wp:attachment":[{"href":"https:\/\/radiozapatista.org\/index.php?rest_route=%2Fwp%2Fv2%2Fmedia&parent=53151"}],"wp:term":[{"taxonomy":"category","embeddable":true,"href":"https:\/\/radiozapatista.org\/index.php?rest_route=%2Fwp%2Fv2%2Fcategories&post=53151"},{"taxonomy":"post_tag","embeddable":true,"href":"https:\/\/radiozapatista.org\/index.php?rest_route=%2Fwp%2Fv2%2Ftags&post=53151"}],"curies":[{"name":"wp","href":"https:\/\/api.w.org\/{rel}","templated":true}]}}