{"id":53142,"date":"2025-12-12T15:29:50","date_gmt":"2025-12-12T21:29:50","guid":{"rendered":"https:\/\/radiozapatista.org\/?p=53142"},"modified":"2025-12-12T15:33:41","modified_gmt":"2025-12-12T21:33:41","slug":"caso-antonio-gonzalez-mendez-ante-la-corte-idh-a-un-ano-de-la-sentencia-acciones-del-estado-sin-diligencia-ni-eficacia","status":"publish","type":"post","link":"https:\/\/radiozapatista.org\/?p=53142","title":{"rendered":"Caso Antonio Gonz\u00e1lez M\u00e9ndez ante la Corte IDH: a un a\u00f1o de la Sentencia acciones del Estado sin diligencia ni eficacia"},"content":{"rendered":"<p class=\"has-text-align-right\">San Crist\u00f3bal de Las Casas, Chiapas, M\u00e9xico<br>12 de diciembre de 2025<\/p>\n\n\n\n<p class=\"has-text-align-right\"><strong>Bolet\u00edn de prensa No. 11<\/strong><\/p>\n\n\n\n<p class=\"has-text-align-center\"><strong>&nbsp;<br>Caso Antonio Gonz\u00e1lez M\u00e9ndez ante la Corte IDH: a un a\u00f1o de la Sentencia hist\u00f3rica<br>ni las investigaciones ni las acciones de b\u00fasqueda han sido diligentes y eficaces<\/strong><\/p>\n\n\n\n<ul class=\"wp-block-list\">\n<li><strong>El cumplimiento de la sentencia no ha sido debidamente priorizado por el Estado mexicano.<\/strong><\/li>\n<\/ul>\n\n\n\n<p>El 12 de diciembre de 2024, la Corte Interamericana de Derechos Humanos (Corte IDH) notific\u00f3 su sentencia de condena al Estado mexicano por la desaparici\u00f3n forzada de Antonio Gonz\u00e1lez M\u00e9ndez Base de Apoyo del EZLN, desaparecido el 18 de enero de 1999, en el municipio de Sabanilla, Chiapas, por integrantes del grupo paramilitar \u201cOrganizaci\u00f3n Desarrollo Paz y Justicia\u201d en el marco de la puesta en marcha del contexto de violencia contrainsurgente a trav\u00e9s de la implementaci\u00f3n del Plan de Campa\u00f1a Chiapas 94.<\/p>\n\n\n\n<p>La Sentencia reafirm\u00f3 que las desapariciones forzadas cometidas en el contexto del Conflicto Armado Interno, iniciado el 1 de enero de 1994, no prescriben y obliga al Estado mexicano a dar cuentas y lo que representa un precedente hist\u00f3rico para otras v\u00edctimas de graves violaciones de derechos humanos.<\/p>\n\n\n\n<p>Pr\u00f3ximos a cumplirse 27 a\u00f1os de su desaparici\u00f3n, el Estado mexicano contin\u00faa con simples tr\u00e1mites administrativos, superficiales, encaminadas a ser una investigaci\u00f3n infructuosa; tanto la b\u00fasqueda como las investigaciones no han sido diligentes y eficaces para dar con el paradero de Antonio Gonz\u00e1lez M\u00e9ndez. Lo que para la Fiscal\u00eda Estatal es la hip\u00f3tesis de la desaparici\u00f3n a manos de grupo paramilitar devela un caso que sigue sin ser clarificado, se sigue sin tomar en cuenta la sentencia de la Corte IDH que ya da por hecho esta hip\u00f3tesis y adem\u00e1s responsabiliza al Estado mexicano por impulsar a los grupos paramilitares en la zona; todo esto genera dudas sobre la seriedad del compromiso Estatal. Es fundamental esclarecer plenamente lo ocurrido e individualizar, juzgar y, en su caso, sancionar a todos los autores intelectuales y materiales de este crimen de lesa humanidad.<\/p>\n\n\n\n<p>La obligaci\u00f3n del gobierno de M\u00e9xico no debe quedar en actos simb\u00f3licos o en simple papel; la investigaci\u00f3n debe contener l\u00edneas claras que identifique a los responsables, tanto materiales como intelectuales, y los procese conforme a los est\u00e1ndares de derechos humanos.<\/p>\n\n\n\n<p>La persistente impunidad y el incumplimiento parcial de la Sentencia de la Corte IDH evidencian las enormes dificultades para traducir un fallo internacional en transformaciones reales y palpables. El eje central sigue siendo la localizaci\u00f3n de Antonio Gonz\u00e1lez M\u00e9ndez y la realizaci\u00f3n de una investigaci\u00f3n profesional, cient\u00edfica y aut\u00f3noma que garantice justicia y verdad. Este caso no solo refleja la deuda pendiente con su familia, sino que expone de manera cruda la crisis estructural de derechos humanos, justicia e impunidad que atraviesa M\u00e9xico.<\/p>\n\n\n\n<p>El Estado mexicano tiene la obligaci\u00f3n de materializar las reformas estructurales ordenadas por la Corte IDH: un registro nacional y actualizado de personas desaparecidas, programas eficaces de prevenci\u00f3n, formaci\u00f3n especializada para investigar cr\u00edmenes de Estado, y pol\u00edticas p\u00fablicas que reconozcan los derechos colectivos de los pueblos originarios bajo un enfoque integral de derechos humanos. No se trata \u00fanicamente de cumplir con una sentencia, sino de transformar las instituciones para que nunca m\u00e1s se repitan estas violaciones.<\/p>\n\n\n\n<p>Desde el Frayba, junto con la familia de Antonio Gonz\u00e1lez M\u00e9ndez, seguiremos insistiendo en que la justicia se cumpla en su totalidad. Persistiremos en la b\u00fasqueda de la verdad y en la exigencia de justicia, porque solo as\u00ed se podr\u00e1 honrar la memoria de Antonio y abrir camino hacia un M\u00e9xico donde la impunidad no sea la regla, sino la excepci\u00f3n. Esta lucha, es tambi\u00e9n la lucha por todas las personas desaparecidas y por la dignidad de los pueblos que reclaman verdad, justicia y no repetici\u00f3n.<\/p>\n\n\n\n<p><a href=\"https:\/\/frayba.org.mx\/sites\/default\/files\/2025-12\/251205_boletin_11_agm_final.pdf\">Descarga el Bolet\u00edn No. 11 en PDF<\/a> (188.59 KB)<\/p>","protected":false},"excerpt":{"rendered":"<p>San Crist\u00f3bal de Las Casas, Chiapas, M\u00e9xico12 de diciembre de 2025 Bolet\u00edn de prensa No. 11 &nbsp;Caso Antonio Gonz\u00e1lez M\u00e9ndez ante la Corte IDH: a un a\u00f1o de la Sentencia hist\u00f3ricani las investigaciones ni las acciones de b\u00fasqueda han sido diligentes y eficaces El 12 de diciembre de 2024, la Corte Interamericana de Derechos Humanos [&hellip;]<\/p>\n","protected":false},"author":1,"featured_media":53143,"comment_status":"open","ping_status":"closed","sticky":false,"template":"","format":"standard","meta":{"footnotes":""},"categories":[6,955,55],"tags":[235,58,244,682,198,53,23],"class_list":["post-53142","post","type-post","status-publish","format-standard","has-post-thumbnail","hentry","category-chiapas","category-ezln-temas","category-frayba","tag-contrainsurgencia","tag-derechos-humanos","tag-desaparecidos","tag-desaparicion-forzada","tag-impunidad","tag-justicia","tag-paramilitares"],"_links":{"self":[{"href":"https:\/\/radiozapatista.org\/index.php?rest_route=\/wp\/v2\/posts\/53142","targetHints":{"allow":["GET"]}}],"collection":[{"href":"https:\/\/radiozapatista.org\/index.php?rest_route=\/wp\/v2\/posts"}],"about":[{"href":"https:\/\/radiozapatista.org\/index.php?rest_route=\/wp\/v2\/types\/post"}],"author":[{"embeddable":true,"href":"https:\/\/radiozapatista.org\/index.php?rest_route=\/wp\/v2\/users\/1"}],"replies":[{"embeddable":true,"href":"https:\/\/radiozapatista.org\/index.php?rest_route=%2Fwp%2Fv2%2Fcomments&post=53142"}],"version-history":[{"count":2,"href":"https:\/\/radiozapatista.org\/index.php?rest_route=\/wp\/v2\/posts\/53142\/revisions"}],"predecessor-version":[{"id":53146,"href":"https:\/\/radiozapatista.org\/index.php?rest_route=\/wp\/v2\/posts\/53142\/revisions\/53146"}],"wp:featuredmedia":[{"embeddable":true,"href":"https:\/\/radiozapatista.org\/index.php?rest_route=\/wp\/v2\/media\/53143"}],"wp:attachment":[{"href":"https:\/\/radiozapatista.org\/index.php?rest_route=%2Fwp%2Fv2%2Fmedia&parent=53142"}],"wp:term":[{"taxonomy":"category","embeddable":true,"href":"https:\/\/radiozapatista.org\/index.php?rest_route=%2Fwp%2Fv2%2Fcategories&post=53142"},{"taxonomy":"post_tag","embeddable":true,"href":"https:\/\/radiozapatista.org\/index.php?rest_route=%2Fwp%2Fv2%2Ftags&post=53142"}],"curies":[{"name":"wp","href":"https:\/\/api.w.org\/{rel}","templated":true}]}}