{"id":53139,"date":"2025-12-12T15:23:46","date_gmt":"2025-12-12T21:23:46","guid":{"rendered":"https:\/\/radiozapatista.org\/?p=53139"},"modified":"2025-12-12T15:23:47","modified_gmt":"2025-12-12T21:23:47","slug":"noticias-de-abajo-11-de-diciembre-2025","status":"publish","type":"post","link":"https:\/\/radiozapatista.org\/?p=53139","title":{"rendered":"Noticias de Abajo\u00a0&#8211; 11 de diciembre 2025"},"content":{"rendered":"<p><iframe src=\"https:\/\/www.ivoox.com\/player_ej_164172371_6_1.html?c1=d2353b\" width=\"100%\" height=\"200\" frameborder=\"0\" allowfullscreen=\"\" scrolling=\"no\" loading=\"lazy\"><\/iframe><\/p>\n\n\n<p><strong>MUNDO MUNDIAL: <\/strong><\/p>\n\n\n\n<p>BALANCE 2025 de periodistas asesinados, encarcelados, secuestrados y desaparecidos en el mundo.<br>Fuente: Reporteros sin fronteras. RSF <a href=\"https:\/\/rsf-es.org\/balance-2025-el-odio-y-la-impunidad-hacen-de-2025-un-ano-mortifero-para-los-periodistas\/\" target=\"_blank\" rel=\"noreferrer noopener\">https:\/\/rsf-es.org\/balance-2025-el-odio-y-la-impunidad-hacen-de-2025-un-ano-mortifero-para-los-periodistas\/<\/a><br><br>KURDISTAN: En las monta\u00f1as del Kurdist\u00e1n, los luchadores por la libertad celebraron el aniversario de la fundaci\u00f3n del Partido de los Trabajadores del Kurdist\u00e1n (PKK) el 27 de noviembre de 1978. Declaraci\u00f3n del partido en su 47\u00ba aniversario.<br>Fuente: Kurdlat y ANF en epa\u00f1ol.<br><a href=\"https:\/\/kurdlat.com\/liderazgo-del-movimiento-kurdo-celebra-el-dia-nacional-de-la-resistencia\/\" target=\"_blank\" rel=\"noreferrer noopener\">https:\/\/kurdlat.com\/liderazgo-del-movimiento-kurdo-celebra-el-dia-nacional-de-la-resistencia\/<\/a><br><br>HONDURAS: Profunda crisis de justicia y democracia. Mientras el pueblo sigue resistiendo, el indulto otorgado al criminal y opresor Juan Orlando Hern\u00e1ndez por parte de Trump deja al descubierto la farsa de la supuesta \u201cpol\u00edtica antidrogas\u201d.<br><a href=\"https:\/\/www.facebook.com\/reel\/850656557831672\" target=\"_blank\" rel=\"noreferrer noopener\">https:\/\/www.facebook.com\/reel\/850656557831672<\/a><br><a href=\"https:\/\/prensacomunitaria.org\/2025\/11\/analisis-el-dinero-tambien-explica-la-intervencion-de-trump-y-sus-acolitos-en-la-eleccion-de-honduras\/\" target=\"_blank\" rel=\"noreferrer noopener\">https:\/\/prensacomunitaria.org\/2025\/11\/analisis-el-dinero-tambien-explica-la-intervencion-de-trump-y-sus-acolitos-en-la-eleccion-de-honduras\/<\/a><br><br><strong>M\u00c9XICO:<\/strong><\/p>\n\n\n\n<p>MICHOACAN: Comunicado de la comunidad de Santa Mar\u00eda Ostula sobre atentado con coche bomba: &#8220;CONDENAMOS EL TERROR CRIMINAL CONTRA LOS PUEBLOS Y COMUNIDADES DE LA COSTA-SIERRA DE MICHOAC\u00c1N, EXIGIMOS PAZ Y JUSTICIA VERDADERAS, NO DE PURA PALABRA.&#8221; Comunidades #nahuas exigen justicia y garant\u00edas para sus polic\u00edas comunitarias tras el ataque que dej\u00f3 varios muertos <a href=\"https:\/\/wp.me\/pdD3iE-vAO\" target=\"_blank\" rel=\"noreferrer noopener\">https:\/\/wp.me\/pdD3iE-vAO<\/a><br>Fuente: Comunidad Ostula<br><br>CDMX: Fallece Jorge Esquivel &#8220;El Yorch&#8221; preso pol\u00edtico anarquista, v\u00edctima de montaje policiaco, falsas acusaciones y negligencia m\u00e9dica: Fue el Estado. El 9 de diciembre a las 11 30 de la ma\u00f1ana en el hospital carcelario jorge se sumo a la lista de los que el Estado a asesinado, en este caso por prisi\u00f3n politica y negligencia de un sistema.<br>Noticias de abajo<br><br>JALISCO: Azquelt\u00e1n resiste al exterminio.<br>Nota de Z\u00f3simo Camacho<br>Luego de decenas de agresiones armadas, invasiones a su territorio, hostigamiento a su poblaci\u00f3n y amenazas de muerte a sus autoridades tradicionales y comunales, Azquelt\u00e1n sufre el asesinato de uno de sus hijos: Marcos Aguilar Rojas, un referente entre los pueblos, tribus y naciones de toda la geograf\u00eda mexicana por su lucha pac\u00edfica pero tenaz, inteligente, resuelta, en favor de los derechos y cultura ind\u00edgenas.<br><a href=\"https:\/\/lucesdelsiglo.com\/2025\/12\/04\/azqueltan-resiste-al-exterminio-opinion\/\" target=\"_blank\" rel=\"noreferrer noopener\">https:\/\/lucesdelsiglo.com\/2025\/12\/04\/azqueltan-resiste-al-exterminio-opinion\/<\/a><br><br>UN TECHO COM\u00daN<br><a href=\"https:\/\/enlacezapatista.ezln.org.mx\/2025\/11\/26\/un-techo-comun\/\" target=\"_blank\" rel=\"noreferrer noopener\">https:\/\/enlacezapatista.ezln.org.mx\/2025\/11\/26\/un-techo-comun\/<\/a><br><br>ZONA TECNOACRATA:<br>AfrofeminasGPT una inteligencia decolonial y antiracista.<br>Fuente: Afrofeminas.<br><a href=\"https:\/\/afrofeminas.com\/2025\/06\/26\/afrofeminasgpt-saberes-negros-respuestas-que-transforman\/\" target=\"_blank\" rel=\"noreferrer noopener\">https:\/\/afrofeminas.com\/2025\/06\/26\/afrofeminasgpt-saberes-negros-respuestas-que-transforman\/<\/a><br><br>Primer Principio Feminista del Internet: Acceso al Internet \u00bfSiguen las mujeres y la comunidad LGTBIQ+ confinadas en internet? Fuente: Resistencia Digital<br><a href=\"https:\/\/resistenciadigital.org\/primer-principio-feminista-del-internet-acceso-al-internet\/\" target=\"_blank\" rel=\"noreferrer noopener\">https:\/\/resistenciadigital.org\/primer-principio-feminista-del-internet-acceso-al-internet\/<\/a><\/p>\n","protected":false},"excerpt":{"rendered":"<p>MUNDO MUNDIAL: BALANCE 2025 de periodistas asesinados, encarcelados, secuestrados y desaparecidos en el mundo.Fuente: Reporteros sin fronteras. RSF https:\/\/rsf-es.org\/balance-2025-el-odio-y-la-impunidad-hacen-de-2025-un-ano-mortifero-para-los-periodistas\/ KURDISTAN: En las monta\u00f1as del Kurdist\u00e1n, los luchadores por la libertad celebraron el aniversario de la fundaci\u00f3n del Partido de los Trabajadores del Kurdist\u00e1n (PKK) el 27 de noviembre de 1978. Declaraci\u00f3n del partido en su [&hellip;]<\/p>\n","protected":false},"author":1,"featured_media":53140,"comment_status":"open","ping_status":"closed","sticky":false,"template":"","format":"standard","meta":{"footnotes":""},"categories":[1,826],"tags":[],"class_list":["post-53139","post","type-post","status-publish","format-standard","has-post-thumbnail","hentry","category-audio","category-medios-libres-2"],"_links":{"self":[{"href":"https:\/\/radiozapatista.org\/index.php?rest_route=\/wp\/v2\/posts\/53139","targetHints":{"allow":["GET"]}}],"collection":[{"href":"https:\/\/radiozapatista.org\/index.php?rest_route=\/wp\/v2\/posts"}],"about":[{"href":"https:\/\/radiozapatista.org\/index.php?rest_route=\/wp\/v2\/types\/post"}],"author":[{"embeddable":true,"href":"https:\/\/radiozapatista.org\/index.php?rest_route=\/wp\/v2\/users\/1"}],"replies":[{"embeddable":true,"href":"https:\/\/radiozapatista.org\/index.php?rest_route=%2Fwp%2Fv2%2Fcomments&post=53139"}],"version-history":[{"count":1,"href":"https:\/\/radiozapatista.org\/index.php?rest_route=\/wp\/v2\/posts\/53139\/revisions"}],"predecessor-version":[{"id":53141,"href":"https:\/\/radiozapatista.org\/index.php?rest_route=\/wp\/v2\/posts\/53139\/revisions\/53141"}],"wp:featuredmedia":[{"embeddable":true,"href":"https:\/\/radiozapatista.org\/index.php?rest_route=\/wp\/v2\/media\/53140"}],"wp:attachment":[{"href":"https:\/\/radiozapatista.org\/index.php?rest_route=%2Fwp%2Fv2%2Fmedia&parent=53139"}],"wp:term":[{"taxonomy":"category","embeddable":true,"href":"https:\/\/radiozapatista.org\/index.php?rest_route=%2Fwp%2Fv2%2Fcategories&post=53139"},{"taxonomy":"post_tag","embeddable":true,"href":"https:\/\/radiozapatista.org\/index.php?rest_route=%2Fwp%2Fv2%2Ftags&post=53139"}],"curies":[{"name":"wp","href":"https:\/\/api.w.org\/{rel}","templated":true}]}}