{"id":53133,"date":"2025-12-12T15:16:44","date_gmt":"2025-12-12T21:16:44","guid":{"rendered":"https:\/\/radiozapatista.org\/?p=53133"},"modified":"2025-12-12T15:16:44","modified_gmt":"2025-12-12T21:16:44","slug":"comuneros-de-azqueltan-exigen-justicia-en-cdmx-denuncian-asesinato-e-intentos-de-despojo","status":"publish","type":"post","link":"https:\/\/radiozapatista.org\/?p=53133","title":{"rendered":"Comuneros de Azquelt\u00e1n exigen justicia en CDMX: denuncian asesinato e intentos de despojo"},"content":{"rendered":"\n<p>Por <a href=\"https:\/\/avispa.org\/es\/author\/sare-frabes\/\">Sare Frabes<\/a> | <a href=\"https:\/\/avispa.org\/comuneros-de-azqueltan-exigen-justicia-en-cdmx-denuncian-asesinato-e-intentos-de-despojo\/\" target=\"_blank\" rel=\"noreferrer noopener\">Avispa Midia<\/a><\/p>\n\n\n\n<p>Integrantes de la comunidad aut\u00f3noma Tepehuana y Wix\u00e1rika de San Lorenzo Azquelt\u00e1n, al norte de Jalisco, se movilizaron este mi\u00e9rcoles (10) por las calles de la Ciudad de M\u00e9xico (CDMX) para exigir justicia por el ataque armado en el que fue asesinado Marcos Aguilar Rojas y lesionado Gabriel Aguilar Rojas. El primero, fung\u00eda como autoridad de la comunidad originaria. Ambos fueron atacados por un grupo armado, el pasado 26 de noviembre, en el predio comunal \u201cEl Caracol\u201d mientras intentaban retirar ganado que hab\u00eda invadido su territorio.<\/p>\n\n\n\n<p>Para la comunidad de Azquelt\u00e1n el ataque de noviembre no es un hecho aislado, sino el m\u00e1s reciente episodio de violencia en una larga estrategia de despojo del territorio Tepehuano y Wix\u00e1rika, cuyos pobladores enfrentan desde hace d\u00e9cadas y que incluyen invasiones, agresiones paramilitares, amenazas e impunidad.&nbsp;<\/p>\n\n\n\n<p><a href=\"https:\/\/avispa.org\/comunidad-autonoma-wixarika-tepehuana-denuncia-nuevos-ataques\/\" target=\"_blank\" rel=\"noreferrer noopener\">Te puede interesar &#8211; Comunidad aut\u00f3noma Wix\u00e1rika-Tepehuana denuncia nuevos ataques<\/a><\/p>\n\n\n\n<p>Este mi\u00e9rcoles (10), infancias, adultos mayores y j\u00f3venes de organizaciones solidarias como la comunidad Otom\u00ed residente en la CDMX, as\u00ed como del Congreso Nacional Ind\u00edgena, acompa\u00f1aron a una comisi\u00f3n de la comunidad aut\u00f3noma de Azquelt\u00e1n para protestar en las instalaciones de la Secretar\u00eda de Gobernaci\u00f3n (Segob) en la capital del pa\u00eds. En el lugar gritaron consignas para demandar justicia ante el asesinato de su autoridad, Marcos Aguilar Rojas, pues a m\u00e1s de dos semanas de ocurrido a\u00fan no se detienen a los responsables materiales ni intelectuales.&nbsp;<\/p>\n\n\n\n<p>Acompa\u00f1ados del humo de copal y el sonido del caracol, la manifestaci\u00f3n exigi\u00f3 a las autoridades federales el detener las agresiones e intentos de despojo de sus tierras por parte de grupos armados que no pertenecen a la comunidad. Tambi\u00e9n se\u00f1alaron las omisiones por parte del gobierno del estado de Jalisco, presidido por Pablo Lemus.<\/p>\n\n\n\n<figure class=\"wp-block-gallery has-nested-images columns-default is-cropped wp-block-gallery-1 is-layout-flex wp-block-gallery-is-layout-flex\">\n<figure class=\"wp-block-image size-medium\"><a href=\"https:\/\/radiozapatista.org\/wp-content\/uploads\/2025\/12\/ProtestasAzqueltanCDMX-TDTSandraSuaste-7.jpg\"><img loading=\"lazy\" decoding=\"async\" width=\"350\" height=\"233\" data-id=\"53135\" src=\"https:\/\/radiozapatista.org\/wp-content\/uploads\/2025\/12\/ProtestasAzqueltanCDMX-TDTSandraSuaste-7-350x233.jpg\" alt=\"\" class=\"wp-image-53135\" srcset=\"https:\/\/radiozapatista.org\/wp-content\/uploads\/2025\/12\/ProtestasAzqueltanCDMX-TDTSandraSuaste-7-350x233.jpg 350w, https:\/\/radiozapatista.org\/wp-content\/uploads\/2025\/12\/ProtestasAzqueltanCDMX-TDTSandraSuaste-7-1024x682.jpg 1024w, https:\/\/radiozapatista.org\/wp-content\/uploads\/2025\/12\/ProtestasAzqueltanCDMX-TDTSandraSuaste-7-768x512.jpg 768w, https:\/\/radiozapatista.org\/wp-content\/uploads\/2025\/12\/ProtestasAzqueltanCDMX-TDTSandraSuaste-7-700x466.jpg 700w, https:\/\/radiozapatista.org\/wp-content\/uploads\/2025\/12\/ProtestasAzqueltanCDMX-TDTSandraSuaste-7.jpg 1079w\" sizes=\"auto, (max-width: 350px) 100vw, 350px\" \/><\/a><\/figure>\n\n\n\n<figure class=\"wp-block-image size-medium\"><a href=\"https:\/\/radiozapatista.org\/wp-content\/uploads\/2025\/12\/ProtestasAzqueltanCDMX-TDTSandraSuaste-3.jpg\"><img loading=\"lazy\" decoding=\"async\" width=\"350\" height=\"233\" data-id=\"53137\" src=\"https:\/\/radiozapatista.org\/wp-content\/uploads\/2025\/12\/ProtestasAzqueltanCDMX-TDTSandraSuaste-3-350x233.jpg\" alt=\"\" class=\"wp-image-53137\" srcset=\"https:\/\/radiozapatista.org\/wp-content\/uploads\/2025\/12\/ProtestasAzqueltanCDMX-TDTSandraSuaste-3-350x233.jpg 350w, https:\/\/radiozapatista.org\/wp-content\/uploads\/2025\/12\/ProtestasAzqueltanCDMX-TDTSandraSuaste-3-1024x682.jpg 1024w, https:\/\/radiozapatista.org\/wp-content\/uploads\/2025\/12\/ProtestasAzqueltanCDMX-TDTSandraSuaste-3-768x512.jpg 768w, https:\/\/radiozapatista.org\/wp-content\/uploads\/2025\/12\/ProtestasAzqueltanCDMX-TDTSandraSuaste-3-700x466.jpg 700w, https:\/\/radiozapatista.org\/wp-content\/uploads\/2025\/12\/ProtestasAzqueltanCDMX-TDTSandraSuaste-3.jpg 1079w\" sizes=\"auto, (max-width: 350px) 100vw, 350px\" \/><\/a><\/figure>\n\n\n\n<figure class=\"wp-block-image size-medium\"><a href=\"https:\/\/radiozapatista.org\/wp-content\/uploads\/2025\/12\/ProtestasAzqueltanCDMX-TDTSandraSuaste-2.jpg\"><img loading=\"lazy\" decoding=\"async\" width=\"350\" height=\"233\" data-id=\"53136\" src=\"https:\/\/radiozapatista.org\/wp-content\/uploads\/2025\/12\/ProtestasAzqueltanCDMX-TDTSandraSuaste-2-350x233.jpg\" alt=\"\" class=\"wp-image-53136\" srcset=\"https:\/\/radiozapatista.org\/wp-content\/uploads\/2025\/12\/ProtestasAzqueltanCDMX-TDTSandraSuaste-2-350x233.jpg 350w, https:\/\/radiozapatista.org\/wp-content\/uploads\/2025\/12\/ProtestasAzqueltanCDMX-TDTSandraSuaste-2-1024x682.jpg 1024w, https:\/\/radiozapatista.org\/wp-content\/uploads\/2025\/12\/ProtestasAzqueltanCDMX-TDTSandraSuaste-2-768x512.jpg 768w, https:\/\/radiozapatista.org\/wp-content\/uploads\/2025\/12\/ProtestasAzqueltanCDMX-TDTSandraSuaste-2-700x466.jpg 700w, https:\/\/radiozapatista.org\/wp-content\/uploads\/2025\/12\/ProtestasAzqueltanCDMX-TDTSandraSuaste-2.jpg 1079w\" sizes=\"auto, (max-width: 350px) 100vw, 350px\" \/><\/a><\/figure>\n<\/figure>\n\n\n\n<p>Tras su arribo a Segob, los pobladores de Azquelt\u00e1n demandaron la atenci\u00f3n de autoridades de alto nivel para dar seguimiento a sus demandas, entre las que solicitan atenci\u00f3n inmediata para garantizar protecci\u00f3n a la comunidad, as\u00ed como la realizaci\u00f3n de investigaciones judiciales por las agresiones armadas.<\/p>\n\n\n\n<p>\u201cYa estamos cansados. Ya estamos enfadados de tantas s\u00faplicas a los gobiernos y no escucharnos. Nos est\u00e1n viendo como nada, como si no fu\u00e9ramos nadie que estuviera luchando por la Madre Tierra donde vive\u201d, denunci\u00f3 Ramiro, habitante de Azquelt\u00e1n, uno de los manifestantes que tomaron el micr\u00f3fono para denunciar los intentos de despojo de sus tierras a pesar de que cuentan con documentos que sustentan su propiedad colectiva.&nbsp;<\/p>\n\n\n\n<!--more-->\n\n\n\n<p>Entre otras denuncias, se\u00f1alaron tambi\u00e9n la ocurrencia de amenazas de muerte a comuneros, as\u00ed como el robo de materiales y herramientas de trabajo que buscan provocar miedo entre la poblaci\u00f3n originaria. Tras horas de protesta, una comisi\u00f3n ingres\u00f3 a la Segob para entablar una mesa de di\u00e1logo. Al finalizar, Quetzal Prado Meza, representante legal de la comunidad inform\u00f3 que las autoridades federales se comprometieron a atender cuatro \u00f3rdenes de aprehensi\u00f3n contra las personas que participaron de las agresiones armadas.&nbsp;<\/p>\n\n\n\n<h3 class=\"wp-block-heading\" id=\"h-estrategia-de-despojo\"><strong>Estrategia de despojo<\/strong><\/h3>\n\n\n\n<p>La reciente protesta en la CDMX form\u00f3 parte de las \u201cJornadas por la Vida de Azquelt\u00e1n\u201d, realizadas entre el 6 al 10 de diciembre para visibilizar la lucha de la comunidad y exigir justicia frente a las agresiones armadas recientes.&nbsp;<\/p>\n\n\n\n<p>En ese marco, el pasado s\u00e1bado (6), durante una conferencia de prensa realizada en la Feria Internacional del Libro, en la ciudad de Guadalajara, representantes de la comunidad denunciaron a la familia Aguilar Herrera: a los hermanos Esteban, Manuel y Jos\u00e9 Aguilar Herrera, as\u00ed como a V\u00edctor Hugo P\u00e9rez, como presuntos agresores directos, quienes buscan ocupar ilegalmente predios dentro del territorio comunal de San Lorenzo Azquelt\u00e1n.<\/p>\n\n\n\n<p>Acorde a testimonios de la comunidad de Azquelt\u00e1n, estas personas son responsables por amenazas constantes, hostigamiento, agresiones f\u00edsicas y ataques armados contra la poblaci\u00f3n ind\u00edgena que buscan debilitar la organizaci\u00f3n comunal y forzar el abandono de sus tierras ancestrales, pese a que la comunidad cuenta con antiguos t\u00edtulos y resoluciones agrarias que les reconocen la posesi\u00f3n comunal de miles de hect\u00e1reas.<\/p>\n\n\n\n<p>Durante la rueda de prensa, los representantes de la comunidad severaron que, desde el momento en que inciaron acciones legales para exigir el reconocimiento pleno de sus tierras fue cuando el conflicto con la familia Aguilar Herrera se intensific\u00f3, por lo que vincularon el asesinato de Marcos Aguilar con el actuar de estas personas quienes desde hace varios a\u00f1os amenazan, hostigan y agreden a los habitantes de Azquelt\u00e1n. Frente a este contexto, alertaron de un inminente riesgo de un ataque armado mayor tras el asesinato de su autoridad agraria.<\/p>\n\n\n\n<h3 class=\"wp-block-heading\" id=\"h-solidaridad\"><strong>Solidaridad<\/strong><\/h3>\n\n\n\n<p>En comunicado emitido el pasado s\u00e1bado (6), m\u00e1s de una treintena de organizaciones de derechos humanos a nivel nacional acuerparon a la comunidad de Azquelt\u00e1n frente al crimen que busca exterminar su organizaci\u00f3n para&nbsp;<a href=\"https:\/\/avispa.org\/comunidad-de-san-lorenzo-azqueltan-resiste-otro-ataque-a-dias-de-su-aniversario-de-autonomia\/\">apropiarse de miles de hect\u00e1reas<\/a>&nbsp;que integran su territorio ancestral.<\/p>\n\n\n\n<p>El documento detalla que el conflicto gira en torno al reclamo judicial que realizan los pobladores de Azqueltan para reivindicar la posesi\u00f3n colectiva de 39,000 hect\u00e1reas ante el Tribunal Agrario, un proceso que, explican, \u201cha desatado una violenta respuesta por parte de supuestos peque\u00f1os propietarios y caciques locales\u201d.<\/p>\n\n\n\n<p>Las organizaciones respaldan los se\u00f1alamientos de la comunidad al referir que las agresiones ocurren con total impunidad, \u201cprotegidas por operadores judiciales, polic\u00edas y funcionarios que bloquean investigaciones y encubren cr\u00edmenes. Este patr\u00f3n incluye casos previos de tortura, secuestro y desplazamiento forzado de defensores de la tierra, los cuales han quedado sin castigo\u201d.<\/p>\n\n\n\n<p>El posicionamiento p\u00fablico enfatiza que, en el primer a\u00f1o del gobierno de la presidenta Claudia Sheinbaum, a nivel nacional han sido asesinadas 37 personas defensoras de derechos humanos. Destacan que, s\u00f3lo en Jalisco han sido asesinadas 10 personas defensoras y todos los casos se encuentran en impunidad.&nbsp;\u201cEn Jalisco nunca hab\u00edamos vivido un patr\u00f3n de asesinatos a personas tan acelerado\u201d, alertan las organizaciones.&nbsp;<\/p>\n\n\n\n<p><\/p>\n\n\n\n<p><em>Fotos: Red TDT \/ Sandra Suaste<\/em><\/p>\n","protected":false},"excerpt":{"rendered":"<p>Por Sare Frabes | Avispa Midia Integrantes de la comunidad aut\u00f3noma Tepehuana y Wix\u00e1rika de San Lorenzo Azquelt\u00e1n, al norte de Jalisco, se movilizaron este mi\u00e9rcoles (10) por las calles de la Ciudad de M\u00e9xico (CDMX) para exigir justicia por el ataque armado en el que fue asesinado Marcos Aguilar Rojas y lesionado Gabriel Aguilar [&hellip;]<\/p>\n","protected":false},"author":1,"featured_media":53134,"comment_status":"open","ping_status":"closed","sticky":false,"template":"","format":"standard","meta":{"footnotes":""},"categories":[957,826,954],"tags":[79,1061,545,483,254],"class_list":["post-53133","post","type-post","status-publish","format-standard","has-post-thumbnail","hentry","category-autonomia","category-medios-libres-2","category-mexico","tag-autonomia","tag-crimen-organizado","tag-pueblos-indigenas","tag-tierra-y-territorio","tag-wixarika"],"_links":{"self":[{"href":"https:\/\/radiozapatista.org\/index.php?rest_route=\/wp\/v2\/posts\/53133","targetHints":{"allow":["GET"]}}],"collection":[{"href":"https:\/\/radiozapatista.org\/index.php?rest_route=\/wp\/v2\/posts"}],"about":[{"href":"https:\/\/radiozapatista.org\/index.php?rest_route=\/wp\/v2\/types\/post"}],"author":[{"embeddable":true,"href":"https:\/\/radiozapatista.org\/index.php?rest_route=\/wp\/v2\/users\/1"}],"replies":[{"embeddable":true,"href":"https:\/\/radiozapatista.org\/index.php?rest_route=%2Fwp%2Fv2%2Fcomments&post=53133"}],"version-history":[{"count":1,"href":"https:\/\/radiozapatista.org\/index.php?rest_route=\/wp\/v2\/posts\/53133\/revisions"}],"predecessor-version":[{"id":53138,"href":"https:\/\/radiozapatista.org\/index.php?rest_route=\/wp\/v2\/posts\/53133\/revisions\/53138"}],"wp:featuredmedia":[{"embeddable":true,"href":"https:\/\/radiozapatista.org\/index.php?rest_route=\/wp\/v2\/media\/53134"}],"wp:attachment":[{"href":"https:\/\/radiozapatista.org\/index.php?rest_route=%2Fwp%2Fv2%2Fmedia&parent=53133"}],"wp:term":[{"taxonomy":"category","embeddable":true,"href":"https:\/\/radiozapatista.org\/index.php?rest_route=%2Fwp%2Fv2%2Fcategories&post=53133"},{"taxonomy":"post_tag","embeddable":true,"href":"https:\/\/radiozapatista.org\/index.php?rest_route=%2Fwp%2Fv2%2Ftags&post=53133"}],"curies":[{"name":"wp","href":"https:\/\/api.w.org\/{rel}","templated":true}]}}