{"id":53122,"date":"2025-12-11T20:02:30","date_gmt":"2025-12-12T02:02:30","guid":{"rendered":"https:\/\/radiozapatista.org\/?p=53122"},"modified":"2025-12-11T20:02:30","modified_gmt":"2025-12-12T02:02:30","slug":"chiapas-urgente-democratizar-la-seccion-40-expresa-el-magisterio-estatal","status":"publish","type":"post","link":"https:\/\/radiozapatista.org\/?p=53122","title":{"rendered":"Chiapas: \u00aburgente democratizar la Secci\u00f3n 40\u00bb, expresa el magisterio estatal"},"content":{"rendered":"\n<p>Hermanas y hermanos del magisterio, en este instante en que la historia vuelve a tocarnos el hombro, se alza una voz que no es m\u00eda ni tuya, sino de todas y todos los que hemos sembrado luz en las aulas de esta tierra.<\/p>\n\n\n\n<p>Porque el maestro \u2014ya lo sabemos\u2014 no solo ense\u00f1a: sostiene, protege, teje el porvenir con hilos de paciencia y con un coraz\u00f3n que rara vez descansa. Pero ese coraz\u00f3n, para seguir latiendo firme, necesita justicia. Necesita dignidad.<\/p>\n\n\n\n<p>Necesita que sus derechos no sean promesas de papel sino cimientos verdaderos de una vida laboral segura.<\/p>\n\n\n\n<p>Hoy, frente a la reforma de la ley del ISTECH, que amenaza con convertirnos en hu\u00e9spedes permanentes del trabajo,no podemos guardar silencio.<\/p>\n\n\n\n<p>No podemos quedarnos al borde del camino, mientras otros deciden por nosotros el precio y los tiempos de nuestras jubilaciones, el peso de nuestras contribuciones, el futuro, la vida que se nos pretende arrancar.<\/p>\n\n\n\n<p>Defender la abrogaci\u00f3n de esta reforma no es un capricho ni un gesto de rebeld\u00eda vac\u00eda: es un acto de amor propio, un acto de memoria por quienes caminaron antes y por quienes vendr\u00e1n despu\u00e9s.<\/p>\n\n\n\n<p>Pero no es la \u00fanica herida que debemos nombrar.<\/p>\n\n\n\n<p>Entre nuestras banderas ondea tambi\u00e9n el clamor profundo de los directores, sobre todo de quienes sirven como directores encargados, cargando sobre sus hombros una monta\u00f1a de exigencias administrativas que consume horas, fuerza y aliento.<\/p>\n\n\n\n<p>Esa carga excesiva nos aleja del sentido humano del liderazgo escolar y necesitamos que nuestra voz sea escuchada ante las disposiciones gubernamentales y de la Secretar\u00eda de Educaci\u00f3n, para transformar esta realidad y devolver dignidad a nuestra funci\u00f3n.<\/p>\n\n\n\n<p>Y hay otra verdad que ya no podemos callar: la necesidad urgente de democratizar la Secci\u00f3n 40. Porque quienes deber\u00edan ser nuestros guardianes, quienes deber\u00edan velar por nuestra estabilidad y por cada uno de nuestros derechos, se han vuelto \u2014en demasiadas ocasiones\u2014aliados de quienes impulsan medidasque nos lastiman, que nos desgastan, que ponen en riesgo nuestras conquistas laborales.<\/p>\n\n\n\n<p>Esa traici\u00f3n silenciosa ha sembrado desconfianza, ha roto puentes, ha dejado al magisterio caminando a tientas. Por eso necesitamos levantar un trabajo colectivo, un tejido firme y honesto que nos conduzca hacia la defensa real de nuestros derechos, hacia la conquista de salarios dignos, de condiciones humanas, de un porvenir que no se nos arrebate con decisiones tomadas a espaldas del trabajador.<\/p>\n\n\n\n<p>Y por eso, maestras y maestros, es tiempo de unir nuestras voces como un solo r\u00edo que avanza sin miedo; es tiempo de levantar la frente y recordar que cuando el magisterio se organiza, cuando se toma de las manos y avanza con paso decidido, ninguna medida injusta puede prevalecer.<\/p>\n\n\n\n<p>En este esp\u00edritu de unidad, te hacemos hoy la invitaci\u00f3n a participar, a organizarnos. Queremos para ello construir un tejido regional donde se visibilicen nuestra voces, nuestra palabra, nuestras dolencias, nuestras luchas.<\/p>\n\n\n\n<p>Un escenario que albergue nuestras esperanzas, donde la palabra se haga rostro y la voluntad sume su propio brillo. Ah\u00ed ser\u00e1 necesaria la cooperaci\u00f3n de todas y todos, la disposici\u00f3n abierta, la voluntad firme de quienes saben que solo juntos podemos organizar lo que el porvenir nos demanda y desarrollar la fuerza que estos tiempos reclaman.<\/p>\n\n\n\n<p>De lograrse la voluntad de los todos que so\u00f1amos, de los todos que luchamos, en aras de democratizaci\u00f3n de nuestras instituciones, sumaremos los esfuerzos de l\u00edderes sindicales como los de Guerrero, Michoac\u00e1n, de Oaxaca, etc., para aprender juntos a sostener la dignidad.<\/p>\n\n\n\n<p>Su palabra ser\u00e1 br\u00fajula, ser\u00e1 faro, ser\u00e1 camino para comprender hacia d\u00f3nde debemos marchar y cu\u00e1l ser\u00e1 el pulso verdadero que tomar\u00e1 nuestra lucha.<\/p>\n\n\n\n<p>Que nuestra palabra se vuelva viento, que nuestro paso se vuelva huella, y que nuestra unidad sea el faro que gu\u00ede este momento decisivo.<\/p>\n\n\n\n<p>Porque defender nuestros derechos es defender la dignidad del oficio m\u00e1s noble: el de transformar vidas, uno de los pocos milagros que a\u00fan respiramos.<\/p>\n\n\n\n<p>Pd. La dignidad te convoca, te invitamos a sumarte a los encuentros.<br>\u00abCaminante no hay camino, se hace camino al andar\u00bb<\/p>\n\n\n\n<p>ATTE.<br>DELEGACION DII 126 TELESECUNDARIAS<br><em>REGION TAPACHULA<\/em><\/p>\n","protected":false},"excerpt":{"rendered":"<p>Hermanas y hermanos del magisterio, en este instante en que la historia vuelve a tocarnos el hombro, se alza una voz que no es m\u00eda ni tuya, sino de todas y todos los que hemos sembrado luz en las aulas de esta tierra. Porque el maestro \u2014ya lo sabemos\u2014 no solo ense\u00f1a: sostiene, protege, teje [&hellip;]<\/p>\n","protected":false},"author":1,"featured_media":53123,"comment_status":"open","ping_status":"closed","sticky":false,"template":"","format":"standard","meta":{"footnotes":""},"categories":[6,196],"tags":[917,879,1569,1007],"class_list":["post-53122","post","type-post","status-publish","format-standard","has-post-thumbnail","hentry","category-chiapas","category-radio-pozol","tag-chiapas","tag-cnte","tag-educacion-2","tag-magisterio"],"_links":{"self":[{"href":"https:\/\/radiozapatista.org\/index.php?rest_route=\/wp\/v2\/posts\/53122","targetHints":{"allow":["GET"]}}],"collection":[{"href":"https:\/\/radiozapatista.org\/index.php?rest_route=\/wp\/v2\/posts"}],"about":[{"href":"https:\/\/radiozapatista.org\/index.php?rest_route=\/wp\/v2\/types\/post"}],"author":[{"embeddable":true,"href":"https:\/\/radiozapatista.org\/index.php?rest_route=\/wp\/v2\/users\/1"}],"replies":[{"embeddable":true,"href":"https:\/\/radiozapatista.org\/index.php?rest_route=%2Fwp%2Fv2%2Fcomments&post=53122"}],"version-history":[{"count":1,"href":"https:\/\/radiozapatista.org\/index.php?rest_route=\/wp\/v2\/posts\/53122\/revisions"}],"predecessor-version":[{"id":53124,"href":"https:\/\/radiozapatista.org\/index.php?rest_route=\/wp\/v2\/posts\/53122\/revisions\/53124"}],"wp:featuredmedia":[{"embeddable":true,"href":"https:\/\/radiozapatista.org\/index.php?rest_route=\/wp\/v2\/media\/53123"}],"wp:attachment":[{"href":"https:\/\/radiozapatista.org\/index.php?rest_route=%2Fwp%2Fv2%2Fmedia&parent=53122"}],"wp:term":[{"taxonomy":"category","embeddable":true,"href":"https:\/\/radiozapatista.org\/index.php?rest_route=%2Fwp%2Fv2%2Fcategories&post=53122"},{"taxonomy":"post_tag","embeddable":true,"href":"https:\/\/radiozapatista.org\/index.php?rest_route=%2Fwp%2Fv2%2Ftags&post=53122"}],"curies":[{"name":"wp","href":"https:\/\/api.w.org\/{rel}","templated":true}]}}