{"id":53104,"date":"2025-12-11T17:31:04","date_gmt":"2025-12-11T23:31:04","guid":{"rendered":"https:\/\/radiozapatista.org\/?p=53104"},"modified":"2025-12-11T17:44:26","modified_gmt":"2025-12-11T23:44:26","slug":"informe-preliminar-cuestiona-la-estrategia-de-seguridad-del-estado-de-chiapas","status":"publish","type":"post","link":"https:\/\/radiozapatista.org\/?p=53104","title":{"rendered":"Informe preliminar cuestiona la estrategia de seguridad del estado de Chiapas"},"content":{"rendered":"<p>El 8 de diciembre de 2024 un nuevo gobierno para Chiapas asumi\u00f3 funciones y anunci\u00f3 la implementaci\u00f3n de una \u201cnueva\u201d estrategia de seguridad como respuesta a la violencia derivada de la disputa territorial y social entre grupos de delincuencia organizada. Con una gran campa\u00f1a de comunicaci\u00f3n y bajo el discurso de una \u201cpaz recuperada\u201d ha impulsado en este a\u00f1o 2025 la disminuci\u00f3n parcial de algunos indicadores delictivos y ha desplegado distintos operativos de seguridad. Desde el Grupo de Trabajo Regi\u00f3n Frontera nos preguntamos si la estrategia de seguridad implementada por el gobierno del Estado de Chiapas busca la paz o la pacificaci\u00f3n. M\u00e1s que alcanzar la paz, la pacificaci\u00f3n busca imponer el control social mediante el uso de la fuerza. En la Regi\u00f3n Sierra-Frontera de Chiapas con Guatemala, esa estrategia no ha logrado frenar la crisis de violencia. Por el contrario, a lo largo de este a\u00f1o la situaci\u00f3n es otra: un incremento en los casos de familias en desplazamiento forzado \u2014tanto interno como hacia el pa\u00eds vecino\u2014 y de desaparici\u00f3n forzada. Estos hechos de violencia, junto con la continuidad de disputas territoriales y la presencia activa de grupos armados, muestran un panorama m\u00e1s complejo del que presentan los anuncios oficiales.<\/p>\n\n\n\n<p><a href=\"https:\/\/radiozapatista.org\/wp-content\/uploads\/2025\/12\/informepreliminar2025.pdf\" target=\"_blank\"><strong>Descarga aqu\u00ed<\/strong><\/a><\/p>","protected":false},"excerpt":{"rendered":"<p>El 8 de diciembre de 2024 un nuevo gobierno para Chiapas asumi\u00f3 funciones y anunci\u00f3 la implementaci\u00f3n de una \u201cnueva\u201d estrategia de seguridad como respuesta a la violencia derivada de la disputa territorial y social entre grupos de delincuencia organizada. Con una gran campa\u00f1a de comunicaci\u00f3n y bajo el discurso de una \u201cpaz recuperada\u201d ha [&hellip;]<\/p>\n","protected":false},"author":1,"featured_media":53107,"comment_status":"open","ping_status":"closed","sticky":false,"template":"","format":"standard","meta":{"footnotes":""},"categories":[6,55],"tags":[917,1061,682,782,198,147,511],"class_list":["post-53104","post","type-post","status-publish","format-standard","has-post-thumbnail","hentry","category-chiapas","category-frayba","tag-chiapas","tag-crimen-organizado","tag-desaparicion-forzada","tag-desplazamiento-forzado","tag-impunidad","tag-militarizacion","tag-violencia"],"_links":{"self":[{"href":"https:\/\/radiozapatista.org\/index.php?rest_route=\/wp\/v2\/posts\/53104","targetHints":{"allow":["GET"]}}],"collection":[{"href":"https:\/\/radiozapatista.org\/index.php?rest_route=\/wp\/v2\/posts"}],"about":[{"href":"https:\/\/radiozapatista.org\/index.php?rest_route=\/wp\/v2\/types\/post"}],"author":[{"embeddable":true,"href":"https:\/\/radiozapatista.org\/index.php?rest_route=\/wp\/v2\/users\/1"}],"replies":[{"embeddable":true,"href":"https:\/\/radiozapatista.org\/index.php?rest_route=%2Fwp%2Fv2%2Fcomments&post=53104"}],"version-history":[{"count":14,"href":"https:\/\/radiozapatista.org\/index.php?rest_route=\/wp\/v2\/posts\/53104\/revisions"}],"predecessor-version":[{"id":53121,"href":"https:\/\/radiozapatista.org\/index.php?rest_route=\/wp\/v2\/posts\/53104\/revisions\/53121"}],"wp:featuredmedia":[{"embeddable":true,"href":"https:\/\/radiozapatista.org\/index.php?rest_route=\/wp\/v2\/media\/53107"}],"wp:attachment":[{"href":"https:\/\/radiozapatista.org\/index.php?rest_route=%2Fwp%2Fv2%2Fmedia&parent=53104"}],"wp:term":[{"taxonomy":"category","embeddable":true,"href":"https:\/\/radiozapatista.org\/index.php?rest_route=%2Fwp%2Fv2%2Fcategories&post=53104"},{"taxonomy":"post_tag","embeddable":true,"href":"https:\/\/radiozapatista.org\/index.php?rest_route=%2Fwp%2Fv2%2Ftags&post=53104"}],"curies":[{"name":"wp","href":"https:\/\/api.w.org\/{rel}","templated":true}]}}