{"id":53074,"date":"2025-12-10T11:40:08","date_gmt":"2025-12-10T17:40:08","guid":{"rendered":"https:\/\/radiozapatista.org\/?p=53074"},"modified":"2025-12-10T13:24:57","modified_gmt":"2025-12-10T19:24:57","slug":"libro-democracia-radical-recuperando-las-raices-del-autogobierno-y-la-autonomia","status":"publish","type":"post","link":"https:\/\/radiozapatista.org\/?p=53074","title":{"rendered":"[Libro] Democracia radical: Recuperando las ra\u00edces del autogobierno y la autonom\u00eda"},"content":{"rendered":"<p><\/p>\n\n\n<table align=\"center\">\n<tbody>\n<tr>\n<td style=\"text-align: center;\" width=\"200\"><a href=\"https:\/\/globaltapestryofalternatives.org\/_media\/reports:rd:rd-booklet-final-low.pdf\" target=\"_blank\" rel=\"noreferrer noopener\"><img loading=\"lazy\" decoding=\"async\" width=\"400\" height=\"252\" class=\"wp-image-53075\" style=\"width: 300px; align: center\" align=\"center\" src=\"https:\/\/radiozapatista.org\/wp-content\/uploads\/2025\/12\/gta-rd-01.jpg\" alt=\"\" srcset=\"https:\/\/radiozapatista.org\/wp-content\/uploads\/2025\/12\/gta-rd-01.jpg 400w, https:\/\/radiozapatista.org\/wp-content\/uploads\/2025\/12\/gta-rd-01-350x221.jpg 350w\" sizes=\"auto, (max-width: 400px) 100vw, 400px\" \/><\/a>\n<\/td>\n<td class=\"has-text-align-center\" data-align=\"center\"><a href=\"https:\/\/globaltapestryofalternatives.org\/_media\/reports:rd:rd-booklet-final-low.pdf\" target=\"_blank\" rel=\"noreferrer noopener\">&nbsp;&nbsp;&nbsp;&nbsp;Descarga el libro aqu\u00ed<\/a>\n<\/td>\n<\/tr>\n<\/tbody>\n<\/table>\n\n\n\n<p>Ante la escalada de la crisis \u2014el colapso clim\u00e1tico, el aumento de las desigualdades econ\u00f3micas y el poder arraigado de los Estados neoliberales\u2014, la b\u00fasqueda de una democracia y una autonom\u00eda radicales nunca ha sido m\u00e1s urgente. Es en este convulso panorama global donde surgi\u00f3 en 2019 el <em>Tejido Global de Alternativas<\/em> (TGA), una red de grupos de base, movimientos sociales y comunidades (especialmente del Sur Global) que trabajan juntos para imaginar, poner en pr\u00e1ctica y defender alternativas al orden pol\u00edtico-econ\u00f3mico dominante. A trav\u00e9s de su estructura horizontal, sus pr\u00e1cticas de intercambio de conocimientos y su \u00e9nfasis en la sostenibilidad ecol\u00f3gica, la democracia econ\u00f3mica, los derechos ind\u00edgenas y la gobernanza participativa, el TGA ofrece una gu\u00eda en constante evoluci\u00f3n para quienes buscan caminos m\u00e1s all\u00e1 de la extracci\u00f3n, la opresi\u00f3n y la jerarqu\u00eda.<\/p>\n\n\n\n<p>Esta recopilaci\u00f3n re\u00fane historias de democracia radical y autonom\u00eda precisamente para contribuir a ese salvavidas. Los ensayos y relatos aqu\u00ed reunidos no son teor\u00edas abstractas, sino experimentos fundamentados y realidades vividas: comunidades que practican el autogobierno; colectivos ind\u00edgenas que reclaman sus tierras, su cultura y su derecho a tomar decisiones; solidaridades forjadas m\u00e1s all\u00e1 de las fronteras que resisten el extractivismo y la marginaci\u00f3n. Cada historia refleja uno de los objetivos fundamentales del TGA: el trabajo en red y la solidaridad; el intercambio de conocimientos; la difusi\u00f3n de modelos alternativos; y el fomento de la transformaci\u00f3n sist\u00e9mica. Al entablar un di\u00e1logo entre estos diversos hilos, este libro pretende fortalecer el tapiz, ofreciendo tanto inspiraci\u00f3n como reflexi\u00f3n cr\u00edtica a los profesionales, activistas, acad\u00e9micos y cualquier persona que anhele reimaginar la democracia no s\u00f3lo como una forma de gobierno, sino como un proceso de autonom\u00eda vivido, relacional y con base moral.<\/p>\n\n\n\n<p>Al pasar por estas p\u00e1ginas, percibir\u00e1s una insistencia com\u00fan: que la autonom\u00eda es inseparable de la participaci\u00f3n democr\u00e1tica; que la democracia radical exige m\u00e1s que una reforma procedimental, exige una transformaci\u00f3n en la forma en que se organizan el poder, los recursos y la toma de decisiones. Estas historias, que abarcan distintas geograf\u00edas, culturas y desaf\u00edos, afirman en conjunto la vitalidad y la multiplicidad de futuros alternativos que ya est\u00e1n en marcha. Que esta colecci\u00f3n sirva de puente \u2014entre continentes, entre movimientos, entre conocimientos\u2014 dentro del TGA, tanto para honrar lo que se ha logrado como para estimular lo que a\u00fan es posible.<\/p>\n\n\n\n<p><strong>Cr\u00e9ditos<\/strong><\/p>\n\n\n\n<p>Franco Augusto y Shrishtee Bajpai editaron este informe en formato de folleto.<\/p>\n\n\n\n<p>El dise\u00f1o, la maquetaci\u00f3n y las ilustraciones fueron realizados por Franco Augusto utilizando herramientas de software libre y de c\u00f3digo abierto.<\/p>\n\n\n<p><\/p>","protected":false},"excerpt":{"rendered":"<p>&nbsp;&nbsp;&nbsp;&nbsp;Descarga el libro aqu\u00ed Ante la escalada de la crisis \u2014el colapso clim\u00e1tico, el aumento de las desigualdades econ\u00f3micas y el poder arraigado de los Estados neoliberales\u2014, la b\u00fasqueda de una democracia y una autonom\u00eda radicales nunca ha sido m\u00e1s urgente. Es en este convulso panorama global donde surgi\u00f3 en 2019 el Tejido Global de [&hellip;]<\/p>\n","protected":false},"author":1,"featured_media":53078,"comment_status":"open","ping_status":"closed","sticky":false,"template":"","format":"standard","meta":{"footnotes":""},"categories":[957,51,1284,958,954,953],"tags":[79,286,1101,148],"class_list":["post-53074","post","type-post","status-publish","format-standard","has-post-thumbnail","hentry","category-autonomia","category-autor","category-latinoamerica","category-megaproyectos","category-mexico","category-mundo","tag-autonomia","tag-democracia","tag-libros","tag-resistencia"],"_links":{"self":[{"href":"https:\/\/radiozapatista.org\/index.php?rest_route=\/wp\/v2\/posts\/53074","targetHints":{"allow":["GET"]}}],"collection":[{"href":"https:\/\/radiozapatista.org\/index.php?rest_route=\/wp\/v2\/posts"}],"about":[{"href":"https:\/\/radiozapatista.org\/index.php?rest_route=\/wp\/v2\/types\/post"}],"author":[{"embeddable":true,"href":"https:\/\/radiozapatista.org\/index.php?rest_route=\/wp\/v2\/users\/1"}],"replies":[{"embeddable":true,"href":"https:\/\/radiozapatista.org\/index.php?rest_route=%2Fwp%2Fv2%2Fcomments&post=53074"}],"version-history":[{"count":13,"href":"https:\/\/radiozapatista.org\/index.php?rest_route=\/wp\/v2\/posts\/53074\/revisions"}],"predecessor-version":[{"id":53103,"href":"https:\/\/radiozapatista.org\/index.php?rest_route=\/wp\/v2\/posts\/53074\/revisions\/53103"}],"wp:featuredmedia":[{"embeddable":true,"href":"https:\/\/radiozapatista.org\/index.php?rest_route=\/wp\/v2\/media\/53078"}],"wp:attachment":[{"href":"https:\/\/radiozapatista.org\/index.php?rest_route=%2Fwp%2Fv2%2Fmedia&parent=53074"}],"wp:term":[{"taxonomy":"category","embeddable":true,"href":"https:\/\/radiozapatista.org\/index.php?rest_route=%2Fwp%2Fv2%2Fcategories&post=53074"},{"taxonomy":"post_tag","embeddable":true,"href":"https:\/\/radiozapatista.org\/index.php?rest_route=%2Fwp%2Fv2%2Ftags&post=53074"}],"curies":[{"name":"wp","href":"https:\/\/api.w.org\/{rel}","templated":true}]}}