{"id":53059,"date":"2025-12-08T08:20:05","date_gmt":"2025-12-08T14:20:05","guid":{"rendered":"https:\/\/radiozapatista.org\/?p=53059"},"modified":"2025-12-08T08:20:06","modified_gmt":"2025-12-08T14:20:06","slug":"el-fogon-de-las-palabras-memorias-de-resistencia-cooperativa-nuevo-horizonte-guatemala","status":"publish","type":"post","link":"https:\/\/radiozapatista.org\/?p=53059","title":{"rendered":"El fog\u00f3n de las palabras: Memorias de resistencia &#8211; Cooperativa Nuevo Horizonte, Guatemala"},"content":{"rendered":"\n<p><a href=\"https:\/\/radiozapatista.org\/?p=52904\">Escucha el cap\u00edtulo anterior aqu\u00ed<\/a>.<\/p>\n\n\n[podcast]https:\/\/radiozapatista.org\/wp-content\/uploads\/2025\/12\/15.-el-fogoin-de-las-palabras.-memorias-de-resistencia.-cooperativa-nuevo-horizonte-ODAcc0ZrW52lgONQ.mp3[\/podcast]\n\n\n<p><strong>\u00a1Les saludamos y compartimos con gran emoci\u00f3n la segunda y \u00faltima parte de las historias narradas por las y los habitantes de la Cooperativa Nuevo Horizonte en el Pet\u00e9n!<\/strong><\/p>\n\n\n\n<p><strong><em>15. <\/em><\/strong><strong><em>Memorias de resistencia. Cooperativa Nuevo Horizonte. Pet\u00e9n, Guatemala.<\/em><\/strong><\/p>\n\n\n\n<p id=\"gmail-docs-internal-guid-cb63dfde-7fff-138b-5370-960a1083a547\">Historias que honran las memorias, historias que caminan la esperanza, historias de las y los ex guerrilleros de las Fuerzas Armadas Rebeldes (FAR) en el Pet\u00e9n: hombres y mujeres de origen campesino, qui\u00e9nes han dedicado toda su vida a construir un mundo m\u00e1s justo y que decidieron dar continuidad a su lucha a trav\u00e9s de este bello e importante proyecto que es s\u00edmbolo y ejemplo de resistencia desde hace 27 a\u00f1os &#8220;la Cooperativa Nuevo Horizonte&#8221;.<\/p>\n\n\n\n<p><strong>Sue\u00f1os y memorias narrados por mujeres y hombres ex guerrilleros y fundadores de la Cooperativa Nuevo Horizonte.<\/strong>Puedes escucharlo y <strong>descargarlo<\/strong> en nuestra p\u00e1gina web:<\/p>\n\n\n\n<p><a href=\"https:\/\/elfogondelaspalabras.com\/14-y-15-nuevo-horizonte\">https:\/\/elfogondelaspalabras.com\/14-y-15-nuevo-horizonte<\/a><\/p>\n\n\n\n<p><strong><em>(recuerda que en la p\u00e1gina web encontrar\u00e1s m\u00e1s informaci\u00f3n de las organizaciones y colectivos con los que colaboramos, adem\u00e1s de fotos y materiales a partir de los cuales se realizaron estas historias).<\/em><\/strong><\/p>\n\n\n\n<p><strong>\u00a1Esc\u00facha, Descarga y Comparte!<\/strong><\/p>\n","protected":false},"excerpt":{"rendered":"<p>Escucha el cap\u00edtulo anterior aqu\u00ed. [podcast]https:\/\/radiozapatista.org\/wp-content\/uploads\/2025\/12\/15.-el-fogoin-de-las-palabras.-memorias-de-resistencia.-cooperativa-nuevo-horizonte-ODAcc0ZrW52lgONQ.mp3[\/podcast] \u00a1Les saludamos y compartimos con gran emoci\u00f3n la segunda y \u00faltima parte de las historias narradas por las y los habitantes de la Cooperativa Nuevo Horizonte en el Pet\u00e9n! 15. Memorias de resistencia. Cooperativa Nuevo Horizonte. Pet\u00e9n, Guatemala. Historias que honran las memorias, historias que caminan la esperanza, historias [&hellip;]<\/p>\n","protected":false},"author":1,"featured_media":53063,"comment_status":"open","ping_status":"closed","sticky":false,"template":"","format":"standard","meta":{"footnotes":""},"categories":[1,957,1284,826],"tags":[312,148],"class_list":["post-53059","post","type-post","status-publish","format-standard","has-post-thumbnail","hentry","category-audio","category-autonomia","category-latinoamerica","category-medios-libres-2","tag-guatemala","tag-resistencia"],"_links":{"self":[{"href":"https:\/\/radiozapatista.org\/index.php?rest_route=\/wp\/v2\/posts\/53059","targetHints":{"allow":["GET"]}}],"collection":[{"href":"https:\/\/radiozapatista.org\/index.php?rest_route=\/wp\/v2\/posts"}],"about":[{"href":"https:\/\/radiozapatista.org\/index.php?rest_route=\/wp\/v2\/types\/post"}],"author":[{"embeddable":true,"href":"https:\/\/radiozapatista.org\/index.php?rest_route=\/wp\/v2\/users\/1"}],"replies":[{"embeddable":true,"href":"https:\/\/radiozapatista.org\/index.php?rest_route=%2Fwp%2Fv2%2Fcomments&post=53059"}],"version-history":[{"count":2,"href":"https:\/\/radiozapatista.org\/index.php?rest_route=\/wp\/v2\/posts\/53059\/revisions"}],"predecessor-version":[{"id":53062,"href":"https:\/\/radiozapatista.org\/index.php?rest_route=\/wp\/v2\/posts\/53059\/revisions\/53062"}],"wp:featuredmedia":[{"embeddable":true,"href":"https:\/\/radiozapatista.org\/index.php?rest_route=\/wp\/v2\/media\/53063"}],"wp:attachment":[{"href":"https:\/\/radiozapatista.org\/index.php?rest_route=%2Fwp%2Fv2%2Fmedia&parent=53059"}],"wp:term":[{"taxonomy":"category","embeddable":true,"href":"https:\/\/radiozapatista.org\/index.php?rest_route=%2Fwp%2Fv2%2Fcategories&post=53059"},{"taxonomy":"post_tag","embeddable":true,"href":"https:\/\/radiozapatista.org\/index.php?rest_route=%2Fwp%2Fv2%2Ftags&post=53059"}],"curies":[{"name":"wp","href":"https:\/\/api.w.org\/{rel}","templated":true}]}}