{"id":53056,"date":"2025-12-08T08:05:00","date_gmt":"2025-12-08T14:05:00","guid":{"rendered":"https:\/\/radiozapatista.org\/?p=53056"},"modified":"2025-12-08T08:05:01","modified_gmt":"2025-12-08T14:05:01","slug":"repudian-al-vice-coordinador-de-morena-por-invitar-a-rabino-defensor-del-genocidio-del-pueblo-palestino","status":"publish","type":"post","link":"https:\/\/radiozapatista.org\/?p=53056","title":{"rendered":"Repudian al vice coordinador de Morena por invitar a rabino defensor del genocidio del pueblo palestino"},"content":{"rendered":"\n<h4 class=\"wp-block-heading has-text-align-center\">REPUDIO AL PROSIONISTA PEDRO HACES:<\/h4>\n\n\n\n<ul class=\"wp-block-list\">\n<li>Rechazamos que algunos legisladores apoyen el genocidio y exigimos la\u00a0ruptura de relaciones con Israel<\/li>\n<\/ul>\n\n\n\n<p>La Coordinaci\u00f3n General de Solidaridad con Palestina, expresa\u00a0p\u00fablicamente su repudio al vice coordinador de Morena en la C\u00e1mara de\u00a0Diputados, Pedro Haces Barba y al resto de los diputados: los priistas\u00a0Miguel Alonso Reyes (su coordinador), Rub\u00e9n Moreira Valdez y Socorro\u00a0Jasso Nieto, las y los panistas Margarita Zavala y \u00c9ctor Jaime Ram\u00edrez\u00a0Barba, as\u00ed como Carlos Arturo Madrazo Silva y Claudia S\u00e1nchez Ju\u00e1rez\u00a0del PVEM, integrantes del Grupo de amistad M\u00e9xico-Israel, al invitar\u00a0al rabino sionista David Yosef, un declarado defensor del genocidio\u00a0israel\u00ed contra el pueblo palestino, un hecho vergonzoso, por lo que\u00a0incluso otros diputados de Morena rechazaron esa invitaci\u00f3n.<\/p>\n\n\n\n<p>Por desgracia el problema es mucho m\u00e1s profundo, porque si bien es\u00a0necesario protestar por ello, los diputados deber\u00edan exigir la ruptura\u00a0de relaciones con el ente sionista de Israel, para terminar con la\u00a0compra de armas, la capacitaci\u00f3n militar a las polic\u00edas del pa\u00eds, la\u00a0compra de tecnolog\u00eda y el intercambio comercial y acad\u00e9mico con el\u00a0estado de Israel, que como es p\u00fablico ha asesinado a m\u00e1s de 70 mil\u00a0palestinos y palestinas, hombres, mujeres, ni\u00f1os, ni\u00f1as y ancianos, en\u00a0el peor genocidio despu\u00e9s del holocausto durante la Segunda Guerra\u00a0Mundial, por el nazismo hitleriano, contra el pueblo jud\u00edo.<\/p>\n\n\n\n<p>As\u00ed que le hacemos un nuevo llamado a la C\u00e1mara de Diputados y al\u00a0gobierno de la presidenta Sheinbaum, a que de una vez por todas rompan\u00a0relaciones diplom\u00e1ticas, comerciales, militares y acad\u00e9micas con el\u00a0r\u00e9gimen fascista de Benjam\u00edn Netanyahu, apoyado incondicionalmente por\u00a0el imperialista Donald Trump.<\/p>\n\n\n\n<p>Muy bien lo dijo el diputado Jos\u00e9 Narro C\u00e9spedes &#8220;los diputados de\u00a0Morena deben actuar conforme a los lineamientos del proyecto. En su\u00a0historia M\u00e9xico ha roto relaciones con pa\u00edses fascistas como Chile en\u00a0su momento, con Augusto Pinochet, o como Espa\u00f1a con Francisco Franco&#8221;.\u00a0<\/p>\n\n\n\n<p>Estamos de acuerdo con lo anterior, por lo que les exhortamos a que\u00a0lleven al pleno de la C\u00e1mara la propuesta de romper todo tipo\u00a0relaciones con Israel.<\/p>\n\n\n\n<p>Por nuestra parte seguiremos llamando al pueblo de M\u00e9xico, a las\u00a0organizaciones democr\u00e1ticas e independientes, a realizar todos los\u00a0esfuerzos por apoyar al pueblo palestino, que sigue resistiendo ante\u00a0los despiadados ataques asesinos del sionismo, a pesar del supuesto\u00a0&#8220;Plan de Paz&#8221; de Trump, que en realidad es un plan para apropiarse del\u00a0territorio palestino, un plan de colonizaci\u00f3n.<\/p>\n\n\n\n<p class=\"has-text-align-center\">\u00a1Le exigimos al gobierno y al Congreso la inmediata ruptura de\u00a0relaciones con Israel!<br>\u00a1Repudio al falso &#8220;Plan de paz&#8221; imperialista de Donald Trump!<br>\u00a1Fuera Pedro Haces y sus c\u00f3mplices pro sionistas de la C\u00e1mara de Diputados!<\/p>\n\n\n\n<p class=\"has-text-align-center\">Coordinaci\u00f3n General de Solidaridad con Palestina<\/p>\n","protected":false},"excerpt":{"rendered":"<p>REPUDIO AL PROSIONISTA PEDRO HACES: La Coordinaci\u00f3n General de Solidaridad con Palestina, expresa\u00a0p\u00fablicamente su repudio al vice coordinador de Morena en la C\u00e1mara de\u00a0Diputados, Pedro Haces Barba y al resto de los diputados: los priistas\u00a0Miguel Alonso Reyes (su coordinador), Rub\u00e9n Moreira Valdez y Socorro\u00a0Jasso Nieto, las y los panistas Margarita Zavala y \u00c9ctor Jaime Ram\u00edrez\u00a0Barba, [&hellip;]<\/p>\n","protected":false},"author":1,"featured_media":53057,"comment_status":"open","ping_status":"closed","sticky":false,"template":"","format":"standard","meta":{"footnotes":""},"categories":[826,954,1327],"tags":[1103,1439,112],"class_list":["post-53056","post","type-post","status-publish","format-standard","has-post-thumbnail","hentry","category-medios-libres-2","category-mexico","category-palestina","tag-gaza","tag-genocidio","tag-palestina"],"_links":{"self":[{"href":"https:\/\/radiozapatista.org\/index.php?rest_route=\/wp\/v2\/posts\/53056","targetHints":{"allow":["GET"]}}],"collection":[{"href":"https:\/\/radiozapatista.org\/index.php?rest_route=\/wp\/v2\/posts"}],"about":[{"href":"https:\/\/radiozapatista.org\/index.php?rest_route=\/wp\/v2\/types\/post"}],"author":[{"embeddable":true,"href":"https:\/\/radiozapatista.org\/index.php?rest_route=\/wp\/v2\/users\/1"}],"replies":[{"embeddable":true,"href":"https:\/\/radiozapatista.org\/index.php?rest_route=%2Fwp%2Fv2%2Fcomments&post=53056"}],"version-history":[{"count":1,"href":"https:\/\/radiozapatista.org\/index.php?rest_route=\/wp\/v2\/posts\/53056\/revisions"}],"predecessor-version":[{"id":53058,"href":"https:\/\/radiozapatista.org\/index.php?rest_route=\/wp\/v2\/posts\/53056\/revisions\/53058"}],"wp:featuredmedia":[{"embeddable":true,"href":"https:\/\/radiozapatista.org\/index.php?rest_route=\/wp\/v2\/media\/53057"}],"wp:attachment":[{"href":"https:\/\/radiozapatista.org\/index.php?rest_route=%2Fwp%2Fv2%2Fmedia&parent=53056"}],"wp:term":[{"taxonomy":"category","embeddable":true,"href":"https:\/\/radiozapatista.org\/index.php?rest_route=%2Fwp%2Fv2%2Fcategories&post=53056"},{"taxonomy":"post_tag","embeddable":true,"href":"https:\/\/radiozapatista.org\/index.php?rest_route=%2Fwp%2Fv2%2Ftags&post=53056"}],"curies":[{"name":"wp","href":"https:\/\/api.w.org\/{rel}","templated":true}]}}