{"id":53045,"date":"2025-12-06T15:43:48","date_gmt":"2025-12-06T21:43:48","guid":{"rendered":"https:\/\/radiozapatista.org\/?p=53045"},"modified":"2025-12-06T15:46:39","modified_gmt":"2025-12-06T21:46:39","slug":"jornadas-por-la-vida-en-azqueltan-accion-global-movilizacion-en-la-ciudad-de-mexico","status":"publish","type":"post","link":"https:\/\/radiozapatista.org\/?p=53045","title":{"rendered":"Jornadas por la vida en Azquelt\u00e1n Acci\u00f3n Global: Movilizaci\u00f3n en la Ciudad de M\u00e9xico"},"content":{"rendered":"\n<p>#JornadasPorLaVidaEnAzquelt\u00e1n<\/p>\n\n\n\n<p>#Acci\u00f3nGlobal contra la Guerra a los Pueblos Originarios<\/p>\n\n\n\n<p>#10deDiciembre_D\u00edaInternacionalDeLosDH y nos siguen asesinando.<\/p>\n\n\n\n<p>Herman@s Tod@s<\/p>\n\n\n\n<p>El pasado 4 de diciembre, la Comunidad Ind\u00edgena Aut\u00f3noma de San Lorenzo de Azquelt\u00e1n, integrante del Congreso Nacional Ind\u00edgena, CNI-CIG, convoc\u00f3 urgentemente, a las \u201cJornadas por la Vida en Azquelt\u00e1n\u201c que se llevar\u00e1 acabo del 6 al 10 de diciembre. Esto como respuesta al asesinato del compa\u00f1ero Marcos Aguilar Rojas el pasado 26 de noviembre, donde tambi\u00e9n queda gravemente herido el compa\u00f1ero Gabriel Aguilar Rojas.<\/p>\n\n\n\n<p>Dicha jornada deber\u00e1 de llevarse a cabo en distintos territorios y geograf\u00edas de M\u00e9xico y el mundo. Est\u00e1 *Acci\u00f3n Global*, que han convocado nuestr@s Compa\u00f1er@s propone acompa\u00f1ar las siguientes actividades:<\/p>\n\n\n\n<p>* 6 de diciembre.<\/p>\n\n\n\n<p>Rueda de prensa<\/p>\n\n\n\n<p>En la Feria Internacional del Libro de Guadalajara.<\/p>\n\n\n\n<p>Concentraci\u00f3n: 12:00 horas<\/p>\n\n\n\n<p>* 7 de diciembre<\/p>\n\n\n\n<p>Velada por Azquelt\u00e1n<\/p>\n\n\n\n<p>En la Feria Internacional del Libro de Guadalajara.<\/p>\n\n\n\n<p>Concentraci\u00f3n: 18:00 horas, llevar veladoras<\/p>\n\n\n\n<p>* 10 de diciembre<\/p>\n\n\n\n<p>Movilizaci\u00f3n en la Ciudad de M\u00e9xico<\/p>\n\n\n\n<p>Movilizaci\u00f3n para acompa\u00f1ar a la comunidad de Azquelt\u00e1n. Concentraci\u00f3n: Torre del caballito, 11:00 Hrs. Rumbo a la Decretar\u00eda de Gobernaci\u00f3n.<\/p>\n\n\n\n<p>* 10 de diciembre<\/p>\n\n\n\n<p>Movilizaci\u00f3n en la ciudad de Guadalajara<\/p>\n\n\n\n<p>Concentraci\u00f3n: El Santuario, 11:00 horas.<\/p>\n\n\n\n<p>Por lo anteriormente expuesto, convocamos a los Colectiv@s, organizaciones, redes, Pueblos Originarios, Comunidades Ind\u00edgenas e individu@s, para que puedan acompa\u00f1arnos, sumarse y participar activamente en esta movilizaci\u00f3n, que se llevar\u00e1 a cabo este 10 de diciembre de la Torre del Caballito en Reforma rumbo a la Secretar\u00eda de de Gobernaci\u00f3n, para denunciar la #GuerraCapitalista que ataca y despoja a los pueblos originarios, no solamente de la Tierra, el Territorio, el agua y su autonom\u00eda, sino tambi\u00e9n la Vida.<\/p>\n\n\n\n<p>Desde la Casa de los Pueblos y Comunidades Ind\u00edgenas \u201cSamir Flores Soberanes\u201d llamamos a la solidaridad nacional e internacional para exigir justicia para nuestros hermanos Marcos y Gabriel.<\/p>\n\n\n\n<p>Alertamos al Pueblo de M\u00e9xico y del mundo que el asesinato de Marcos y la agrave situaci\u00f3n en la que se encuentra el Compa\u00f1ero Gabriel, contradice el discurso oficial de la 4a Transformaci\u00f3n, pues mientras se preparan para celebrar este 10 de Diciembre, como el \u201cD\u00eda Internacional de los Derechos Humanos\u201d, nosotros nos movilizamos contra la impunidad municipal, estatal y federal, de la que gozan los asesinos que cegaron la Vida del compa\u00f1ero Marcos y que al amparo de la Transformaci\u00f3n de Cuarta, seguir\u00e1n gozando de libertad y sin castigo. Es por ello que hoy decimos que en M\u00e9xico, los Derechos Humanos \u201cNo son Positivos\u201d, \u201cNo son Esenciales\u201d y No son Alcanzables\u201d, como lo declara la mal llamada CNDH.<\/p>\n\n\n\n<p>Zapata Vive, la Lucha Sigue!!<\/p>\n\n\n\n<p>Alto a la Guerra contra los Pueblos Originarios<\/p>\n\n\n\n<p>Marcos vive la Lucha Sigue!<\/p>\n\n\n\n<p>Castigo a los asesinos, invasores y caciques<\/p>\n\n\n\n<p>Urgente titulaci\u00f3n de los Bienes Comunales<\/p>\n\n\n\n<p>Comunidad Ind\u00edgena Otom\u00ed residente en la CDMX, integrante del Congreso Nacional Ind\u00edgena, CNI-CIG.<\/p>\n\n\n\n<p><\/p>\n","protected":false},"excerpt":{"rendered":"<p>#JornadasPorLaVidaEnAzquelt\u00e1n #Acci\u00f3nGlobal contra la Guerra a los Pueblos Originarios #10deDiciembre_D\u00edaInternacionalDeLosDH y nos siguen asesinando. Herman@s Tod@s El pasado 4 de diciembre, la Comunidad Ind\u00edgena Aut\u00f3noma de San Lorenzo de Azquelt\u00e1n, integrante del Congreso Nacional Ind\u00edgena, CNI-CIG, convoc\u00f3 urgentemente, a las \u201cJornadas por la Vida en Azquelt\u00e1n\u201c que se llevar\u00e1 acabo del 6 al 10 de [&hellip;]<\/p>\n","protected":false},"author":21,"featured_media":53048,"comment_status":"open","ping_status":"closed","sticky":false,"template":"","format":"standard","meta":{"footnotes":""},"categories":[957,51,826,954,935],"tags":[58,567,147,545,87,148,27,483],"class_list":["post-53045","post","type-post","status-publish","format-standard","has-post-thumbnail","hentry","category-autonomia","category-autor","category-medios-libres-2","category-mexico","category-temas","tag-derechos-humanos","tag-megaproyectos","tag-militarizacion","tag-pueblos-indigenas","tag-represion","tag-resistencia","tag-solidaridad","tag-tierra-y-territorio"],"_links":{"self":[{"href":"https:\/\/radiozapatista.org\/index.php?rest_route=\/wp\/v2\/posts\/53045","targetHints":{"allow":["GET"]}}],"collection":[{"href":"https:\/\/radiozapatista.org\/index.php?rest_route=\/wp\/v2\/posts"}],"about":[{"href":"https:\/\/radiozapatista.org\/index.php?rest_route=\/wp\/v2\/types\/post"}],"author":[{"embeddable":true,"href":"https:\/\/radiozapatista.org\/index.php?rest_route=\/wp\/v2\/users\/21"}],"replies":[{"embeddable":true,"href":"https:\/\/radiozapatista.org\/index.php?rest_route=%2Fwp%2Fv2%2Fcomments&post=53045"}],"version-history":[{"count":1,"href":"https:\/\/radiozapatista.org\/index.php?rest_route=\/wp\/v2\/posts\/53045\/revisions"}],"predecessor-version":[{"id":53047,"href":"https:\/\/radiozapatista.org\/index.php?rest_route=\/wp\/v2\/posts\/53045\/revisions\/53047"}],"wp:featuredmedia":[{"embeddable":true,"href":"https:\/\/radiozapatista.org\/index.php?rest_route=\/wp\/v2\/media\/53048"}],"wp:attachment":[{"href":"https:\/\/radiozapatista.org\/index.php?rest_route=%2Fwp%2Fv2%2Fmedia&parent=53045"}],"wp:term":[{"taxonomy":"category","embeddable":true,"href":"https:\/\/radiozapatista.org\/index.php?rest_route=%2Fwp%2Fv2%2Fcategories&post=53045"},{"taxonomy":"post_tag","embeddable":true,"href":"https:\/\/radiozapatista.org\/index.php?rest_route=%2Fwp%2Fv2%2Ftags&post=53045"}],"curies":[{"name":"wp","href":"https:\/\/api.w.org\/{rel}","templated":true}]}}