{"id":53022,"date":"2025-12-05T11:12:25","date_gmt":"2025-12-05T17:12:25","guid":{"rendered":"https:\/\/radiozapatista.org\/?p=53022"},"modified":"2025-12-05T11:25:30","modified_gmt":"2025-12-05T17:25:30","slug":"tras-12-horas-de-encapsulamiento-granaderos-liberan-planton-de-las-mazatecas-por-la-libertad","status":"publish","type":"post","link":"https:\/\/radiozapatista.org\/?p=53022","title":{"rendered":"Tras 12 horas de encapsulamiento, granaderos liberan plant\u00f3n de las Mazatecas por la Libertad"},"content":{"rendered":"<p>Se cumplieron 12 horas del encapsulamiento ( 11 de la ma\u00f1ana) por parte de los granaderos de la Jefa de Gobierno Clara Brugada, que impidieron la llegada de la <em>\u201cFaena internacionalista por el FIN a la criminalizaci\u00f3n\u201d<\/em> convocada por las Mujeres mazatecas por la Libertad. Est\u00e1 jornada de protesta y difusi\u00f3n fue convocada frente a la Suprema Corte de Justicia de la Naci\u00f3n (SCJN). Siendo esta la primera Faena Internacionalista realizada en la Ciudad de M\u00e9xico con el fin de demandar justicia frente a las 200 ordenes de aprehensi\u00f3n fabricadas en contra de mas de 56 integrantes de Eloxochitlan de Flores Mag\u00f3n, Oaxaca, anunciadas a principios de a\u00f1o. No fue hasta las 9 de la ma\u00f1ana que el paso de la calle Pino Su\u00e1rez fue liberado por los granaderos gracias a la presi\u00f3n realizada por los pueblos organizados de la Ciudad de M\u00e9xico, activistas y medios libres que se hicieron presentes en respuesta a la represi\u00f3n.<\/p>\n\n\n\n<p>Los cuerpos de granaderos ahora llamados Agrupamientos de Tareas Especiales que participaron en esta jornada represiva son: Centauros, Marcopolos, Faunos y Ateneas, los cuales se mantuvieron realizando amenazas y hostigamiento en contra de activistas y periodistas durante el encapsulamiento a la vez de que ocultaron los nombres que deben portar en el chaleco para evitar ser denunciados por las recurrentes faltas al protocolo de actuaci\u00f3n.<\/p>\n\n\n\n<p>El programa de la Faena Internacionalista contin\u00faa frente a la puerta de la SCJN, se les invita a asistir a las actividades de hoy a partir de las 16:00 hrs y a las de ma\u00f1ana 4 de diciembre a partir de las 12:00 hrs; se llevar\u00e1n a cabo foros, presentaciones gr\u00e1ficas, proyecci\u00f3n de documentales, presentaciones musicales, entre otras. El programa completo se encuentra en las redes de las Mujeres Mazatecas por la Libertad y de Presos pol\u00edticos Eloxochitlan de Flores Mag\u00f3n.<\/p>","protected":false},"excerpt":{"rendered":"<p>Se cumplieron 12 horas del encapsulamiento ( 11 de la ma\u00f1ana) por parte de los granaderos de la Jefa de Gobierno Clara Brugada, que impidieron la llegada de la \u201cFaena internacionalista por el FIN a la criminalizaci\u00f3n\u201d convocada por las Mujeres mazatecas por la Libertad. Est\u00e1 jornada de protesta y difusi\u00f3n fue convocada frente a [&hellip;]<\/p>\n","protected":false},"author":1,"featured_media":53024,"comment_status":"open","ping_status":"closed","sticky":false,"template":"","format":"standard","meta":{"footnotes":""},"categories":[826,954,961],"tags":[284,1465,53,41,918,545],"class_list":["post-53022","post","type-post","status-publish","format-standard","has-post-thumbnail","hentry","category-medios-libres-2","category-mexico","category-mujeres","tag-criminalizacion","tag-eloxochitlan-2","tag-justicia","tag-mujeres","tag-oaxaca","tag-pueblos-indigenas"],"_links":{"self":[{"href":"https:\/\/radiozapatista.org\/index.php?rest_route=\/wp\/v2\/posts\/53022","targetHints":{"allow":["GET"]}}],"collection":[{"href":"https:\/\/radiozapatista.org\/index.php?rest_route=\/wp\/v2\/posts"}],"about":[{"href":"https:\/\/radiozapatista.org\/index.php?rest_route=\/wp\/v2\/types\/post"}],"author":[{"embeddable":true,"href":"https:\/\/radiozapatista.org\/index.php?rest_route=\/wp\/v2\/users\/1"}],"replies":[{"embeddable":true,"href":"https:\/\/radiozapatista.org\/index.php?rest_route=%2Fwp%2Fv2%2Fcomments&post=53022"}],"version-history":[{"count":2,"href":"https:\/\/radiozapatista.org\/index.php?rest_route=\/wp\/v2\/posts\/53022\/revisions"}],"predecessor-version":[{"id":53031,"href":"https:\/\/radiozapatista.org\/index.php?rest_route=\/wp\/v2\/posts\/53022\/revisions\/53031"}],"wp:featuredmedia":[{"embeddable":true,"href":"https:\/\/radiozapatista.org\/index.php?rest_route=\/wp\/v2\/media\/53024"}],"wp:attachment":[{"href":"https:\/\/radiozapatista.org\/index.php?rest_route=%2Fwp%2Fv2%2Fmedia&parent=53022"}],"wp:term":[{"taxonomy":"category","embeddable":true,"href":"https:\/\/radiozapatista.org\/index.php?rest_route=%2Fwp%2Fv2%2Fcategories&post=53022"},{"taxonomy":"post_tag","embeddable":true,"href":"https:\/\/radiozapatista.org\/index.php?rest_route=%2Fwp%2Fv2%2Ftags&post=53022"}],"curies":[{"name":"wp","href":"https:\/\/api.w.org\/{rel}","templated":true}]}}