{"id":53018,"date":"2025-12-04T17:50:22","date_gmt":"2025-12-04T23:50:22","guid":{"rendered":"https:\/\/radiozapatista.org\/?p=53018"},"modified":"2025-12-05T11:34:20","modified_gmt":"2025-12-05T17:34:20","slug":"convocatoria-a-las-jornadas-por-la-vida-de-azqueltan","status":"publish","type":"post","link":"https:\/\/radiozapatista.org\/?p=53018","title":{"rendered":"CONVOCATORIA A LAS JORNADAS POR LA VIDA DE AZQUELT\u00c1N"},"content":{"rendered":"<p>A los pueblos ind\u00edgenas de M\u00e9xico y del mundo<br>Al Ej\u00e9rcito Zapatista de Liberaci\u00f3n Nacional<br>A los colectivos, organizaciones y redes de resistencia de todos los continentes<br>A la sociedad civil solidaria con la vida de nuestro pueblo<\/p>\n\n\n\n<p>Desde la Comunidad Ind\u00edgena Aut\u00f3noma Wix\u00e1rika y Tepehuana de San Lorenzo de Azquelt\u00e1n, municipio de Villa Guerrero, Jalisco, hacemos un llamado urgente, nacido del dolor, de la rabia y de la memoria viva de nuestro hermano y autoridad agraria Marcos Aguilar Rojas, asesinado el 26 de noviembre de 2025, y de nuestro compa\u00f1ero Gabriel Aguilar Rojas, gravemente herido en la misma agresi\u00f3n.<\/p>\n\n\n\n<p>Considerando:<\/p>\n\n\n\n<p>Que nuestra palabra nace en un tiempo oscuro. El ataque que arrebat\u00f3 la vida de Marcos no fue un hecho aislado: es la consecuencia directa de d\u00e9cadas de agresiones armadas, invasiones de nuestras tierras comunales, ataques paramilitares, amenazas y una estructura completa de complicidad e impunidad, tal como lo demuestra el documento que hemos hecho p\u00fablico.<\/p>\n\n\n\n<p>&nbsp;Que la comunidad enfrenta hoy un peligro extremo. Los caciques y sus grupos de agresores \u2014los pistoleros de antes y los pistoleros de ahora\u2014 se siguen reuniendo, patrullan nuestros caminos con total impunidad, protegidos por operadores judiciales, polic\u00edas y funcionarios que bloquean investigaciones, encubren cr\u00edmenes y garantizan la continuidad de las agresiones.<\/p>\n\n\n\n<p>Que la violencia no es nueva ni aislada: es una estrategia de despojo territorial, que busca exterminar a la comunidad para apropiarse de miles de hect\u00e1reas comunales que, desde tiempos inmemoriales, pertenecen a nuestro pueblo.<\/p>\n\n\n\n<p class=\"has-text-align-center\">CONVOCAMOS<br>a las<br><strong>JORNADAS POR LA VIDA EN AZQUELT\u00c1N<\/strong><br>a realizarse del 6 al 10 de diciembre, con actividades en distintos territorios y geograf\u00edas:<\/p>\n\n\n\n<p><strong>6 de diciembre<\/strong><\/p>\n\n\n\n<p>Rueda de prensa <br>Feria Internacional del Libro de Guadalajara<br>Concentraci\u00f3n: 12:00 horas<\/p>\n\n\n\n<p><strong>7 de diciembre<\/strong><\/p>\n\n\n\n<p>Velada por Azquelt\u00e1n <br>Feria Internacional del Libro de Guadalajara<br>Concentraci\u00f3n: 18:00 horas, llevar veladoras<\/p>\n\n\n\n<p><strong>10 de diciembre<\/strong><\/p>\n\n\n\n<p>Movilizaci\u00f3n en la Ciudad de M\u00e9xico<br>Movilizaci\u00f3n para acompa\u00f1ar a la comunidad de Azquelt\u00e1n<br>Concentraci\u00f3n: Torre del caballito, 11:00 horas<\/p>\n\n\n\n<p><strong>10 de diciembre<\/strong><\/p>\n\n\n\n<p>Movilizaci\u00f3n en la ciudad de Guadalajara<br>Concentraci\u00f3n: El Santuario, 11:00 horas.<\/p>\n\n\n\n<p><strong>Convocatoria a la Acci\u00f3n Global<\/strong><\/p>\n\n\n\n<p>Llamamos a los pueblos originarios conscientes, a los colectivos y organizaciones de derechos humanos, a la sociedad civil nacional e internacional, a realizar acciones dislocadas en sus territorios, plazas, centros comunitarios, universidades, embajadas o consulados, del 6 al 10 de diciembre, para hacer resonar nuestras exigencias fundamentales y registrando las acciones que se vayan a realizar, a trav\u00e9s del correo electr\u00f3nico <a href=\"mailto:cnicomunicacion@gmail.com\">cnicomunicacion@gmail.com<\/a><\/p>\n\n\n\n<p>Justicia para Marcos y Gabriel.<\/p>\n\n\n\n<p>Castigo a los responsables materiales e intelectuales, y garant\u00edas de no repetici\u00f3n.<\/p>\n\n\n\n<p>Seguridad para la comunidad de San Lorenzo de Azquelt\u00e1n, mediante la presencia permanente de cuerpos de seguridad federales que eviten nuevos ataques armados.<\/p>\n\n\n\n<p>Urgente titulaci\u00f3n de los Bienes Comunales, que el gobierno federal de M\u00e9xico asuma su responsabilidad hist\u00f3rica y titule de forma definitiva los terrenos comunales de San Lorenzo de Azquelt\u00e1n.<\/p>\n\n\n\n<p>Desmantelamiento de la red de impunidad que protege a asesinos, invasores y caciques responsables del despojo, la violencia y la muerte.<\/p>\n\n\n\n<p class=\"has-text-align-center\">Atentamente<br>Diciembre de 2025<br>Porque nuestra lucha es por la vida,<br>Por la memoria y por la tierra comunal.<br>Porque Marcos vive en cada paso que damos.<br>Comunidad Ind\u00edgena Aut\u00f3noma de San Lorenzo de Azquelt\u00e1n<br>Congreso Nacional Ind\u00edgena<\/p>","protected":false},"excerpt":{"rendered":"<p>A los pueblos ind\u00edgenas de M\u00e9xico y del mundoAl Ej\u00e9rcito Zapatista de Liberaci\u00f3n NacionalA los colectivos, organizaciones y redes de resistencia de todos los continentesA la sociedad civil solidaria con la vida de nuestro pueblo Desde la Comunidad Ind\u00edgena Aut\u00f3noma Wix\u00e1rika y Tepehuana de San Lorenzo de Azquelt\u00e1n, municipio de Villa Guerrero, Jalisco, hacemos un [&hellip;]<\/p>\n","protected":false},"author":21,"featured_media":53019,"comment_status":"open","ping_status":"closed","sticky":false,"template":"","format":"standard","meta":{"footnotes":""},"categories":[957,51,1024,943,958,954,935],"tags":[58,53,147,545,148,27,483],"class_list":["post-53018","post","type-post","status-publish","format-standard","has-post-thumbnail","hentry","category-autonomia","category-autor","category-cni-temas","category-cni","category-megaproyectos","category-mexico","category-temas","tag-derechos-humanos","tag-justicia","tag-militarizacion","tag-pueblos-indigenas","tag-resistencia","tag-solidaridad","tag-tierra-y-territorio"],"_links":{"self":[{"href":"https:\/\/radiozapatista.org\/index.php?rest_route=\/wp\/v2\/posts\/53018","targetHints":{"allow":["GET"]}}],"collection":[{"href":"https:\/\/radiozapatista.org\/index.php?rest_route=\/wp\/v2\/posts"}],"about":[{"href":"https:\/\/radiozapatista.org\/index.php?rest_route=\/wp\/v2\/types\/post"}],"author":[{"embeddable":true,"href":"https:\/\/radiozapatista.org\/index.php?rest_route=\/wp\/v2\/users\/21"}],"replies":[{"embeddable":true,"href":"https:\/\/radiozapatista.org\/index.php?rest_route=%2Fwp%2Fv2%2Fcomments&post=53018"}],"version-history":[{"count":2,"href":"https:\/\/radiozapatista.org\/index.php?rest_route=\/wp\/v2\/posts\/53018\/revisions"}],"predecessor-version":[{"id":53033,"href":"https:\/\/radiozapatista.org\/index.php?rest_route=\/wp\/v2\/posts\/53018\/revisions\/53033"}],"wp:featuredmedia":[{"embeddable":true,"href":"https:\/\/radiozapatista.org\/index.php?rest_route=\/wp\/v2\/media\/53019"}],"wp:attachment":[{"href":"https:\/\/radiozapatista.org\/index.php?rest_route=%2Fwp%2Fv2%2Fmedia&parent=53018"}],"wp:term":[{"taxonomy":"category","embeddable":true,"href":"https:\/\/radiozapatista.org\/index.php?rest_route=%2Fwp%2Fv2%2Fcategories&post=53018"},{"taxonomy":"post_tag","embeddable":true,"href":"https:\/\/radiozapatista.org\/index.php?rest_route=%2Fwp%2Fv2%2Ftags&post=53018"}],"curies":[{"name":"wp","href":"https:\/\/api.w.org\/{rel}","templated":true}]}}