{"id":53011,"date":"2025-12-03T09:05:44","date_gmt":"2025-12-03T15:05:44","guid":{"rendered":"https:\/\/radiozapatista.org\/?p=53011"},"modified":"2025-12-03T09:21:19","modified_gmt":"2025-12-03T15:21:19","slug":"informe-de-la-primera-mision-civil-de-observacion-en-eloxochitlan-oaxaca-senala-crimenes-de-lesa-humanidad-contra-la-comunidad-etnocidio-y-ecocidio","status":"publish","type":"post","link":"https:\/\/radiozapatista.org\/?p=53011","title":{"rendered":"Informe de la Primera Misi\u00f3n Civil de Observaci\u00f3n en Eloxochitl\u00e1n, Oaxaca, se\u00f1ala cr\u00edmenes de lesa humanidad contra la comunidad, etnocidio y ecocidio"},"content":{"rendered":"<p>Presentado el s\u00e1bado 29 de noviembre a la comunidad de Eloxochitl\u00e1n en espa\u00f1ol y Enna (lengua mazateca). El informe es producto de la Misi\u00f3n de Observaci\u00f3n realizada en julio de este a\u00f1o por un grupo interdisciplinar.<\/p>\n\n\n\n<p>Concluye que la comunidad es v\u00edctima de cr\u00edmenes de lesa humanidad, los cuales al ser sistem\u00e1ticos y&nbsp;al&nbsp;prolongarse por una d\u00e9cada,&nbsp;constituyen un caso de etnocidio que busca la destrucci\u00f3n de la forma de organizaci\u00f3n y vida de esta comunidad mazateca. El etnocidio de la comunidad de Eloxochitl\u00e1n tiene como fin socavar la resistencia comunitaria frente a las actividades extractivistas que han provocado el ecocidio del R\u00edo Xang\u00e1 Nd\u00e1 Ge y la destrucci\u00f3n de la libre determinaci\u00f3n de la comunidad:<\/p>\n\n\n\n<p>\u2013 Sobre esto se detecta detenciones arbitrarias, prisi\u00f3n preventiva prolongada, criminalizaci\u00f3n pol\u00edtica, desplazamiento forzado y etnocidio, violencia de g\u00e9nero.<\/p>\n\n\n\n<p>\u2013 Sobre el saqueo al R\u00edo Xang\u00e1 Nda Ge, se identifican alteraciones&nbsp; hidrol\u00f3gicas, agentes contaminantes, desecaci\u00f3n, adem\u00e1s de da\u00f1os en la flora y fauna.<\/p>\n\n\n\n<p>Se busca que este compilado de documentaci\u00f3n se lleve a instancias internacionales, pues sostiene que no existen condiciones legales que garanticen la protecci\u00f3n de los derechos de la comunidad. Los actos de agresi\u00f3n, persecuci\u00f3n pol\u00edtica y criminalizaci\u00f3n han resultado en 50 v\u00edctimas directas y al menos 500 indirectas.<\/p>\n\n\n\n<p>La documentaci\u00f3n recabada se\u00f1ala como responsables a gobernadores, titulares y magistrados, quienes con respaldo y complicidad del Estado han incidido en la negaci\u00f3n de la justicia, persecuci\u00f3n y fabricaci\u00f3n de expedientes.<\/p>\n\n\n\n<p>As\u00ed mismo, se menciona que el Juzgado de Huautla tiene la mayor responsabilidad al permitir omisiones y pr\u00e1cticas a favor de los caciques, pues se han negado actos de tortura sustentadas desde el Protocolo de Estambul, obstaculizaci\u00f3n de procesos, criminalizaci\u00f3n de autoridades comunitarias, detenciones arbitrarias y manipulaci\u00f3n de testimonios.<\/p>\n\n\n\n<p>A trav\u00e9s de una cronolog\u00eda de hechos, se describe el proceso de agresiones que ha llevado la comunidad mazateca como: intervenci\u00f3n militar, amedrentamiento, tortura, despojo, allanamientos de viviendas, amenzas y abusos de autoridad. Muchos de estas violencias anteceden al 2014, ya que desde el 2011 se realizaron m\u00faltiples denuncias formales, las cuales nunca avanzaron debido a omisiones del juzgado de Huautla.<\/p>\n\n\n\n<p>Durante las \u00faltimas semanas el gobernador de Oaxaca Salom\u00f3n Jara ha se\u00f1alado a Eloxochitlan como un punto rojo, tratando de decir que es una comunidad violenta;&nbsp;una estrategia de desprestigio aprovechando su poder y medios de difusi\u00f3n para impulsar al cacique Manuel Cepeda en las elecciones a la presidencia municipal de Eloxochitlan llevadas a cabo este 23 de noviembre donde fue el segundo con&nbsp;m\u00e1s votos.<\/p>\n\n\n\n<p>La presentaci\u00f3n fue tambi\u00e9n un espacio de reflexi\u00f3n para la comunidad, donde se lanz\u00f3 un mensaje frente a quienes siguen impulsado la narrativa de \u201cun conflicto entre dos familias\u201d, simplificando los graves ataques en complicidad con los tres niveles de gobierno.&nbsp;A&nbsp;quienes&nbsp;les&nbsp;contestaron que Eloxochitlan est\u00e1 integrada por diversas familias, con diferentes apellidos, un pueblo peque\u00f1o donde es com\u00fan en ocasiones compartir apellidos.<\/p>\n\n\n\n<p>Muchas mujeres, como consta en la transmisi\u00f3n de Radio Zapote ese d\u00eda, mencionaron sus apellidos. Quienes hablaron son madres, esposas y hermanas de ex-presos y perseguidos pol\u00edticos desde el 2014 , que tuvieron que abandonar sus casas para dedicarse a la lucha por la liberaci\u00f3n de sus familiares, trabajar la tierra que antes trabajaban ellos para darle de comer a sus hijos, dormir en la calle en los plantones como el que se mantuvo m\u00e1s de dos a\u00f1os afuera de la Suprema Corte de Justicia en la Ciudad de M\u00e9xico, esperando que los ministros atendieran el caso.<\/p>\n\n\n\n<p>El informe concluye que, derivado a la incompetencia del sistema de justicia mexicano por garantizar condiciones m\u00ednimas de seguridad, justicia y respeto a los derechos humanos de la comunidad perseguida de Eloxochitl\u00e1n; el caso debe ser presentado ante la Comisi\u00f3n Interamericana de Derechos Humanos (CIDH), adem\u00e1s de exigir medidas cautelares para todas las personas que se encuentran en riesgo, as\u00ed como medidas espec\u00edficas de protecci\u00f3n para las victimas indirectas.<\/p>\n\n\n\n<p>La elaboraci\u00f3n de este informe, marca un gran antecedente a las formas de resistencia frente a las injusticias y violaciones del Estado hacia los pueblos. Las compa\u00f1eras Mazatecas son ejemplo de c\u00f3mo hacer frente a la impunidad y la criminalizaci\u00f3n, su lucha por la libertad ha sido ardua y a\u00fan no termina.<\/p>\n\n\n\n<p>Como han venido haciendo en estos a\u00f1os, las Mazatecas por la libertad nos&nbsp;vuelven a hacer la invitaci\u00f3n para la \u201cFaena Internacionalista por el Fin a la Criminalizaci\u00f3n\u201d que&nbsp;se llevar\u00e1&nbsp;a cabo del 3 al 4 de diciembre del 2025 en la CDMX frente a la Suprema Corte de Justicia de la Naci\u00f3n. Y los d\u00edas 3 y 4&nbsp;&nbsp;5 de diciembre a las afueras de la ONU mujeres en calzada General Mariano Escobedo 526, colonia Anzures, Miguel Hidalgo.<\/p>\n\n\n\n<figure class=\"wp-block-image\"><img decoding=\"async\" src=\"https:\/\/radiozapote.org\/wp-content\/uploads\/2025\/12\/WhatsApp-Image-2025-12-02-at-6.02.39-PM-1024x768.jpeg\" alt=\"\" class=\"wp-image-3518\"\/><\/figure>\n\n\n\n<figure class=\"wp-block-image\"><img decoding=\"async\" src=\"https:\/\/radiozapote.org\/wp-content\/uploads\/2025\/12\/WhatsApp-Image-2025-12-02-at-5.50.47-PM-1024x768.jpeg\" alt=\"\" class=\"wp-image-3519\"\/><\/figure>\n\n\n\n<figure class=\"wp-block-image\"><img decoding=\"async\" src=\"https:\/\/radiozapote.org\/wp-content\/uploads\/2025\/12\/WhatsApp-Image-2025-12-02-at-5.57.59-PM-1-1024x768.jpeg\" alt=\"\" class=\"wp-image-3520\"\/><\/figure>\n\n\n\n<figure class=\"wp-block-image\"><img decoding=\"async\" src=\"https:\/\/radiozapote.org\/wp-content\/uploads\/2025\/12\/WhatsApp-Image-2025-12-02-at-6.16.10-PM-1024x768.jpeg\" alt=\"\" class=\"wp-image-3521\"\/><\/figure>\n\n\n\n<figure class=\"wp-block-image\"><img decoding=\"async\" src=\"https:\/\/radiozapote.org\/wp-content\/uploads\/2025\/12\/WhatsApp-Image-2025-12-02-at-5.57.59-PM-1024x768.jpeg\" alt=\"\" class=\"wp-image-3522\"\/><\/figure>","protected":false},"excerpt":{"rendered":"<p>Presentado el s\u00e1bado 29 de noviembre a la comunidad de Eloxochitl\u00e1n en espa\u00f1ol y Enna (lengua mazateca). El informe es producto de la Misi\u00f3n de Observaci\u00f3n realizada en julio de este a\u00f1o por un grupo interdisciplinar. Concluye que la comunidad es v\u00edctima de cr\u00edmenes de lesa humanidad, los cuales al ser sistem\u00e1ticos y&nbsp;al&nbsp;prolongarse por una [&hellip;]<\/p>\n","protected":false},"author":1,"featured_media":53010,"comment_status":"open","ping_status":"closed","sticky":false,"template":"","format":"standard","meta":{"footnotes":""},"categories":[826,954],"tags":[198,53,918,545,87,511],"class_list":["post-53011","post","type-post","status-publish","format-standard","has-post-thumbnail","hentry","category-medios-libres-2","category-mexico","tag-impunidad","tag-justicia","tag-oaxaca","tag-pueblos-indigenas","tag-represion","tag-violencia"],"_links":{"self":[{"href":"https:\/\/radiozapatista.org\/index.php?rest_route=\/wp\/v2\/posts\/53011","targetHints":{"allow":["GET"]}}],"collection":[{"href":"https:\/\/radiozapatista.org\/index.php?rest_route=\/wp\/v2\/posts"}],"about":[{"href":"https:\/\/radiozapatista.org\/index.php?rest_route=\/wp\/v2\/types\/post"}],"author":[{"embeddable":true,"href":"https:\/\/radiozapatista.org\/index.php?rest_route=\/wp\/v2\/users\/1"}],"replies":[{"embeddable":true,"href":"https:\/\/radiozapatista.org\/index.php?rest_route=%2Fwp%2Fv2%2Fcomments&post=53011"}],"version-history":[{"count":5,"href":"https:\/\/radiozapatista.org\/index.php?rest_route=\/wp\/v2\/posts\/53011\/revisions"}],"predecessor-version":[{"id":53016,"href":"https:\/\/radiozapatista.org\/index.php?rest_route=\/wp\/v2\/posts\/53011\/revisions\/53016"}],"wp:featuredmedia":[{"embeddable":true,"href":"https:\/\/radiozapatista.org\/index.php?rest_route=\/wp\/v2\/media\/53010"}],"wp:attachment":[{"href":"https:\/\/radiozapatista.org\/index.php?rest_route=%2Fwp%2Fv2%2Fmedia&parent=53011"}],"wp:term":[{"taxonomy":"category","embeddable":true,"href":"https:\/\/radiozapatista.org\/index.php?rest_route=%2Fwp%2Fv2%2Fcategories&post=53011"},{"taxonomy":"post_tag","embeddable":true,"href":"https:\/\/radiozapatista.org\/index.php?rest_route=%2Fwp%2Fv2%2Ftags&post=53011"}],"curies":[{"name":"wp","href":"https:\/\/api.w.org\/{rel}","templated":true}]}}