{"id":53005,"date":"2025-12-03T08:43:32","date_gmt":"2025-12-03T14:43:32","guid":{"rendered":"https:\/\/radiozapatista.org\/?p=53005"},"modified":"2025-12-03T09:21:11","modified_gmt":"2025-12-03T15:21:11","slug":"peru-rondas-por-la-memoria-contra-politicas-de-matar-estigmatizar-olvidar","status":"publish","type":"post","link":"https:\/\/radiozapatista.org\/?p=53005","title":{"rendered":"Per\u00fa: rondas por la memoria contra pol\u00edticas de matar, estigmatizar, olvidar"},"content":{"rendered":"\n<p><em>Texto y fotos: <a href=\"https:\/\/avispa.org\/es\/author\/prado\/\">Javier Bed\u00eda Prado<\/a> | <a href=\"https:\/\/avispa.org\/peru-rondas-por-la-memoria-contra-politicas-de-matar-estigmatizar-olvidar\/\" target=\"_blank\" rel=\"noreferrer noopener\">Avispa Midia<\/a><\/em><\/p>\n\n\n\n<p>Desde hace m\u00e1s de treinta a\u00f1os, Marly Anzualdo busca a su hermano Kenneth, desaparecido en el&nbsp;Cuartel General del Ej\u00e9rcito del Per\u00fa. Los responsables hoy tienen a su favor una&nbsp;<a href=\"https:\/\/avispa.org\/peru-amnistia-para-violaciones-de-derechos-humanos-busqueda-de-desaparecidos-continua\/\">ley de amnist\u00eda<\/a>&nbsp;que podr\u00eda anular los procesos y sentencias por violaciones a derechos humanos en el per\u00edodo de violencia pol\u00edtica ocurrida entre los a\u00f1os de 1980 al 2000.<\/p>\n\n\n\n<p>Contra la impunidad y el olvido, cada&nbsp;jueves en el centro de Lima, las familias de personas desaparecidas durante el conflicto armado interno y de v\u00edctimas de represi\u00f3n estatal en democracia se re\u00fanen frente a la sede principal del Poder Judicial. Un ejercicio de memoria desde un presente bajo terrorismo de Estado.<\/p>\n\n\n\n<p>\u201cQuien busca, encuentra. Ninguna persona desaparece, son desaparecidas, y cuando lo hace el Estado, sabemos qui\u00e9nes tienen que darnos una respuesta. No importa cu\u00e1nto tiempo pase. Queremos justicia, no puede haber paz sin justicia\u201d, expres\u00f3 para&nbsp;<em>Avispa M\u00eddia,&nbsp;<\/em>Marly Anzualdo.<\/p>\n\n\n\n<p>El 16 de diciembre de 1993, Kenneth Anzualdo Castro, estudiante de econom\u00eda de la Universidad Nacional del Callao, fue&nbsp;secuestrado en Lima por agentes del Servicio de Inteligencia de la Marina, cuando se movilizaba en un bus, en represalia por denunciar la desaparici\u00f3n de un compa\u00f1ero.&nbsp;<\/p>\n\n\n\n<p>La guerra subversiva-contrasubversiva&nbsp;<a href=\"https:\/\/aoav.org.uk\/2024\/how-accurate-were-the-trcs-findings-on-peruvian-civil-war-casualties-professor-mike-spagat-talks-to-dr-silvio-rendon-about-why-a-lower-death-toll-might-be-more-likely\/?fbclid=IwY2xjawLKSClleHRuA2FlbQIxMQBicmlkETFRU2FxUERtR0NJckl3SVUzAR4WFfPAoLEVhXefYnNWBHOQjPYBucGm63AV786q0F3QsaAi8ELzVNjOmaLi1g_aem_TTo4_Oo2Qa9t6L2YeLfytw\">caus\u00f3 69,000 muertes<\/a>, de acuerdo al informe de la Comisi\u00f3n de la Verdad y Reconciliaci\u00f3n, la mayor\u00eda de poblaci\u00f3n civil quechuahablante de los Andes peruanos, v\u00edctima de la violencia extrema de Sendero Luminoso y el Estado. En el conflicto tambi\u00e9n actu\u00f3 el Movimiento Revolucionario T\u00fapac Amaru (MRTA).<\/p>\n\n\n\n<p>De las m\u00e1s de 22,000 personas cuyo paradero se desconoce, solo se ha finalizado la b\u00fasqueda de 2,582, seg\u00fan el Registro Nacional de Personas Desaparecidas y Sitios de Entierro (Renade).&nbsp;<\/p>\n\n\n\n<p>Sin embargo, en mayo de este a\u00f1o la Direcci\u00f3n de B\u00fasqueda de Desaparecidos fij\u00f3 un plazo de 18 meses de investigaci\u00f3n en casos de desaparici\u00f3n forzada, lo que contradice la ley que obliga a las entidades p\u00fablicas a realizar pesquisas de forma permanente, hasta hallar a la persona o sus restos.&nbsp;<\/p>\n\n\n\n<p>La Ley de Amnist\u00eda para integrantes de las Fuerzas Armadas, Polic\u00eda Nacional, comit\u00e9s de autodefensa y funcionarios del Estado fue decretada por el Congreso en junio, con el apoyo de partidos de ultraderecha y conservadores,&nbsp;vinculados a las instituciones armadas y part\u00edcipes de la represi\u00f3n.<\/p>\n\n\n\n<p>El dictamen elimina la responsabilidad penal para los&nbsp;sentenciados&nbsp;y procesados&nbsp;mayores de 80 a\u00f1os. Las fuerzas del orden perpetraron masacres de comunidades campesinas e ind\u00edgenas, ejecuciones extrajudiciales, violaciones,&nbsp;torturas y desapariciones de menores de edad, ancianos, sindicalistas, militantes de izquierda, autoridades pol\u00edticas y estudiantes universitarios.<\/p>\n\n\n\n<p>Hay 156 sentencias y m\u00e1s de 600 procesos en curso que, en el papel, pueden eliminarse, pero en los juzgados peruanos no se est\u00e1 aceptando aplicar la ley que contravienen la jurisprudencia internacional.<\/p>\n\n\n\n<h3 class=\"wp-block-heading\" id=\"h-matan-a-nuestros-hijos-y-nos-llaman-terroristas\"><strong>\u201cMatan a nuestros hijos y nos llaman terroristas\u201d<\/strong><\/h3>\n\n\n\n<p>Tras el retorno de la democracia, entre los a\u00f1os 2002 y 2019, se registraron alrededor de 300 muertes en conflictos sociales. En su mayor\u00eda de manifestantes y defensores de territorios asediados por extractivismos, indican los datos de la&nbsp;Defensor\u00eda del Pueblo y la&nbsp;Coordinadora Nacional de Derechos Humanos.&nbsp;&nbsp;<\/p>\n\n\n\n<!--more-->\n\n\n\n<p>La noche del 14 de noviembre de 2020,&nbsp;Inti Sotelo, de 23 a\u00f1os, era asesinado por la polic\u00eda de un disparo de perdig\u00f3n en el pecho, durante las marchas en el Centro de Lima ante el golpe de Estado que llev\u00f3 a la presidencia al ultraconservador Manuel Merino. El masivo rechazo a los cr\u00edmenes contra los j\u00f3venes Inti y Bryan Pintado oblig\u00f3 la renuncia de Merino a una semana de asumir el cargo.&nbsp;<\/p>\n\n\n\n<p>Este fue un ensayo abreviado del&nbsp;<a href=\"https:\/\/avispa.org\/el-peru-bajo-dictadura-civico-militar\/\">r\u00e9gimen de Dina Boluarte<\/a>, sostenido por m\u00e1s de 50 asesinatos en&nbsp;movilizaciones populares&nbsp;contra&nbsp;la ilegal destituci\u00f3n del presidente Pedro Castillo,&nbsp;en diciembre de&nbsp;2022. Siete de las v\u00edctimas eran menores de edad. As\u00ed se reinstal\u00f3 en el Per\u00fa una&nbsp;<a href=\"https:\/\/avispa.org\/peru-los-pueblos-indigenas-sostienen-lucha-contra-la-dictadura\/\">dictadura c\u00edvico-militar<\/a>, esta vez administrada desde el Parlamento.&nbsp;<\/p>\n\n\n\n<p>\u201cTiene que cambiar la estigmatizaci\u00f3n, el racismo, solo ellos (los partidos tradicionales) quieren gobernar. El futuro de los j\u00f3venes depende de ellos, s\u00e9 que nos costar\u00e1 vidas, as\u00ed como Inti y Bryan salieron a luchar. Adem\u00e1s de matar a nuestros hijos, nos acusan de terroristas, por ser de provincias\u201d, observ\u00f3 para este medio Salvador Sotelo, padre de Inti.<\/p>\n\n\n\n<p>Los herederos del dictador Alberto Fujimori y otros sectores de derechas, en alianza con la oligarqu\u00eda econ\u00f3mica y las fuerzas armadas, contin\u00faan desde diciembre de 2022 el modelo de terrorismo de Estado racializado. El 9 de enero de 2023, en la masacre de Juliaca (regi\u00f3n Puno), 18 personas fueron victimadas, 15 con balas de armas de fuego de polic\u00edas y militares.<\/p>\n\n\n\n<p>A pesar de las evidencias sobre decenas de mandos y efectivos responsables de&nbsp;<a href=\"https:\/\/www.hrw.org\/es\/news\/2023\/05\/10\/peru-las-pruebas-refutan-la-version-oficial-sobre-las-muertes-en-juliaca\">ejecuciones extrajudiciales<\/a>&nbsp;y la represi\u00f3n extremada, las investigaciones del Ministerio P\u00fablico se encuentran paralizadas. Por su parte, el Parlamento plantea una ley para eximir de responsabilidad penal a polic\u00edas y militares que ocasionen muertes o lesiones \u201cen cumplimiento de su deber\u201d.<\/p>\n\n\n\n<p>\u201cEs una ofensa a la memoria de nuestros hijos, hijas, madres, padres y hermanos asesinados por las balas del Estado. Es un intento descarado de legalizar la impunidad y borrar los cr\u00edmenes de lesa humanidad cometidos contra el pueblo peruano entre diciembre de 2022 y febrero de 2023\u201d, manifest\u00f3 la Organizaci\u00f3n Nacional de Familiares de los Asesinados y V\u00edctimas de las Masacres 2022-2023.<\/p>\n\n\n\n<p>Tras la destituci\u00f3n de Boluarte, el Congreso prolonga la captura de los poderes del Estado. En octubre, las&nbsp;<a href=\"https:\/\/www.instagram.com\/p\/DP4jybAkgmh\/?img_index=2\">protestas masivas en Lima<\/a>&nbsp;contra el nuevo gobierno ileg\u00edtimo, presidido por Jos\u00e9 Jer\u00ed, fueron disuadidas con el asesinato del m\u00fasico Mauricio Ruiz S\u00e1enz, decenas de heridos y la declaraci\u00f3n de estado de emergencia. La poblaci\u00f3n se moviliz\u00f3 contra la continuidad del pacto dictatorial y las leyes en favor del crimen organizado, que alcanza niveles in\u00e9ditos en la capital, dem\u00e1s \u00e1reas urbanas del Per\u00fa y entornos de econom\u00edas ilegales.<\/p>\n\n\n\n<p>Las pol\u00edticas de matar, criminalizar, revictimizar, de impunidad para el terrorismo de Estado, se repiten luego de la guerra interna, en gobiernos elegidos por votaci\u00f3n -entre 2001 y 2016- y la actual dictadura parlamentaria. \u201cSi no nos mata un sicario, nos mata el Estado\u201d, es una consigna que sintetiza los a\u00f1os recientes en el Per\u00fa.<\/p>\n\n\n\n<figure class=\"wp-block-image size-large\"><img decoding=\"async\" src=\"https:\/\/avispa.org\/wp-content\/uploads\/2025\/12\/rondapormemoria1-1.jpeg\" alt=\"\"\/><\/figure>\n\n\n\n<figure class=\"wp-block-image size-large\"><img decoding=\"async\" src=\"https:\/\/avispa.org\/wp-content\/uploads\/2025\/12\/rondapormemoria15.jpeg\" alt=\"\"\/><\/figure>\n\n\n\n<figure class=\"wp-block-image size-large\"><img decoding=\"async\" src=\"https:\/\/avispa.org\/wp-content\/uploads\/2025\/12\/rondapormemoria5.jpeg\" alt=\"\"\/><\/figure>\n\n\n\n<figure class=\"wp-block-image size-large\"><img decoding=\"async\" src=\"https:\/\/avispa.org\/wp-content\/uploads\/2025\/12\/rondapormemoria16.jpeg\" alt=\"\"\/><\/figure>\n\n\n\n<figure class=\"wp-block-image size-large\"><img decoding=\"async\" src=\"https:\/\/avispa.org\/wp-content\/uploads\/2025\/12\/rondapormemoria8.jpeg\" alt=\"\"\/><\/figure>\n\n\n\n<figure class=\"wp-block-image size-large\"><img decoding=\"async\" src=\"https:\/\/avispa.org\/wp-content\/uploads\/2025\/12\/rondapormemoria4.jpeg\" alt=\"\"\/><\/figure>\n\n\n\n<figure class=\"wp-block-image size-large\"><img decoding=\"async\" src=\"https:\/\/avispa.org\/wp-content\/uploads\/2025\/12\/rondapormemoria3.jpeg\" alt=\"\"\/><\/figure>\n\n\n\n<figure class=\"wp-block-image size-large\"><img decoding=\"async\" src=\"https:\/\/avispa.org\/wp-content\/uploads\/2025\/12\/rondapormemoria13.jpeg\" alt=\"\"\/><\/figure>\n\n\n\n<figure class=\"wp-block-image size-large\"><img decoding=\"async\" src=\"https:\/\/avispa.org\/wp-content\/uploads\/2025\/12\/rondapormemoria9.jpeg\" alt=\"\"\/><\/figure>\n","protected":false},"excerpt":{"rendered":"<p>Texto y fotos: Javier Bed\u00eda Prado | Avispa Midia Desde hace m\u00e1s de treinta a\u00f1os, Marly Anzualdo busca a su hermano Kenneth, desaparecido en el&nbsp;Cuartel General del Ej\u00e9rcito del Per\u00fa. Los responsables hoy tienen a su favor una&nbsp;ley de amnist\u00eda&nbsp;que podr\u00eda anular los procesos y sentencias por violaciones a derechos humanos en el per\u00edodo de [&hellip;]<\/p>\n","protected":false},"author":1,"featured_media":53006,"comment_status":"open","ping_status":"closed","sticky":false,"template":"","format":"standard","meta":{"footnotes":""},"categories":[1498,1284,826],"tags":[58,244,682,198,53,1215,87],"class_list":["post-53005","post","type-post","status-publish","format-standard","has-post-thumbnail","hentry","category-desaparecidos","category-latinoamerica","category-medios-libres-2","tag-derechos-humanos","tag-desaparecidos","tag-desaparicion-forzada","tag-impunidad","tag-justicia","tag-peru","tag-represion"],"_links":{"self":[{"href":"https:\/\/radiozapatista.org\/index.php?rest_route=\/wp\/v2\/posts\/53005","targetHints":{"allow":["GET"]}}],"collection":[{"href":"https:\/\/radiozapatista.org\/index.php?rest_route=\/wp\/v2\/posts"}],"about":[{"href":"https:\/\/radiozapatista.org\/index.php?rest_route=\/wp\/v2\/types\/post"}],"author":[{"embeddable":true,"href":"https:\/\/radiozapatista.org\/index.php?rest_route=\/wp\/v2\/users\/1"}],"replies":[{"embeddable":true,"href":"https:\/\/radiozapatista.org\/index.php?rest_route=%2Fwp%2Fv2%2Fcomments&post=53005"}],"version-history":[{"count":1,"href":"https:\/\/radiozapatista.org\/index.php?rest_route=\/wp\/v2\/posts\/53005\/revisions"}],"predecessor-version":[{"id":53007,"href":"https:\/\/radiozapatista.org\/index.php?rest_route=\/wp\/v2\/posts\/53005\/revisions\/53007"}],"wp:featuredmedia":[{"embeddable":true,"href":"https:\/\/radiozapatista.org\/index.php?rest_route=\/wp\/v2\/media\/53006"}],"wp:attachment":[{"href":"https:\/\/radiozapatista.org\/index.php?rest_route=%2Fwp%2Fv2%2Fmedia&parent=53005"}],"wp:term":[{"taxonomy":"category","embeddable":true,"href":"https:\/\/radiozapatista.org\/index.php?rest_route=%2Fwp%2Fv2%2Fcategories&post=53005"},{"taxonomy":"post_tag","embeddable":true,"href":"https:\/\/radiozapatista.org\/index.php?rest_route=%2Fwp%2Fv2%2Ftags&post=53005"}],"curies":[{"name":"wp","href":"https:\/\/api.w.org\/{rel}","templated":true}]}}