{"id":53001,"date":"2025-12-03T08:28:29","date_gmt":"2025-12-03T14:28:29","guid":{"rendered":"https:\/\/radiozapatista.org\/?p=53001"},"modified":"2025-12-03T09:21:02","modified_gmt":"2025-12-03T15:21:02","slug":"noticias-de-abajo-2-de-diciembre-2025","status":"publish","type":"post","link":"https:\/\/radiozapatista.org\/?p=53001","title":{"rendered":"Noticias de abajo &#8211; 2 de diciembre 2025"},"content":{"rendered":"<iframe src=\"https:\/\/www.ivoox.com\/player_ej_163669918_6_1.html?c1=d2353b\" width=\"100%\" height=\"200\" frameborder=\"0\" allowfullscreen=\"\" scrolling=\"no\" loading=\"lazy\"><\/iframe>\n\n\n\n<p><strong>PALESTINA<\/strong>: 29 de noviembre, Dia internacional de solidaridad con Palestina.\u00a0 Una fecha marcada por la memoria, la resistencia y la solidaridad internacional.\u00a0<\/p>\n\n\n\n<figure class=\"wp-block-embed is-type-wp-embed is-provider-plataforma-com-n-por-palestina wp-block-embed-plataforma-com-n-por-palestina\"><div class=\"wp-block-embed__wrapper\">\n<blockquote class=\"wp-embedded-content\" data-secret=\"Zh4DQ67ueA\"><a href=\"https:\/\/pcpal.org.mx\/noticias-del-24-al-30-de-noviembre-de-2024\/\">Noticias del 24 al 30 de noviembre de 2024<\/a><\/blockquote><iframe loading=\"lazy\" class=\"wp-embedded-content\" sandbox=\"allow-scripts\" security=\"restricted\" style=\"position: absolute; visibility: hidden;\" title=\"\u00abNoticias del 24 al 30 de noviembre de 2024\u00bb \u2014 Plataforma Com\u00fan por Palestina\" src=\"https:\/\/pcpal.org.mx\/noticias-del-24-al-30-de-noviembre-de-2024\/embed\/#?secret=NpLYBxJoh2#?secret=Zh4DQ67ueA\" data-secret=\"Zh4DQ67ueA\" width=\"500\" height=\"282\" frameborder=\"0\" marginwidth=\"0\" marginheight=\"0\" scrolling=\"no\"><\/iframe>\n<\/div><\/figure>\n\n\n\n<p><strong>EUA y MEX<\/strong>:\u00a0 9 de diciembre Jornada de movilizaciones en el aniversario de la prisi\u00f3n politica de Mumia Abu Jamal y Actividades en memoria de Carolina Salda\u00f1a. Amigos de Mumia.<\/p>\n\n\n\n<figure class=\"wp-block-embed is-type-wp-embed is-provider-amigosdemumiamx wp-block-embed-amigosdemumiamx\"><div class=\"wp-block-embed__wrapper\">\n<blockquote class=\"wp-embedded-content\" data-secret=\"uTpKUeUWKP\"><a href=\"https:\/\/amigosdemumiamx.wordpress.com\/2025\/11\/24\/acto-politico-cultural-por-la-libertad-de-mumia-abu-jamal-y-por-la-organizacion-del-homenaje-de-carolina-saldana\/\">Acto pol\u00edtico-cultural por la libertad de Mumia Abu Jamal y por la organizaci\u00f3n del homenaje de Carolina&nbsp;Salda\u00f1a<\/a><\/blockquote><iframe loading=\"lazy\" class=\"wp-embedded-content\" sandbox=\"allow-scripts\" security=\"restricted\" style=\"position: absolute; visibility: hidden;\" title=\"\u00abActo pol\u00edtico-cultural por la libertad de Mumia Abu Jamal y por la organizaci\u00f3n del homenaje de Carolina&nbsp;Salda\u00f1a\u00bb \u2014 amigosdemumiamx\" src=\"https:\/\/amigosdemumiamx.wordpress.com\/2025\/11\/24\/acto-politico-cultural-por-la-libertad-de-mumia-abu-jamal-y-por-la-organizacion-del-homenaje-de-carolina-saldana\/embed\/#?secret=ou4jR5tTF8#?secret=uTpKUeUWKP\" data-secret=\"uTpKUeUWKP\" width=\"500\" height=\"282\" frameborder=\"0\" marginwidth=\"0\" marginheight=\"0\" scrolling=\"no\"><\/iframe>\n<\/div><\/figure>\n\n\n\n<p><strong>M\u00c9XICO OAXACA-CDMX<\/strong>: Informe de la Comisi\u00f3n Civil de Observaci\u00f3n a Eloxochitlan y Faena Internacionalista frente a la Corte para demandar el fin de la represi\u00f3n y hostigamiento contra el pueblo mazateco por parte del cacicazgo local de la regi\u00f3n. <a href=\"https:\/\/www.facebook.com\/asambleacomunelox.floresmagon\">https:\/\/www.facebook.com\/asambleacomunelox.floresmagon<\/a><\/p>\n\n\n\n<p><strong>PUEBLA AUTONOM\u00cdA<\/strong>: Concluye primer ciclo el Centro de formaci\u00f3n para la Autonom\u00eda Teocentli. Organizaciones, comunidades se reunier\u00f3n este 29 de noviembre en las instalaciones del colectivo MAIZ para finalizar el proceso de auto formaci\u00f3n que tuvo la escuelita de la autonomia Teocentli.\u00a0\u00a0Fuente: Laboratorio Popular de Medios Libres<\/p>\n\n\n\n<p><strong>PUEBLA, XOSTLA<\/strong>: Extractivismo del agua en Puebla pone en alerta nuevamente a los pueblos Cholutecas. Entrevista con Alejandro Chocolatl del Frente de Pueblos en Defensa de la Tierra sobre el conflicto h\u00eddrico en la regi\u00f3n. Noticias de abajo.<\/p>\n\n\n\n<p><strong>CHIAPAS<\/strong>: Convocatoria Zapatista a Semillero en CIDECI y a celebrar el aniversario de su rebeli\u00f3n. Enlace Zapatista\u00a0<\/p>\n\n\n\n<figure class=\"wp-block-embed is-type-wp-embed is-provider-enlace-zapatista wp-block-embed-enlace-zapatista\"><div class=\"wp-block-embed__wrapper\">\n<blockquote class=\"wp-embedded-content\" data-secret=\"hUpvuOxbz3\"><a href=\"https:\/\/enlacezapatista.ezln.org.mx\/2025\/11\/17\/convocatoria-al-semillero-de-piramides-de-historias-de-amores-y-claro-desamores\/\">CONVOCATORIA AL SEMILLERO  \u201cDE PIR\u00c1MIDES, DE HISTORIAS, DE AMORES Y, CLARO, DESAMORES\u201d<\/a><\/blockquote><iframe loading=\"lazy\" class=\"wp-embedded-content\" sandbox=\"allow-scripts\" security=\"restricted\" style=\"position: absolute; visibility: hidden;\" title=\"\u00abCONVOCATORIA AL SEMILLERO  \u201cDE PIR\u00c1MIDES, DE HISTORIAS, DE AMORES Y, CLARO, DESAMORES\u201d\u00bb \u2014 Enlace Zapatista\" src=\"https:\/\/enlacezapatista.ezln.org.mx\/2025\/11\/17\/convocatoria-al-semillero-de-piramides-de-historias-de-amores-y-claro-desamores\/embed\/#?secret=DYESlpDi4v#?secret=hUpvuOxbz3\" data-secret=\"hUpvuOxbz3\" width=\"500\" height=\"282\" frameborder=\"0\" marginwidth=\"0\" marginheight=\"0\" scrolling=\"no\"><\/iframe>\n<\/div><\/figure>\n\n\n\n<p><strong>JALISCO<\/strong>: PRONUNCIAMIENTO DEL CONGRESO NACIONAL IND\u00cdGENA ANTE EL ASESINATO DEL COMPA\u00d1ERO MARCOS AGUILAR ROJAS COMUNIDAD IND\u00cdGENA DE SAN LORENZO DE AZQUELT\u00c1N<\/p>\n\n\n\n<p>Fuente: Congreso Nacional Ind\u00edgena, Radio Zapatista<\/p>\n\n\n\n<figure class=\"wp-block-embed is-type-wp-embed is-provider-radio-zapatista wp-block-embed-radio-zapatista\"><div class=\"wp-block-embed__wrapper\">\n<blockquote class=\"wp-embedded-content\" data-secret=\"dyesI6UPHs\"><a href=\"https:\/\/radiozapatista.org\/?p=52969\">Asesinan al defensor ind\u00edgena Marcos Aguilar Rojas y hieren a su compa\u00f1ero Gabriel Aguilar en ataque armado en San Lorenzo Azquelt\u00e1n<\/a><\/blockquote><iframe loading=\"lazy\" class=\"wp-embedded-content\" sandbox=\"allow-scripts\" security=\"restricted\" style=\"position: absolute; visibility: hidden;\" title=\"&#8220;Asesinan al defensor ind\u00edgena Marcos Aguilar Rojas y hieren a su compa\u00f1ero Gabriel Aguilar en ataque armado en San Lorenzo Azquelt\u00e1n&#8221; &#8212; Radio Zapatista\" src=\"https:\/\/radiozapatista.org\/?p=52969&#038;embed=true#?secret=uBMa0nvPon#?secret=dyesI6UPHs\" data-secret=\"dyesI6UPHs\" width=\"500\" height=\"282\" frameborder=\"0\" marginwidth=\"0\" marginheight=\"0\" scrolling=\"no\"><\/iframe>\n<\/div><\/figure>\n","protected":false},"excerpt":{"rendered":"<p>PALESTINA: 29 de noviembre, Dia internacional de solidaridad con Palestina.\u00a0 Una fecha marcada por la memoria, la resistencia y la solidaridad internacional.\u00a0 EUA y MEX:\u00a0 9 de diciembre Jornada de movilizaciones en el aniversario de la prisi\u00f3n politica de Mumia Abu Jamal y Actividades en memoria de Carolina Salda\u00f1a. Amigos de Mumia. M\u00c9XICO OAXACA-CDMX: Informe [&hellip;]<\/p>\n","protected":false},"author":1,"featured_media":53002,"comment_status":"open","ping_status":"closed","sticky":false,"template":"","format":"standard","meta":{"footnotes":""},"categories":[1,6,826,958,954,953,1327,962],"tags":[579,79,917,1282,567,1131,918,112,897,37,545,87,483],"class_list":["post-53001","post","type-post","status-publish","format-standard","has-post-thumbnail","hentry","category-audio","category-chiapas","category-medios-libres-2","category-megaproyectos","category-mexico","category-mundo","category-palestina","category-presos","tag-agua","tag-autonomia","tag-chiapas","tag-jalisco","tag-megaproyectos","tag-mexico","tag-oaxaca","tag-palestina","tag-pensamiento-critico","tag-presos-politicos","tag-pueblos-indigenas","tag-represion","tag-tierra-y-territorio"],"_links":{"self":[{"href":"https:\/\/radiozapatista.org\/index.php?rest_route=\/wp\/v2\/posts\/53001","targetHints":{"allow":["GET"]}}],"collection":[{"href":"https:\/\/radiozapatista.org\/index.php?rest_route=\/wp\/v2\/posts"}],"about":[{"href":"https:\/\/radiozapatista.org\/index.php?rest_route=\/wp\/v2\/types\/post"}],"author":[{"embeddable":true,"href":"https:\/\/radiozapatista.org\/index.php?rest_route=\/wp\/v2\/users\/1"}],"replies":[{"embeddable":true,"href":"https:\/\/radiozapatista.org\/index.php?rest_route=%2Fwp%2Fv2%2Fcomments&post=53001"}],"version-history":[{"count":2,"href":"https:\/\/radiozapatista.org\/index.php?rest_route=\/wp\/v2\/posts\/53001\/revisions"}],"predecessor-version":[{"id":53004,"href":"https:\/\/radiozapatista.org\/index.php?rest_route=\/wp\/v2\/posts\/53001\/revisions\/53004"}],"wp:featuredmedia":[{"embeddable":true,"href":"https:\/\/radiozapatista.org\/index.php?rest_route=\/wp\/v2\/media\/53002"}],"wp:attachment":[{"href":"https:\/\/radiozapatista.org\/index.php?rest_route=%2Fwp%2Fv2%2Fmedia&parent=53001"}],"wp:term":[{"taxonomy":"category","embeddable":true,"href":"https:\/\/radiozapatista.org\/index.php?rest_route=%2Fwp%2Fv2%2Fcategories&post=53001"},{"taxonomy":"post_tag","embeddable":true,"href":"https:\/\/radiozapatista.org\/index.php?rest_route=%2Fwp%2Fv2%2Ftags&post=53001"}],"curies":[{"name":"wp","href":"https:\/\/api.w.org\/{rel}","templated":true}]}}