{"id":52997,"date":"2025-12-02T09:10:21","date_gmt":"2025-12-02T15:10:21","guid":{"rendered":"https:\/\/radiozapatista.org\/?p=52997"},"modified":"2025-12-03T09:20:53","modified_gmt":"2025-12-03T15:20:53","slug":"la-via-campesina-condena-energicamente-los-ataques-contra-su-organizacion-miembro-en-palestina-y-denuncia-las-detenciones-arbitrarias","status":"publish","type":"post","link":"https:\/\/radiozapatista.org\/?p=52997","title":{"rendered":"La V\u00eda Campesina condena en\u00e9rgicamente los ataques contra su organizaci\u00f3n miembro en Palestina y denuncia las detenciones arbitrarias"},"content":{"rendered":"<p>(Bagnolet, 2 de diciembre de 2025) El 1 de diciembre, las fuerzas de ocupaci\u00f3n israel\u00edes irrumpieron en las instalaciones de la organizaci\u00f3n miembro de La V\u00eda Campesina en Ramala y Hebr\u00f3n. Las unidades militares han acordonado toda la zona, bloqueando todas las carreteras que conducen a las oficinas e impiden cualquier movimiento hacia los lugares.<\/p>\n\n\n\n<p>Las fuerzas han detenido a nuestros miembros dentro de los edificios, agredi\u00e9ndoles y someti\u00e9ndolos a un trato duro y humillante, mientras realizaban registros violentos en todas las instalaciones. Varios miembros han sido detenidos y ahora se encuentran bajo arresto.<\/p>\n\n\n\n<p>La redada incluy\u00f3 la destrucci\u00f3n y confiscaci\u00f3n de todo el contenido de las oficinas, incluidos ordenadores, discos duros, archivos administrativos, documentos financieros y equipo log\u00edstico. Los soldados tambi\u00e9n destruyeron deliberadamente el mobiliario de las oficinas, rompieron puertas y da\u00f1aron equipos como parte de un intento sistem\u00e1tico de paralizar las operaciones de la organizaci\u00f3n y silenciar su trabajo con las comunidades agr\u00edcolas palestinas.<\/p>\n\n\n\n<p><strong>La redada se centr\u00f3 espec\u00edficamente en las infraestructuras del banco de semillas palestino en Hebr\u00f3n, destruyendo las reservas de semillas que representan el patrimonio gen\u00e9tico vegetal de Palestina.<\/strong><\/p>\n\n\n\n<p>Nuestra organizaci\u00f3n miembro opera en plena conformidad con el derecho internacional, su funci\u00f3n principal es apoyar a lxs agricultorxs de Palestina. Este ataque se produce en medio de una escalada m\u00e1s amplia en toda Cisjordania, donde las fuerzas israel\u00edes han intensificado sus acciones contra las organizaciones de la sociedad civil y las instituciones agr\u00edcolas palestinas. Lxs agricultorxs, que cuidan de sus tierras y su territorio, han sido objeto de ataques sistem\u00e1ticos en los \u00faltimos meses por parte de los colonos y las fuerzas de ocupaci\u00f3n israel\u00edes. Estos ataques contra una organizaci\u00f3n campesina tienen como objetivo destruir la Soberan\u00eda Alimentaria y contribuir a la empresa genocida contra el pueblo palestino.<\/p>\n\n\n\n<p><strong>Hacemos un llamamiento a todas nuestras organizaciones miembros y aliados para que se pongan en contacto con sus respectivos ministerios de Asuntos Exteriores con el fin de ejercer presi\u00f3n sobre el Gobierno israel\u00ed para que garantice la liberaci\u00f3n de todas las personas detenidas.<\/strong><\/p>\n\n\n\n<h4 class=\"wp-block-heading\">Instamos a los gobiernos a que:<\/h4>\n\n\n\n<p><strong>1. <\/strong>Exijan la liberaci\u00f3n inmediata e incondicional de todos los miembros detenidos de La V\u00eda Campesina en Palestina y de los trabajadores agr\u00edcolas aliados;<\/p>\n\n\n\n<p><strong>2.<\/strong> Busquen garant\u00edas para que tales personas no sean objeto de malos tratos, coacci\u00f3n o nuevas intimidaciones;<\/p>\n\n\n\n<p><strong>3<\/strong>. Soliciten una investigaci\u00f3n independiente sobre la redada en tales oficinas y sobre la confiscaci\u00f3n o destrucci\u00f3n de materiales; y<\/p>\n\n\n\n<p><strong>4.<\/strong> Comuniquen claramente, a trav\u00e9s de los canales diplom\u00e1ticos, que es inaceptable la represi\u00f3n de las organizaciones leg\u00edtimas de la sociedad civil.<\/p>\n\n\n\n<p>Hacemos un llamado a todas las organizaciones campesinas y movimientos sociales del mundo para que condenen firmemente este ataque y el encarcelamiento del liderazgo campesinos. La V\u00eda Campesina se solidariza con el campesinado palestino. Este ataque contra una de nuestras organizaciones miembro no har\u00e1 m\u00e1s que reforzar nuestro compromiso con la autodeterminaci\u00f3n del pueblo palestino.<\/p>\n\n\n\n<hr class=\"wp-block-separator has-alpha-channel-opacity\"\/>\n\n\n\n<p>Esta entrada est\u00e1 disponible tambi\u00e9n en <a href=\"https:\/\/viacampesina.org\/en\/2025\/12\/alert-la-via-campesina-strongly-condemns-attacks-against-its-member-organisation-in-palestine-and-denounces-the-arbitrary-arrests\/\">English<\/a> y <a href=\"https:\/\/viacampesina.org\/fr\/alerte-la-via-campesina-condamne-fermement-les-attaques-contre-son-organisation-membre-en-palestine-et-denonce-les-arrestations-arbitraires\/\">Fran\u00e7ais<\/a>.<\/p>","protected":false},"excerpt":{"rendered":"<p>(Bagnolet, 2 de diciembre de 2025) El 1 de diciembre, las fuerzas de ocupaci\u00f3n israel\u00edes irrumpieron en las instalaciones de la organizaci\u00f3n miembro de La V\u00eda Campesina en Ramala y Hebr\u00f3n. Las unidades militares han acordonado toda la zona, bloqueando todas las carreteras que conducen a las oficinas e impiden cualquier movimiento hacia los lugares. [&hellip;]<\/p>\n","protected":false},"author":1,"featured_media":52999,"comment_status":"open","ping_status":"closed","sticky":false,"template":"","format":"standard","meta":{"footnotes":""},"categories":[51,953,1327],"tags":[112],"class_list":["post-52997","post","type-post","status-publish","format-standard","has-post-thumbnail","hentry","category-autor","category-mundo","category-palestina","tag-palestina"],"_links":{"self":[{"href":"https:\/\/radiozapatista.org\/index.php?rest_route=\/wp\/v2\/posts\/52997","targetHints":{"allow":["GET"]}}],"collection":[{"href":"https:\/\/radiozapatista.org\/index.php?rest_route=\/wp\/v2\/posts"}],"about":[{"href":"https:\/\/radiozapatista.org\/index.php?rest_route=\/wp\/v2\/types\/post"}],"author":[{"embeddable":true,"href":"https:\/\/radiozapatista.org\/index.php?rest_route=\/wp\/v2\/users\/1"}],"replies":[{"embeddable":true,"href":"https:\/\/radiozapatista.org\/index.php?rest_route=%2Fwp%2Fv2%2Fcomments&post=52997"}],"version-history":[{"count":2,"href":"https:\/\/radiozapatista.org\/index.php?rest_route=\/wp\/v2\/posts\/52997\/revisions"}],"predecessor-version":[{"id":53000,"href":"https:\/\/radiozapatista.org\/index.php?rest_route=\/wp\/v2\/posts\/52997\/revisions\/53000"}],"wp:featuredmedia":[{"embeddable":true,"href":"https:\/\/radiozapatista.org\/index.php?rest_route=\/wp\/v2\/media\/52999"}],"wp:attachment":[{"href":"https:\/\/radiozapatista.org\/index.php?rest_route=%2Fwp%2Fv2%2Fmedia&parent=52997"}],"wp:term":[{"taxonomy":"category","embeddable":true,"href":"https:\/\/radiozapatista.org\/index.php?rest_route=%2Fwp%2Fv2%2Fcategories&post=52997"},{"taxonomy":"post_tag","embeddable":true,"href":"https:\/\/radiozapatista.org\/index.php?rest_route=%2Fwp%2Fv2%2Ftags&post=52997"}],"curies":[{"name":"wp","href":"https:\/\/api.w.org\/{rel}","templated":true}]}}