{"id":52992,"date":"2025-12-01T11:09:03","date_gmt":"2025-12-01T17:09:03","guid":{"rendered":"https:\/\/radiozapatista.org\/?p=52992"},"modified":"2025-12-03T09:20:44","modified_gmt":"2025-12-03T15:20:44","slug":"comunidad-indigena-autonoma-de-san-lorenzo-de-azqueltan-ante-las-complicidades-la-impunidad-estructural-y-los-objetivos-del-asesinato-de-marcos-aguilar-rojas","status":"publish","type":"post","link":"https:\/\/radiozapatista.org\/?p=52992","title":{"rendered":"Comunidad Ind\u00edgena Aut\u00f3noma de San Lorenzo de Azquelt\u00e1n, ante las complicidades, la impunidad estructural y los objetivos del asesinato de Marcos Aguilar Rojas"},"content":{"rendered":"\n<p class=\"has-text-align-center\">\u00a1MARCOS VIVE, LA LUCHA SIGUE!<\/p>\n\n\n\n<ul class=\"wp-block-list\">\n<li>La comunidad recupera el predio en conflicto El Caracol<\/li>\n\n\n\n<li>Marcos fue asesinado por \u00f3rdenes de caciques regionales para arrebatarnos el territorio.<\/li>\n<\/ul>\n\n\n\n<p class=\"has-text-align-center\">COMUNICADO URGENTE DE LA COMUNIDAD IND\u00cdGENA AUT\u00d3NOMA DE SAN LORENZO DE AZQUELT\u00c1N, ANTE LAS COMPLICIDADES, LA IMPUNIDAD ESTRUCTURAL Y LOS OBJETIVOS DEL ASESINATO DE MARCOS AGUILAR ROJAS<\/p>\n\n\n\n<p>A los pueblos y gobiernos del mundo<br>A los medios libres y honestos de comunicaci\u00f3n<br>A las organizaciones solidarias con los pueblos originarios<\/p>\n\n\n\n<p>Nuestra comunidad ind\u00edgena aut\u00f3noma de San Lorenzo de Azquelt\u00e1n, municipio de Villa Guerrero, Jalisco, ha denunciado ya p\u00fablicamente el asesinato de nuestro hermano y autoridad agraria, Marcos Aguilar Rojas, as\u00ed como la grave lesi\u00f3n del compa\u00f1ero comunero Gabriel Aguilar Rojas, ocurridos el 26 de noviembre de 2025 en el predio comunal de El Caracol.<\/p>\n\n\n\n<p>Nos dirigimos a los pueblos y gobiernos del mundo con un profundo dolor, ante la muerte de una de las personas m\u00e1s honestas y comprometidas con la defensa del territorio que ha dado nuestra comunidad, para se\u00f1alar con nombre y con hechos la complicidad, los intereses y la estructura de poder que permiti\u00f3 \u2014y sigue permitiendo\u2014 que este crimen ocurriera, por lo que decimos, con humildad, con dignidad y con respeto que:<\/p>\n\n\n\n<p>1. Es un crimen pol\u00edtico y territorial, no un hecho aislado<\/p>\n\n\n\n<p>El asesinato de Marcos Aguilar Rojas fue la consecuencia l\u00f3gica de d\u00e9cadas de agresiones armadas, invasiones agrarias, amenazas de muerte y hostigamiento a las autoridades tradicionales y comunales de Azquelt\u00e1n.<\/p>\n\n\n\n<p>El ataque del 26 de noviembre no fue improvisado:<\/p>\n\n\n\n<p>fue planeado, acordado y ejecutado por caciques y sus grupos de pistoleros, amparados por la omisi\u00f3n, el silencio o la participaci\u00f3n directa de autoridades municipales, estatales, operadores judiciales y agentes ministeriales.<\/p>\n\n\n\n<p>Negarlo \u2014como lo intent\u00f3 hacer el fiscal del estado de Jalisco, reduciendo todo a \u201cproblemas entre vecinos\u201d\u2014 es participar en el crimen, que recuerda el discurso del poder ante los ataques paramilitares que han sufrido los pueblos originarios de nuestro pa\u00eds, como en el territorio de los hermanos zapatistas y en otras geograf\u00edas, para concretar el despojo, y mediante el terror, acabar con la organizaci\u00f3n ind\u00edgena.<\/p>\n\n\n\n<p>Seg\u00fan la investigaci\u00f3n de la propia comunidad y las evidencias que dejan al descubierto a los poderosos de la regi\u00f3n, denunciamos que el martes 25 de noviembre de 2025, en el domicilio de Juan Aguilar, se reunieron el grupo de pistoleros que hemos denunciado y el cacique Refugio Raygoza, para planear el despojo de los predios comunales El Sabino Quemado y El Caracol, en esa misma reuni\u00f3n acordaron la ejecuci\u00f3n de nuestro compa\u00f1ero Marcos, para lo que fue fundamental la complicidad de Favio Flores S\u00e1nchez \u201cLa Polla\u201d y funcionarios de gobierno y policiales que participaron en actos previos de hostigamiento a los comuneros. Estas reuniones siguen ocurriendo en la localidad de Izolta, donde se siguen planeando ataques hacia nuestros comuneros.<\/p>\n\n\n\n<p>2. Hay una red de complicidad en la que participan fiscales, polic\u00edas, caciques y operadores judiciales<\/p>\n\n\n\n<p>Las carpetas de investigaci\u00f3n acumuladas por a\u00f1os muestran un mismo patr\u00f3n y un mismo grupo de agresores, que han actuado con armas de fuego y extrema violencia en al menos siete a\u00f1os de ataques documentados.<\/p>\n\n\n\n<p>Durante la integraci\u00f3n de la carpeta 468\/2025 5-J originada por los hechos recientemente acontecidos, la Fiscal\u00eda y el Poder Judicial actuaron nuevamente para encubrir a los agresores Esteban y Manuel de apellidos Aguilar Herrera, quienes han atacado a nuestros comuneros: el m\u00e1s reciente acto de encubrimiento fue llevado a cabo por Jorge Alonso Arellano G\u00e1ndara, Administrador Distrital del Juzgado de Control, Enjuiciamiento, Justicia Integral para Adolescentes y Ejecuci\u00f3n Penal del D\u00e9cimo Primer Distrito Judicial en el Estado de Jalisco, con sede en Colotl\u00e1n, Jalisco, en virtud de que tras los hechos acontecidos el pasado 26 de noviembre del a\u00f1o en curso, el Ministerio P\u00fablico pidi\u00f3 tomar muestras de residuos de disparo al detenido Manuel Aguilar Herrera, pero el defensor p\u00fablico lo impidi\u00f3 con el pretexto de que estaba \u201cinconsciente\u201d, y cuando la solicitud se present\u00f3 formalmente ante el Juzgado, fue dicho Administrador Distrital quien \u2014de manera ilegal, sin facultades jur\u00eddicas y actuando como protector de los agresores\u2014 rechaz\u00f3 con argumentos falsos la solicitud, retardando la investigaci\u00f3n y evitando que se tomara la muestra, violando el derecho a la justicia e imposibilitando que la decisi\u00f3n se apelara, adem\u00e1s de comprometer la eficacia del peritaje y privando a las v\u00edctimas de una prueba fundamental que depend\u00eda de la legal y pronta actuaci\u00f3n de las autoridades.<\/p>\n\n\n\n<p>Acci\u00f3n hecha para favorecer directamente al pistolero Manuel Aguilar Herrera, y nuevamente garantizarle impunidad, luego de los m\u00faltiples antecedentes conocidos y documentados: como golpear ancianos para despojarlos de su tierra, allanar viviendas para amenazar, amedrentar a una ni\u00f1a con involucrar a la delincuencia organizada si no abandonaba su tierra y participar en el despojo armado del territorio, adem\u00e1s de formar parte de la misma red de impunidad que tambi\u00e9n ha protegido a Favio Flores S\u00e1nchez \u201cLa Polla\u201d, cuyo ataque armado contra autoridades aut\u00f3nomas fue degradado por el mismo Juzgado penal de Colotl\u00e1n a simples \u201clesiones\u201d con una reparaci\u00f3n rid\u00edcula, torciendo la ley para garantizar la impunidad de quienes buscan exterminarnos y arrebatarnos el territorio.<\/p>\n\n\n\n<p>El reciente encubrimiento \u2014comprobado por la actuaci\u00f3n ilegal del Administrador Distrital que bloque\u00f3 la toma de pruebas al homicida\u2014 demuestra que la Fiscal\u00eda del Estado de Jalisco y parte del Poder Judicial, han sido engranes activos de la maquinaria de impunidad.<\/p>\n\n\n\n<p>Todo est\u00e1 documentado<br>Todo est\u00e1 en las carpetas de investigaci\u00f3n<br>Todo est\u00e1 en los testimonios<\/p>\n\n\n\n<p>3. El objetivo real es arrebatarnos el territorio, no un \u00abproblema entre vecinos\u201d<\/p>\n\n\n\n<p>Lo que quieren no es solo eliminar autoridades agrarias, sino nuestro territorio y y organizaci\u00f3n ind\u00edgena, pues los caciques y supuestos peque\u00f1os propietarios, con una econom\u00eda pudiente en la regi\u00f3n, han invadido miles de hect\u00e1reas comunales, y ahora, con este crimen, han dejado claro que buscan exterminar a la comunidad para apropiarse de lo que nos pertenece desde hace siglos.<\/p>\n\n\n\n<p>Lo se\u00f1alamos el pasado 13 de noviembre de 2025, cuando denunciamos p\u00fablicamente el hostigamiento en contra de nuestros comuneros por parte de supuestos polic\u00edas de investigaci\u00f3n de la Agencia del Ministerio P\u00fablico de Villa Guerrero, Jalisco; quienes afirmaron:<\/p>\n\n\n\n<p>que les \u201cvale madre el juicio agrario\u201d,<br>que si corremos \u201cnos quiebran\u201d,<br>que van a entrar con polic\u00edas y con armas.<\/p>\n\n\n\n<p>El asesinato de Marcos es solo un paso m\u00e1s en ese plan.<\/p>\n\n\n\n<p>4. La responsabilidad hist\u00f3rica es del Estado mexicano<\/p>\n\n\n\n<p>El Estado mexicano es el responsable por acci\u00f3n, por omisi\u00f3n y por negligencia hist\u00f3rica.<\/p>\n\n\n\n<p>Es responsable porque:<\/p>\n\n\n\n<p>No ha garantizado seguridad a la comunidad pese a denuncias formales y repetidas.<br>Permiti\u00f3 que operadores judiciales obstaculizaran la investigaci\u00f3n.<br>Lleva d\u00e9cadas negando el reconocimiento jur\u00eddico pleno del territorio tepecano, abriendo la puerta a invasores, caciques y violencia armada.<\/p>\n\n\n\n<p>La negligencia de los gobiernos \u2014municipales, estatales y federales\u2014 ha costado vidas y si no act\u00faan, seguir\u00e1 cost\u00e1ndolas.<\/p>\n\n\n\n<p>5. Ante la gravedad de los hechos, ante el peligro que vivimos, exigimos al Gobierno Federal<\/p>\n\n\n\n<p>La emisi\u00f3n inmediata de un DECRETO PRESIDENCIAL que reconozca, delimite y titule el territorio ancestral de la Comunidad Ind\u00edgena de San Lorenzo de Azquelt\u00e1n, municipio de Villa Guerrero, Jalisco.<\/p>\n\n\n\n<p>Sin este reconocimiento jur\u00eddico pleno, la comunidad seguir\u00e1 expuesta a agresiones armadas, criminalizaci\u00f3n, invasiones, omisiones institucionales y a nuevas muertes.<\/p>\n\n\n\n<p>El Gobierno Federal debe entender que su responsabilidad es directa.<\/p>\n\n\n\n<p>No puede seguir ignorando que la vida de un pueblo originario depende de decisiones que solo puede tomar el Ejecutivo.<\/p>\n\n\n\n<p>Si el gobierno quiere detener el derramamiento de sangre, que empiece por reconocer el territorio de quienes han habitado y defendido estas tierras desde tiempos inmemoriales.<\/p>\n\n\n\n<p>6. Para que no quede duda<\/p>\n\n\n\n<p>Nosotros, como comunidad ind\u00edgena aut\u00f3noma, aunque nos maten, no vamos a abandonar nuestro territorio, no vamos a renunciar a nuestra identidad tepehuana y wix\u00e1rika y no vamos a ceder frente a los asesinos ni a los caciques.<\/p>\n\n\n\n<p>&nbsp;Anunciamos a los pueblos y gobiernos de M\u00e9xico y fuera de estas fronteras que el d\u00eda de hoy, y tras el artero ataque armado, la comunidad recuper\u00f3, mediante movilizaci\u00f3n, el predio El Caracol, ambicionado por personas ajenas a la comunidad, y sitio donde fue asesinado el compa\u00f1ero Marcos Aguilar Rojas.<\/p>\n\n\n\n<p>Estamos dispuestos a seguir defendiendo la vida y el territorio, as\u00ed que, por primera vez escuchen bien quienes gobiernan:<\/p>\n\n\n\n<p>Sobre la responsabilidad de ustedes caer\u00e1 cada gota de sangre que se derrame por incapacidad, negligencia o complicidad.<\/p>\n\n\n\n<p>El Estado mexicano tiene en sus manos la posibilidad de detener esta guerra o de profundizarla y ser\u00e1 su decisi\u00f3n de qu\u00e9 lado de la historia quieren estar. Esa no la olvidamos ni olvidaremos, as\u00ed pasen mil a\u00f1os.<\/p>\n\n\n\n<p>7. Hacemos un llamado a los pueblos y a las conciencias de esta humanidad.<\/p>\n\n\n\n<p>Llamamos a los pueblos del mundo a mantenerse alertas, a las organizaciones de derechos humanos a vigilar y acompa\u00f1ar a la comunidad, haciendo eco de nuestras exigencias.<\/p>\n\n\n\n<p>Llamamos a los medios honestos a romper el cerco de silencio que protege a los responsables.<\/p>\n\n\n\n<p>Nosotras y nosotros, como pueblo, hemos resistido cientos de a\u00f1os y resistiremos cientos m\u00e1s si es necesario.<\/p>\n\n\n\n<p>Pero que quede claro:<\/p>\n\n\n\n<p>No nos rendiremos<br>No nos venderemos<br>No claudicaremos<\/p>\n\n\n\n<p class=\"has-text-align-center\">Porque Marcos Vive y La Lucha Sigue<br>Desde el fondo del ca\u00f1\u00f3n de Bola\u00f1os<br>Comunidad ind\u00edgena aut\u00f3noma de San Lorenzo de Azquelt\u00e1n, municipio de Villa Guerrero, Jalisco<\/p>\n\n\n\n<p><em>Foto de portada: <strong>CELEBRACI\u00d3N.<\/strong> Participantes de\u00a0una ceremonia nocturna en San Lorenzo Azquelt\u00e1n, durante el 5\u00ba aniversario del nombramiento de autoridades tradicionales\u00a0en 2018. \u00a9ScottBrennanphoto.<\/em><\/p>\n\n\n\n<p><\/p>\n","protected":false},"excerpt":{"rendered":"<p>\u00a1MARCOS VIVE, LA LUCHA SIGUE! COMUNICADO URGENTE DE LA COMUNIDAD IND\u00cdGENA AUT\u00d3NOMA DE SAN LORENZO DE AZQUELT\u00c1N, ANTE LAS COMPLICIDADES, LA IMPUNIDAD ESTRUCTURAL Y LOS OBJETIVOS DEL ASESINATO DE MARCOS AGUILAR ROJAS A los pueblos y gobiernos del mundoA los medios libres y honestos de comunicaci\u00f3nA las organizaciones solidarias con los pueblos originarios Nuestra comunidad [&hellip;]<\/p>\n","protected":false},"author":1,"featured_media":52993,"comment_status":"open","ping_status":"closed","sticky":false,"template":"","format":"standard","meta":{"footnotes":""},"categories":[957,943,954],"tags":[1406,79,255,1282,545,87,483,254],"class_list":["post-52992","post","type-post","status-publish","format-standard","has-post-thumbnail","hentry","category-autonomia","category-cni","category-mexico","tag-asesinato","tag-autonomia","tag-despojo","tag-jalisco","tag-pueblos-indigenas","tag-represion","tag-tierra-y-territorio","tag-wixarika"],"_links":{"self":[{"href":"https:\/\/radiozapatista.org\/index.php?rest_route=\/wp\/v2\/posts\/52992","targetHints":{"allow":["GET"]}}],"collection":[{"href":"https:\/\/radiozapatista.org\/index.php?rest_route=\/wp\/v2\/posts"}],"about":[{"href":"https:\/\/radiozapatista.org\/index.php?rest_route=\/wp\/v2\/types\/post"}],"author":[{"embeddable":true,"href":"https:\/\/radiozapatista.org\/index.php?rest_route=\/wp\/v2\/users\/1"}],"replies":[{"embeddable":true,"href":"https:\/\/radiozapatista.org\/index.php?rest_route=%2Fwp%2Fv2%2Fcomments&post=52992"}],"version-history":[{"count":1,"href":"https:\/\/radiozapatista.org\/index.php?rest_route=\/wp\/v2\/posts\/52992\/revisions"}],"predecessor-version":[{"id":52994,"href":"https:\/\/radiozapatista.org\/index.php?rest_route=\/wp\/v2\/posts\/52992\/revisions\/52994"}],"wp:featuredmedia":[{"embeddable":true,"href":"https:\/\/radiozapatista.org\/index.php?rest_route=\/wp\/v2\/media\/52993"}],"wp:attachment":[{"href":"https:\/\/radiozapatista.org\/index.php?rest_route=%2Fwp%2Fv2%2Fmedia&parent=52992"}],"wp:term":[{"taxonomy":"category","embeddable":true,"href":"https:\/\/radiozapatista.org\/index.php?rest_route=%2Fwp%2Fv2%2Fcategories&post=52992"},{"taxonomy":"post_tag","embeddable":true,"href":"https:\/\/radiozapatista.org\/index.php?rest_route=%2Fwp%2Fv2%2Ftags&post=52992"}],"curies":[{"name":"wp","href":"https:\/\/api.w.org\/{rel}","templated":true}]}}