{"id":52967,"date":"2025-11-27T13:53:59","date_gmt":"2025-11-27T19:53:59","guid":{"rendered":"https:\/\/radiozapatista.org\/?p=52967"},"modified":"2025-12-01T11:12:39","modified_gmt":"2025-12-01T17:12:39","slug":"el-cni-denuncia-el-asesinato-del-defensor-marcos-aguilar-rojas-de-la-comunidad-indigena-de-azqueltan","status":"publish","type":"post","link":"https:\/\/radiozapatista.org\/?p=52967","title":{"rendered":"El CNI denuncia el asesinato del defensor Marcos Aguilar Rojas, de la comunidad ind\u00edgena de Azquelt\u00e1n"},"content":{"rendered":"<h3 class=\"wp-block-heading has-text-align-center\"><a href=\"https:\/\/www.congresonacionalindigena.org\/2025\/11\/26\/pronunciamiento-del-congreso-nacional-indigena-ante-el-asesinato-del-companero-marcos-aguilar-rojas-comunidad-indigena-de-san-lorenzo-de-azqueltan\/\">PRONUNCIAMIENTO DEL CONGRESO NACIONAL IND\u00cdGENA ANTE EL ASESINATO DEL COMPA\u00d1ERO MARCOS AGUILAR ROJAS COMUNIDAD IND\u00cdGENA DE SAN LORENZO DE AZQUELT\u00c1N<\/a><\/h3>\n\n\n\n<p>Denunciamos con indignaci\u00f3n, rabia y profunda preocupaci\u00f3n el asesinato del compa\u00f1ero Marcos Aguilar Rojas, representante agrario de la comunidad de San Lorenzo de Azquelt\u00e1n, as\u00ed como las lesiones por arma de fuego infligidas a su hermano Gabriel Aguilar Rojas, delegado del Congreso Nacional Ind\u00edgena. El ataque fue perpetrado este 26 de noviembre de 2025 por los agresores Esteban Aguilar Herrera, Manuel Aguilar Herrera, Jos\u00e9 Aguilar Herrera, Victor Hugo P\u00e9rez, Favio Flores S\u00e1nchez y Abraham P\u00e9rez, todos ellos vinculados a los caciques y peque\u00f1os propietarios del municipio de Villa Guerrero, Jalisco, quienes huyeron en un autom\u00f3vil gris en direcci\u00f3n a Villa Guerrero o Mezquitic.<\/p>\n\n\n\n<p>El cobarde ataque ocurri\u00f3 en el predio comunal El Caracol, territorio que la comunidad de Azquelt\u00e1n ha defendido colectivamente frente a los intentos de despojo de estas mismas personas, quienes han actuado amparados por la impunidad sistem\u00e1tica que les otorgan el Poder Judicial y la Fiscal\u00eda del Estado de Jalisco. Estas instituciones, una y otra vez, han protegido a quienes violentan, amenazan y atacan a la comunidad ind\u00edgena, profundizando la violencia con su omisi\u00f3n, su silencio y su complicidad.<\/p>\n\n\n\n<p>Responsabilizamos al gobierno federal por negar el reconocimiento agrario de la comunidad ind\u00edgena de Azquelt\u00e1n; al gobierno del estado de Jalisco por la impunidad que garantiza a los criminales que hist\u00f3ricamente han atacado a la comunidad; y directamente a los asesinos Manuel y Esteban Aguilar Herrera y Victor Hugo P\u00e9rez cuyos actos forman parte de una estrategia permanente de despojo y agresi\u00f3n contra los pueblos originarios.<\/p>\n\n\n\n<p>Hoy, como Congreso Nacional Ind\u00edgena, decimos claro y fuerte: la violencia contra Azquelt\u00e1n no es un hecho aislado, sino parte de un patr\u00f3n nacional mediante el cual el poder \u2014sea gubernamental, econ\u00f3mico o criminal\u2014 ataca a las comunidades ind\u00edgenas cuando defienden su territorio y su vida. No aceptaremos que el asesinato de nuestro compa\u00f1ero quede impune, ni permitiremos que la dignidad de Azquelt\u00e1n sea pisoteada por los intereses de caciques, empresas, gobiernos o delincuencia organizada.<\/p>\n\n\n\n<p>Exigimos justicia plena, castigo inmediato a los responsables materiales e intelectuales, y garant\u00edas reales de seguridad para la comunidad de San Lorenzo de Azquelt\u00e1n.<\/p>\n\n\n\n<p>Desde la rabia y dolor que hacemos propia abrazamos a la comunidad y&nbsp;a su familia.<\/p>\n\n\n\n<p class=\"has-text-align-center\">\u00a1Nunca m\u00e1s un M\u00e9xico sin nosotros!<br>Congreso Nacional Ind\u00edgena<\/p>","protected":false},"excerpt":{"rendered":"<p>PRONUNCIAMIENTO DEL CONGRESO NACIONAL IND\u00cdGENA ANTE EL ASESINATO DEL COMPA\u00d1ERO MARCOS AGUILAR ROJAS COMUNIDAD IND\u00cdGENA DE SAN LORENZO DE AZQUELT\u00c1N Denunciamos con indignaci\u00f3n, rabia y profunda preocupaci\u00f3n el asesinato del compa\u00f1ero Marcos Aguilar Rojas, representante agrario de la comunidad de San Lorenzo de Azquelt\u00e1n, as\u00ed como las lesiones por arma de fuego infligidas a su [&hellip;]<\/p>\n","protected":false},"author":1,"featured_media":41021,"comment_status":"open","ping_status":"closed","sticky":false,"template":"","format":"standard","meta":{"footnotes":""},"categories":[957,1024,943,954],"tags":[1288,1406,63,198,545,483,254],"class_list":["post-52967","post","type-post","status-publish","format-standard","has-post-thumbnail","hentry","category-autonomia","category-cni-temas","category-cni","category-mexico","tag-4t","tag-asesinato","tag-cni","tag-impunidad","tag-pueblos-indigenas","tag-tierra-y-territorio","tag-wixarika"],"_links":{"self":[{"href":"https:\/\/radiozapatista.org\/index.php?rest_route=\/wp\/v2\/posts\/52967","targetHints":{"allow":["GET"]}}],"collection":[{"href":"https:\/\/radiozapatista.org\/index.php?rest_route=\/wp\/v2\/posts"}],"about":[{"href":"https:\/\/radiozapatista.org\/index.php?rest_route=\/wp\/v2\/types\/post"}],"author":[{"embeddable":true,"href":"https:\/\/radiozapatista.org\/index.php?rest_route=\/wp\/v2\/users\/1"}],"replies":[{"embeddable":true,"href":"https:\/\/radiozapatista.org\/index.php?rest_route=%2Fwp%2Fv2%2Fcomments&post=52967"}],"version-history":[{"count":2,"href":"https:\/\/radiozapatista.org\/index.php?rest_route=\/wp\/v2\/posts\/52967\/revisions"}],"predecessor-version":[{"id":52996,"href":"https:\/\/radiozapatista.org\/index.php?rest_route=\/wp\/v2\/posts\/52967\/revisions\/52996"}],"wp:featuredmedia":[{"embeddable":true,"href":"https:\/\/radiozapatista.org\/index.php?rest_route=\/wp\/v2\/media\/41021"}],"wp:attachment":[{"href":"https:\/\/radiozapatista.org\/index.php?rest_route=%2Fwp%2Fv2%2Fmedia&parent=52967"}],"wp:term":[{"taxonomy":"category","embeddable":true,"href":"https:\/\/radiozapatista.org\/index.php?rest_route=%2Fwp%2Fv2%2Fcategories&post=52967"},{"taxonomy":"post_tag","embeddable":true,"href":"https:\/\/radiozapatista.org\/index.php?rest_route=%2Fwp%2Fv2%2Ftags&post=52967"}],"curies":[{"name":"wp","href":"https:\/\/api.w.org\/{rel}","templated":true}]}}