{"id":52946,"date":"2025-11-26T08:30:52","date_gmt":"2025-11-26T14:30:52","guid":{"rendered":"https:\/\/radiozapatista.org\/?p=52946"},"modified":"2025-11-26T08:30:53","modified_gmt":"2025-11-26T14:30:53","slug":"modevite-12-anos-caminando-con-un-solo-corazon-por-la-defensa-de-la-vida-y-el-territorio","status":"publish","type":"post","link":"https:\/\/radiozapatista.org\/?p=52946","title":{"rendered":"MODEVITE: 12 a\u00f1os caminando con un solo coraz\u00f3n por la defensa de la vida y el territorio"},"content":{"rendered":"\n<p class=\"has-text-align-center\"><strong>Comunicado del MODEVITE<\/strong><br><em>12 a\u00f1os caminando con un solo coraz\u00f3n por la defensa de la vida y el territorio<\/em><\/p>\n\n\n\n<p class=\"has-text-align-right\">San Juan Cancuc, Chiapas, 25 de noviembre de 2025<\/p>\n\n\n\n<p><strong>A los medios de comunicaci\u00f3n nacionales e internacionales<\/strong><br><strong>A los Pueblos Ind\u00edgenas en resistencia por la vida y la Madre Tierra<\/strong><br><strong>A\u00a0las organizaciones y centros de derechos humanos<\/strong><br><strong>A las autoridades municipales, estatales y federales<\/strong><br><strong>Al pueblo de M\u00e9xico y del mundo:<\/strong><br>\u00a0<br>Nosotras y nosotros, hombres, mujeres, j\u00f3venes, ni\u00f1os, ni\u00f1as, pueblos y comunidades tseltales, tsotsiles y mestizos que caminamos juntos en el Movimiento en Defensa de la Vida y del Territorio (MODEVITE), nos hemos reunido hoy en San Juan Cancuc, tierra de memoria y dignidad, para celebrar 12 a\u00f1os de lucha, organizaci\u00f3n y resistencia frente a los proyectos de despojo y muerte que amenazan nuestra existencia como pueblos originarios.<\/p>\n\n\n\n<p>Este aniversario lo celebramos con el coraz\u00f3n puesto en nuestra historia larga: somos herederos de la rebeld\u00eda de Juan L\u00f3pez, quien hace m\u00e1s de tres siglos se levant\u00f3 contra la colonizaci\u00f3n. Al orar en la cueva de este defensor tseltal, afirmamos que su lucha sigue viva. La invasi\u00f3n no ha terminado: contin\u00faa bajo nuevas formas de colonialismo extractivista, militarizaci\u00f3n y megaproyectos que buscan arrebatarnos el territorio, romper el tejido comunitario e imponer un modelo de \u201cdesarrollo\u201d que destruye la vida.<\/p>\n\n\n\n<p>Desde 2013 hemos levantado la voz contra la mal llamada \u201cCarretera de las Culturas\u201d, un proyecto que no respeta nuestros territorios, ni nuestra espiritualidad, ni nuestras formas de vida. Esta autopista, anunciada por los gobiernos como progreso, se inscribe en la misma l\u00f3gica del Plan Puebla Panam\u00e1, despu\u00e9s llamado Plan Mesoamericano, cuyo verdadero objetivo ha sido abrir paso a la acumulaci\u00f3n econ\u00f3mica del gran capital en detrimento del lekil kuxlejal \u2014el buen vivir\u2014 de nuestros pueblos.<\/p>\n\n\n\n<p>Reafirmamos nuestro rechazo total a este megaproyecto, que pretende dividir nuestras comunidades, destruir monta\u00f1as r\u00edos y manantiales, facilitar el avance del crimen organizado y profundizar la venta de la tierra, el alcoholismo, la drogadicci\u00f3n y la migraci\u00f3n forzada de nuestras juventudes.<\/p>\n\n\n\n<p>Al mismo tiempo denunciamos:<\/p>\n\n\n\n<ul class=\"wp-block-list\">\n<li>Las amenazas, hostigamientos y divisiones promovidas por autoridades municipales, estatales y federales para debilitar nuestra organizaci\u00f3n comunitaria.<\/li>\n\n\n\n<li>La criminalizaci\u00f3n y violencia contra defensores y defensoras de derechos humanos y del territorio.<\/li>\n\n\n\n<li>El uso de programas oficiales y consultas manipuladas para legitimar el despojo.<\/li>\n\n\n\n<li>La concesi\u00f3n de pozos petroleros en Benem\u00e9rito, que destruye ecosistemas y pone en riesgo la salud y la vida de las comunidades ribere\u00f1as.<\/li>\n\n\n\n<li>El avance del narcopoder y los grupos armados, que generan miedo, desplazamiento y control territorial.<\/li>\n\n\n\n<li>Las desigualdades y violencias que viven las mujeres ind\u00edgenas, que hoy recordamos especialmente en este D\u00eda Internacional de la Eliminaci\u00f3n de la Violencia contra la Mujer.<\/li>\n<\/ul>\n\n\n\n<p>Por otra parte: celebramos con alegr\u00eda la liberaci\u00f3n de los compa\u00f1eros de San Juan Cancuc, encarcelados injustamente. Pero afirmamos con claridad: la justicia no se agota con su libertad; exigimos reparaci\u00f3n, garant\u00edas y el fin de la criminalizaci\u00f3n a los pueblos originarios.<\/p>\n\n\n\n<p>Exigimos tambi\u00e9n:<\/p>\n\n\n\n<ul class=\"wp-block-list\">\n<li>Que sean liberados Pedro Cortez L\u00f3pez y Diego Mendoza Cruz, compa\u00f1eros tzeltales, sentenciados injustamente a 110 a\u00f1os de prisi\u00f3n.<\/li>\n\n\n\n<li>Que el Estado mexicano respete nuestro derecho a la libre determinaci\u00f3n, la autonom\u00eda y nuestros sistemas normativos propios.<\/li>\n\n\n\n<li>Que se cancele definitivamente el proyecto de la autopista San Crist\u00f3bal\u2013Palenque.<\/li>\n\n\n\n<li>Que se detengan los megaproyectos extractivistas en todo el territorio maya, zoque y chol.<\/li>\n\n\n\n<li>Que en los espacios internacionales como la COP 30, se escuchen las voces de los pueblos originarios y se reconozca nuestro papel fundamental en la defensa de la Madre Tierra.<\/li>\n<\/ul>\n\n\n\n<p>En estos doce a\u00f1os hemos aprendido que la fuerza de los pueblos est\u00e1 en el arraigo a la tierra, en la memoria, en la espiritualidad y en la organizaci\u00f3n comunitaria. Somos pueblos que caminan con un solo coraz\u00f3n, que cuidan el agua, el ma\u00edz, las monta\u00f1as y la vida que sostiene a todas y todos.<\/p>\n\n\n\n<p>Hoy honramos la memoria del Jtatic Marcelo P\u00e9rez, su esp\u00edritu sigue acompa\u00f1ando y fortaleciendo nuestra lucha. \u00c9l nos ense\u00f1\u00f3 que no hay que tener miedo cuando se camina con dignidad, con la palabra verdadera y con el compromiso por la paz y la justicia.<\/p>\n\n\n\n<p>Llamamos a los pueblos de Chiapas, de M\u00e9xico y del mundo a seguir tejiendo resistencias, a caminar juntos por la vida y a defender la casa com\u00fan frente al modelo que descarta la vida de los pueblos por los intereses de los poderosos.<\/p>\n\n\n\n<p class=\"has-text-align-center\">A 12 a\u00f1os de levantar nuestra voz, afirmamos con claridad<br>\u00a1La tierra no se vende, se ama y se defiende!<br>\u00a1No a los proyectos de muerte!<br>\u00a1S\u00ed a la vida, s\u00ed al territorio, s\u00ed a la autonom\u00eda!<br>\u00a1Viva la resistencia de los pueblos originarios!<br>\u00a1Viva la memoria de Juan L\u00f3pez!<br>\u00a1Viva el Jtatic Marcelo!<br>\u00a1Viva el MODEVITE!<\/p>\n\n\n\n<p class=\"has-text-align-center\"><strong>Movimiento en Defensa de la Vida y del Territorio<br>San Juan Cancuc, Chiapas 25 de noviembre de 2025<\/strong><\/p>\n\n\n\n<p><a href=\"https:\/\/frayba.org.mx\/sites\/default\/files\/2025-11\/Comunicado%20Modevite%2025%20noviembre%202025.pdf\">Descarga el Comunicado en PDF<\/a>(189.44 KB)<\/p>\n","protected":false},"excerpt":{"rendered":"<p>Comunicado del MODEVITE12 a\u00f1os caminando con un solo coraz\u00f3n por la defensa de la vida y el territorio San Juan Cancuc, Chiapas, 25 de noviembre de 2025 A los medios de comunicaci\u00f3n nacionales e internacionalesA los Pueblos Ind\u00edgenas en resistencia por la vida y la Madre TierraA\u00a0las organizaciones y centros de derechos humanosA las autoridades [&hellip;]<\/p>\n","protected":false},"author":1,"featured_media":52947,"comment_status":"open","ping_status":"closed","sticky":false,"template":"","format":"standard","meta":{"footnotes":""},"categories":[6,55,958,961,962],"tags":[917,284,1562,567,1561,41,37,148,483],"class_list":["post-52946","post","type-post","status-publish","format-standard","has-post-thumbnail","hentry","category-chiapas","category-frayba","category-megaproyectos","category-mujeres","category-presos","tag-chiapas","tag-criminalizacion","tag-derecos-huanos","tag-megaproyectos","tag-modevite","tag-mujeres","tag-presos-politicos","tag-resistencia","tag-tierra-y-territorio"],"_links":{"self":[{"href":"https:\/\/radiozapatista.org\/index.php?rest_route=\/wp\/v2\/posts\/52946","targetHints":{"allow":["GET"]}}],"collection":[{"href":"https:\/\/radiozapatista.org\/index.php?rest_route=\/wp\/v2\/posts"}],"about":[{"href":"https:\/\/radiozapatista.org\/index.php?rest_route=\/wp\/v2\/types\/post"}],"author":[{"embeddable":true,"href":"https:\/\/radiozapatista.org\/index.php?rest_route=\/wp\/v2\/users\/1"}],"replies":[{"embeddable":true,"href":"https:\/\/radiozapatista.org\/index.php?rest_route=%2Fwp%2Fv2%2Fcomments&post=52946"}],"version-history":[{"count":1,"href":"https:\/\/radiozapatista.org\/index.php?rest_route=\/wp\/v2\/posts\/52946\/revisions"}],"predecessor-version":[{"id":52948,"href":"https:\/\/radiozapatista.org\/index.php?rest_route=\/wp\/v2\/posts\/52946\/revisions\/52948"}],"wp:featuredmedia":[{"embeddable":true,"href":"https:\/\/radiozapatista.org\/index.php?rest_route=\/wp\/v2\/media\/52947"}],"wp:attachment":[{"href":"https:\/\/radiozapatista.org\/index.php?rest_route=%2Fwp%2Fv2%2Fmedia&parent=52946"}],"wp:term":[{"taxonomy":"category","embeddable":true,"href":"https:\/\/radiozapatista.org\/index.php?rest_route=%2Fwp%2Fv2%2Fcategories&post=52946"},{"taxonomy":"post_tag","embeddable":true,"href":"https:\/\/radiozapatista.org\/index.php?rest_route=%2Fwp%2Fv2%2Ftags&post=52946"}],"curies":[{"name":"wp","href":"https:\/\/api.w.org\/{rel}","templated":true}]}}