{"id":52942,"date":"2025-11-26T08:10:01","date_gmt":"2025-11-26T14:10:01","guid":{"rendered":"https:\/\/radiozapatista.org\/?p=52942"},"modified":"2025-11-26T08:10:55","modified_gmt":"2025-11-26T14:10:55","slug":"noticias-de-abajo-25-11-2025","status":"publish","type":"post","link":"https:\/\/radiozapatista.org\/?p=52942","title":{"rendered":"Noticias de Abajo 25\/11\/2025"},"content":{"rendered":"<p>[podcast]https:\/\/archive.org\/download\/noticiasdeabajo_25_11_2025\/noticiasdeabajo_25_11_2025.mp3[\/podcast]<\/p>\n\n\n<h4 class=\"wp-block-heading\">Rompiendo fronteras:&nbsp;&nbsp;<\/h4>\n\n\n\n<p><strong>Bolivia<\/strong>: El presidente<em>\u00a0Rodrigo Paz\u00a0<\/em>elimina el Ministerio de Ambiente y agua, poniendolo bajo control de intereses capitalistas y extractivistas. Colectivos ambientales, acad\u00e9micos y representantes de la sociedad civil boliviana manifiestan su preocupaci\u00f3n. Fuente: Mongabay<\/p>\n\n\n\n<p><strong>Israel<\/strong>: No cesa de usar la violencia, bombardeos en Syria, Libano y Gaza contra poblaciones civiles por parte de las Fuerzas de Defensa de Israel, medio oriente bajo la violencia colonial. Fuente: Resumen latinoamericano<\/p>\n\n\n\n<p><strong>Chile<\/strong>: Brutalidad policial en contra de miembros de comunidades Mapuche de Ercilla, sostenido el clima represivo por el Estado Chileno. Fuente: Radio Kurruf<\/p>\n\n\n\n<p><strong>PRESXS POL\u00cdTCOS<\/strong>: Evento por la libertad de Mumia Abu Jamal y en homenaje a Carolina Salda\u00f1a, ambos periodistas que luchan por los derechos de todas y todos. Fuente: Amigos de Mumia M\u00e9xico<\/p>\n\n\n\n<h4 class=\"wp-block-heading\">Desde el ombligo del monstruo&nbsp;<\/h4>\n\n\n\n<p><strong>OAXACA<\/strong>: Gobierno Estatal de Oaxaca clasifica comunidad perseguida como &#8220;Foco Rojo&#8221; lo cual pone en riesgo a activistas, comuneras y comuneros organizados por la libertad de sus perseguidos.\u00a0Fuente: Observatorio Memoria y Libertad<\/p>\n\n\n\n<p><strong>Chiapas<\/strong>:\u00a0Libres, los cinco defensores tseltales de San Juan Cancuc, presos desde 2022. Cientos de ind\u00edgenas han pasado por las c\u00e1rceles de Chiapas por cargos fabricados. Fuente: Desinformemonos<\/p>\n\n\n\n<p><strong>Michoac\u00e1n<\/strong>: <strong>Muere comunera por heridas de bala e indebida atenci\u00f3n de hospitales de Michoac\u00e1n.<\/strong> Roxana Valent\u00edn C\u00e1rdenas, comunera de San Andr\u00e9s Tzir\u00f3ndaro, perdi\u00f3 la vida por heridas de bala y una indebida atenci\u00f3n en hospitales de Michoac\u00e1n, luego de que un grupo armado agrediera una movilizaci\u00f3n de comunidades pur\u00e9pechas por el 46 aniversario de la defensa de la tierra en Santa Fe de la Laguna. Fuente: La Cooperacha, Consejo Supremo Ind\u00edgena<\/p>\n\n\n\n<p><strong>CDMX, XOCHIMILCO<\/strong>: Amenazas de muerte ponen en alerta a activistas en el sur de la Ciudad, el acoso contra\u00a0 el periodista Max Negrete ha aumentado. Desde el martes 18 de noviembre, el periodista comunitario, Max Emiliano Negrete Gonz\u00e1lez, recibi\u00f3 tres mensajes con amenazas de muerte, a trav\u00e9s de la red social Instagram, por parte de cuentas reci\u00e9n creadas, sin fotograf\u00edas de perfil y con nombres que hacen alusi\u00f3n a un da\u00f1o a la integridad y vida del periodista. Fuente: Articulo 19<\/p>\n\n\n\n<h4 class=\"wp-block-heading\">FORO INFORMATIVO: LOS PELIGROS DE LA MINER\u00cdA EN LOS PUEBLOS \u00d1UU SAVI, NAHUA E INGIWA\u00a0<\/h4>\n\n\n\n<p>Los Peligros de la Miner\u00eda en los pueblos \u00d1uu Savi, Nahua e Inwiga, busca abrir un espacio de an\u00e1lisis, di\u00e1logo y acci\u00f3n colectiva, por lo que nos reuniremos con el objetivo de: Analizar de manera colectiva los impactos sociales, ambientales y culturales de la miner\u00eda en los territorios de los pueblos \u00d1uu Savi, Nahua e Ingiwa y construir estrategias conjuntas que fortalezcan su defensa y la continuidad de la vida comunitaria.<\/p>\n\n\n\n<h4 class=\"wp-block-heading\">ZONA TECNOACRATA<\/h4>\n\n\n\n<p>Modelos de lenguaje de Iinteligencia Artificial rechazan nuevos paradigmas y favorecen est status quo, validando discursos que se basan en el consenso y no en la realidad, dicha raz\u00f3n es la causa de respuestas falsas, justificar con argumentos falsos su sostenimiento de la realidad.<\/p>\n","protected":false},"excerpt":{"rendered":"<p>[podcast]https:\/\/archive.org\/download\/noticiasdeabajo_25_11_2025\/noticiasdeabajo_25_11_2025.mp3[\/podcast] Rompiendo fronteras:&nbsp;&nbsp; Bolivia: El presidente\u00a0Rodrigo Paz\u00a0elimina el Ministerio de Ambiente y agua, poniendolo bajo control de intereses capitalistas y extractivistas. Colectivos ambientales, acad\u00e9micos y representantes de la sociedad civil boliviana manifiestan su preocupaci\u00f3n. Fuente: Mongabay Israel: No cesa de usar la violencia, bombardeos en Syria, Libano y Gaza contra poblaciones civiles por parte de [&hellip;]<\/p>\n","protected":false},"author":1,"featured_media":52943,"comment_status":"open","ping_status":"closed","sticky":false,"template":"","format":"standard","meta":{"footnotes":""},"categories":[1,6,1284,826,958,954,961,953,1327,962],"tags":[579,68,917,85,1103,1210,1097,72,918,112,948,37,87],"class_list":["post-52942","post","type-post","status-publish","format-standard","has-post-thumbnail","hentry","category-audio","category-chiapas","category-latinoamerica","category-medios-libres-2","category-megaproyectos","category-mexico","category-mujeres","category-mundo","category-palestina","category-presos","tag-agua","tag-bolivia","tag-chiapas","tag-chile","tag-gaza","tag-israel","tag-mapuches","tag-mumia-abu-jamal","tag-oaxaca","tag-palestina","tag-presos","tag-presos-politicos","tag-represion"],"_links":{"self":[{"href":"https:\/\/radiozapatista.org\/index.php?rest_route=\/wp\/v2\/posts\/52942","targetHints":{"allow":["GET"]}}],"collection":[{"href":"https:\/\/radiozapatista.org\/index.php?rest_route=\/wp\/v2\/posts"}],"about":[{"href":"https:\/\/radiozapatista.org\/index.php?rest_route=\/wp\/v2\/types\/post"}],"author":[{"embeddable":true,"href":"https:\/\/radiozapatista.org\/index.php?rest_route=\/wp\/v2\/users\/1"}],"replies":[{"embeddable":true,"href":"https:\/\/radiozapatista.org\/index.php?rest_route=%2Fwp%2Fv2%2Fcomments&post=52942"}],"version-history":[{"count":2,"href":"https:\/\/radiozapatista.org\/index.php?rest_route=\/wp\/v2\/posts\/52942\/revisions"}],"predecessor-version":[{"id":52945,"href":"https:\/\/radiozapatista.org\/index.php?rest_route=\/wp\/v2\/posts\/52942\/revisions\/52945"}],"wp:featuredmedia":[{"embeddable":true,"href":"https:\/\/radiozapatista.org\/index.php?rest_route=\/wp\/v2\/media\/52943"}],"wp:attachment":[{"href":"https:\/\/radiozapatista.org\/index.php?rest_route=%2Fwp%2Fv2%2Fmedia&parent=52942"}],"wp:term":[{"taxonomy":"category","embeddable":true,"href":"https:\/\/radiozapatista.org\/index.php?rest_route=%2Fwp%2Fv2%2Fcategories&post=52942"},{"taxonomy":"post_tag","embeddable":true,"href":"https:\/\/radiozapatista.org\/index.php?rest_route=%2Fwp%2Fv2%2Ftags&post=52942"}],"curies":[{"name":"wp","href":"https:\/\/api.w.org\/{rel}","templated":true}]}}